{"id":52029,"date":"2020-07-04T23:53:17","date_gmt":"2020-07-04T23:53:17","guid":{"rendered":"http:\/\/diariodominicano.ddns.net\/?p=52029"},"modified":"2020-07-04T23:53:17","modified_gmt":"2020-07-04T23:53:17","slug":"santiago-espaillat-rechaza-la-presidencia-de-la-republica","status":"publish","type":"post","link":"https:\/\/diariodominicano.com\/?p=52029","title":{"rendered":"Santiago Espaillat  rechaza la Presidencia de la Rep\u00fablica"},"content":{"rendered":"<p><body><\/p>\n<p><strong>Santiago Espaillat  la Presidencia de la Rep\u00fablica<\/strong><\/p>\n<p><strong>SANTO DOMINGO, el  5 de julio de 1849<\/strong>, en elecciones convocadas por el general Pedro Santana, encargado del Poder Ejecutivo, fue electo presidente de la Rep\u00fablica el ciudadano Santiago Espaillat, quien de inmediato declin\u00f3 el cargo.<\/p>\n<\/p>\n<p>    Santiago Espaillat,  dijo que tomaba la decisi\u00f3n por  razones de edad y de salud que no le permit\u00edan  asumir la jefatura del Estado. El se\u00f1or Espaillat hab\u00eda sido escogido para el cargo por el Presidente Pedro Santana. <\/p>\n<\/p>\n<p>El historiador Frank Moya Pons, en su obra  Manual de Historia Dominicana, expresa el criterio de  que declin\u00f3 la Presidencia a conciencia de que si no lo hac\u00eda se convertir\u00eda en un t\u00edtere del Jefe del Ej\u00e9rcito.<\/p>\n<\/p>\n<p>    Ante esa situaci\u00f3n, el Congreso convoc\u00f3 a nuevas elecciones para el 5 de agosto de 1849.<\/p>\n<\/p>\n<p>    Pedro Santana manten\u00eda el control del Poder Ejecutivo desde el d\u00eda 30 de mayo de 1849, luego que provoc\u00f3 la renuncia del Presidente Manuel Jimenes, el d\u00eda 29 de mayo.<\/p>\n<\/p>\n<p>   Cuando Pedro Santana se hizo cargo del Poder Ejecutivo el 30 de mayo de 1849, proclam\u00f3 que lo hizo \u00abpor mandato de los pueblos y el Ej\u00e9rcito\u00bb.<\/p>\n<\/p>\n<p>   Durante ese per\u00edodo desat\u00f3 una campa\u00f1a de represi\u00f3n contra sus adversarios. Algunos pudieron salir al exilio.<\/p>\n<\/p>\n<p>   Al tratar sobre el motivo de Santiago Espaillat, para no aceptar la elecci\u00f3n presidencial, el historiador Rufino Mart\u00ednez sostiene en su obra  \u00abDiccionario Biogr\u00e1fico-Hist\u00f3rico Dominicano 1821-1930,  que como era de avanzada edad y hombre de honrado criterio pol\u00edtico en cuanto al valer personal entre quienes se mov\u00eda, puso de pretexto para no aceptar el cargo, su ancianidad, falta de salud, de riqueza y de los instintos adecuados a la vida p\u00fablica.<\/p>\n<\/p>\n<h6> 2020-07-04 23:53:17 <\/h6>\n<p><!--\n<link rel=\"stylesheet\" href=\"css\/bootstrap.min.css\">\n\n\n<ul class=\"pagination\">\n\t    \n\t\n\n<li >\n\t<a href='?page_no=440'>Previous<\/a>\n\t<\/li>\n\n\n       \n    \n\n<li><a href='?page_no=1'>1<\/a><\/li>\n\n\n\n<li><a href='?page_no=2'>2<\/a><\/li>\n\n\n\n<li><a>...<\/a><\/li>\n\n\n\n<li><a href='?page_no=439'>439<\/a><\/li>\n\n\n\n<li><a href='?page_no=440'>440<\/a><\/li>\n\n\n\n<li class='active'><a>441<\/a><\/li>\n\n\n\n<li><a href='?page_no=442'>442<\/a><\/li>\n\n\n\n<li><a href='?page_no=443'>443<\/a><\/li>\n\n\n\n<li><a>...<\/a><\/li>\n\n\n\n<li><a href='?page_no=22911'>22911<\/a><\/li>\n\n\n\n<li><a href='?page_no=22912'>22912<\/a><\/li>\n\n    \n\t\n\n<li >\n\t<a href='?page_no=442'>Next<\/a>\n\t<\/li>\n\n\n    \n\n<li><a href='?page_no=22912'>Last &rsaquo;&rsaquo;<\/a><\/li>\n\n<\/ul>\n\n\n--><br \/>\n<\/body><\/p>\n","protected":false},"excerpt":{"rendered":"<p>Santiago Espaillat la Presidencia de la Rep\u00fablica SANTO DOMINGO, el 5 de julio de 1849, en elecciones convocadas por el general Pedro Santana, encargado del Poder Ejecutivo, fue electo presidente de la Rep\u00fablica el ciudadano Santiago Espaillat, quien de inmediato declin\u00f3 el cargo. Santiago Espaillat, dijo que tomaba la decisi\u00f3n por razones de edad y [&hellip;]<\/p>\n","protected":false},"author":3,"featured_media":0,"comment_status":"open","ping_status":"open","sticky":false,"template":"","format":"standard","meta":{"footnotes":""},"categories":[21],"tags":[],"class_list":["post-52029","post","type-post","status-publish","format-standard","hentry","category-cultura"],"_links":{"self":[{"href":"https:\/\/diariodominicano.com\/index.php?rest_route=\/wp\/v2\/posts\/52029","targetHints":{"allow":["GET"]}}],"collection":[{"href":"https:\/\/diariodominicano.com\/index.php?rest_route=\/wp\/v2\/posts"}],"about":[{"href":"https:\/\/diariodominicano.com\/index.php?rest_route=\/wp\/v2\/types\/post"}],"author":[{"embeddable":true,"href":"https:\/\/diariodominicano.com\/index.php?rest_route=\/wp\/v2\/users\/3"}],"replies":[{"embeddable":true,"href":"https:\/\/diariodominicano.com\/index.php?rest_route=%2Fwp%2Fv2%2Fcomments&post=52029"}],"version-history":[{"count":0,"href":"https:\/\/diariodominicano.com\/index.php?rest_route=\/wp\/v2\/posts\/52029\/revisions"}],"wp:attachment":[{"href":"https:\/\/diariodominicano.com\/index.php?rest_route=%2Fwp%2Fv2%2Fmedia&parent=52029"}],"wp:term":[{"taxonomy":"category","embeddable":true,"href":"https:\/\/diariodominicano.com\/index.php?rest_route=%2Fwp%2Fv2%2Fcategories&post=52029"},{"taxonomy":"post_tag","embeddable":true,"href":"https:\/\/diariodominicano.com\/index.php?rest_route=%2Fwp%2Fv2%2Ftags&post=52029"}],"curies":[{"name":"wp","href":"https:\/\/api.w.org\/{rel}","templated":true}]}}