{"id":520279,"date":"2024-04-02T15:02:18","date_gmt":"2024-04-02T19:02:18","guid":{"rendered":"https:\/\/diariodominicano.com\/?p=520279"},"modified":"2024-04-02T15:02:18","modified_gmt":"2024-04-02T19:02:18","slug":"designan-a-ulises-cruz-rodriguez-como-director-general-del-proindustria","status":"publish","type":"post","link":"https:\/\/diariodominicano.com\/?p=520279","title":{"rendered":"Designan a Ulises Cruz Rodr\u00edguez como director general del Proindustria"},"content":{"rendered":"\n<p>diariodominicano.com<\/p>\n\n\n\n<p>Santo Domingo, R. D.,\u20022 de abril, 2024.- Mediante el\u00a0<a href=\"https:\/\/presidencia.gob.do\/decretos\/166-24\"><strong>Decreto 166-24<\/strong><\/a><strong>,<\/strong>\u00a0el presidente Luis Abinader design\u00f3 a\u00a0<strong>Rafael Ulises Cruz Rodr\u00edguez<\/strong>\u00a0como director general del Centro de Desarrollo y Competitividad Industrial\u00a0<strong>(Proindustria)<\/strong>.<\/p>\n\n\n<div class=\"wp-block-image\">\n<figure class=\"alignleft size-large is-resized\"><img loading=\"lazy\" decoding=\"async\" width=\"1024\" height=\"576\" src=\"https:\/\/diariodominicano.com\/wp-content\/uploads\/2024\/04\/PROINDUSTRIA-Fachada--1024x576.jpg\" alt=\"\" class=\"wp-image-520281\" style=\"width:274px;height:auto\" srcset=\"https:\/\/diariodominicano.com\/wp-content\/uploads\/2024\/04\/PROINDUSTRIA-Fachada--1024x576.jpg 1024w, https:\/\/diariodominicano.com\/wp-content\/uploads\/2024\/04\/PROINDUSTRIA-Fachada--300x169.jpg 300w, https:\/\/diariodominicano.com\/wp-content\/uploads\/2024\/04\/PROINDUSTRIA-Fachada--768x432.jpg 768w, https:\/\/diariodominicano.com\/wp-content\/uploads\/2024\/04\/PROINDUSTRIA-Fachada--816x459.jpg 816w, https:\/\/diariodominicano.com\/wp-content\/uploads\/2024\/04\/PROINDUSTRIA-Fachada-.jpg 1300w\" sizes=\"auto, (max-width: 1024px) 100vw, 1024px\" \/><\/figure>\n<\/div>\n\n\n<p>Cruz Rodr\u00edguez es&nbsp; pol\u00edtico, abogado, secretario general nacional del Partido Reformista y expresidente de dicha organizaci\u00f3n en el municipio de Santiago. Fue&nbsp;<strong>regidor y presidente del Ayuntamiento de Santiago<\/strong>&nbsp;en los per\u00edodos 2006-2010, 2010-2016 y 2016-2020; adem\u00e1s director ejecutivo del Estudio Jur\u00eddico \u201cLic. Rafael Cruz &amp; Asocs\u201d.<\/p>\n\n\n\n<p>El licenciado Rafael Cruz naci\u00f3 en la ciudad de Santiago de los Caballeros. Estudi\u00f3 derecho en la Universidad Tecnol\u00f3gica de Santiago (UTESA) 1997, postgrado y maestr\u00eda en Derecho Procesal Civil de la Pontificia Universidad Cat\u00f3lica Madre y Maestra (PUCMM) 2002-2006, diplomado en Ordenamiento Territorial (Universidad-Flacso-Costa Rica), diplomado Gerencia Electoral (Konrad and ODCA-M\u00e9xico).<\/p>\n\n\n\n<p>En el a\u00f1o 2008 fue electo a unanimidad presidente de la Sala Capitular del Ayuntamiento del Municipio de Santiago de los Caballeros, segunda ciudad en importancia del pa\u00eds, con lo cual se convirti\u00f3 en\u00a0<strong>uno de los m\u00e1s j\u00f3venes regidores<\/strong>\u00a0en ocupar esta posici\u00f3n en la historia de esta ciudad y fue reelecto en el a\u00f1o 2009. En el a\u00f1o 2013 logr\u00f3 por tercera ocasi\u00f3n la Presidencia del Ayuntamiento de Santiago. Tambi\u00e9n trabaj\u00f3 con el Consejo de Desarrollo Estrat\u00e9gico para la formulaci\u00f3n del Plan Estrat\u00e9gico de Santiago (PES).<\/p>\n\n\n\n<p>Fuente: Direcci\u00f3n de Estrategia y Comunicaci\u00f3n<\/p>\n\n\n\n<p>Ministerio Administrativo de la Presidencia de la Rep\u00fablica Dominicana<\/p>\n","protected":false},"excerpt":{"rendered":"<p>diariodominicano.com Santo Domingo, R. D.,\u20022 de abril, 2024.- Mediante el\u00a0Decreto 166-24,\u00a0el presidente Luis Abinader design\u00f3 a\u00a0Rafael Ulises Cruz Rodr\u00edguez\u00a0como director general del Centro de Desarrollo y Competitividad Industrial\u00a0(Proindustria). Cruz Rodr\u00edguez es&nbsp; pol\u00edtico, abogado, secretario general nacional del Partido Reformista y expresidente de dicha organizaci\u00f3n en el municipio de Santiago. Fue&nbsp;regidor y presidente del Ayuntamiento de [&hellip;]<\/p>\n","protected":false},"author":5,"featured_media":520280,"comment_status":"closed","ping_status":"","sticky":true,"template":"","format":"standard","meta":{"footnotes":""},"categories":[20,27],"tags":[],"class_list":["post-520279","post","type-post","status-publish","format-standard","has-post-thumbnail","hentry","category-dominicana-hoy","category-portada"],"_links":{"self":[{"href":"https:\/\/diariodominicano.com\/index.php?rest_route=\/wp\/v2\/posts\/520279","targetHints":{"allow":["GET"]}}],"collection":[{"href":"https:\/\/diariodominicano.com\/index.php?rest_route=\/wp\/v2\/posts"}],"about":[{"href":"https:\/\/diariodominicano.com\/index.php?rest_route=\/wp\/v2\/types\/post"}],"author":[{"embeddable":true,"href":"https:\/\/diariodominicano.com\/index.php?rest_route=\/wp\/v2\/users\/5"}],"replies":[{"embeddable":true,"href":"https:\/\/diariodominicano.com\/index.php?rest_route=%2Fwp%2Fv2%2Fcomments&post=520279"}],"version-history":[{"count":1,"href":"https:\/\/diariodominicano.com\/index.php?rest_route=\/wp\/v2\/posts\/520279\/revisions"}],"predecessor-version":[{"id":520282,"href":"https:\/\/diariodominicano.com\/index.php?rest_route=\/wp\/v2\/posts\/520279\/revisions\/520282"}],"wp:featuredmedia":[{"embeddable":true,"href":"https:\/\/diariodominicano.com\/index.php?rest_route=\/wp\/v2\/media\/520280"}],"wp:attachment":[{"href":"https:\/\/diariodominicano.com\/index.php?rest_route=%2Fwp%2Fv2%2Fmedia&parent=520279"}],"wp:term":[{"taxonomy":"category","embeddable":true,"href":"https:\/\/diariodominicano.com\/index.php?rest_route=%2Fwp%2Fv2%2Fcategories&post=520279"},{"taxonomy":"post_tag","embeddable":true,"href":"https:\/\/diariodominicano.com\/index.php?rest_route=%2Fwp%2Fv2%2Ftags&post=520279"}],"curies":[{"name":"wp","href":"https:\/\/api.w.org\/{rel}","templated":true}]}}