{"id":520251,"date":"2024-04-02T13:22:45","date_gmt":"2024-04-02T17:22:45","guid":{"rendered":"https:\/\/diariodominicano.com\/?p=520251"},"modified":"2024-04-02T13:22:45","modified_gmt":"2024-04-02T17:22:45","slug":"condenan-a-dos-anos-de-prision-a-nacional-haitiano-por-corte-y-quema-de-arboles-en-el-seibo","status":"publish","type":"post","link":"https:\/\/diariodominicano.com\/?p=520251","title":{"rendered":"Condenan a dos a\u00f1os de prisi\u00f3n a nacional haitiano por corte y quema de \u00e1rboles en El Seibo\u00a0"},"content":{"rendered":"\n<p>diariodominicano.com<\/p>\n\n\n\n<p><strong>Santo Domingo, R. D., 2 de abril, 2024.-<\/strong>\u00a0La Procuradur\u00eda Especializada para la Defensa del Medio Ambiente y los Recursos Naturales (Proedemaren) en La Romana logr\u00f3 una condena de dos a\u00f1os de prisi\u00f3n en contra de un ciudadano haitiano, por la violaci\u00f3n a las disposiciones de la Ley General de Medio Ambiente y Recursos Naturales (64-00) y la Ley Sectorial Forestal de Rep\u00fablica Dominicana (57-18).<\/p>\n\n\n\n<p>La condena fue dictada por el Tribunal Unipersonal del distrito judicial de El Seibo, en contra de Yoni Pie Yan, quien fue arrestado 19 de octubre del a\u00f1o 2023, por miembros del Servicio de Protecci\u00f3n Ambiental (SENPA),&nbsp; cuando fue sorprendido en el paraje el Carao, secci\u00f3n la Cuchilla,&nbsp; del municipio de El Seibo,&nbsp; realizando quema de material org\u00e1nico,&nbsp; corte y envenenamiento de \u00e1rboles, entre los que se encuentran 14 de la especie javilla y 16 de la especie jobo, sin contar con autorizaci\u00f3n del Ministerio de Medio Ambiente y Recursos Naturales.&nbsp;<\/p>\n\n\n\n<p>El Ministerio P\u00fablico representado por el procurador Richard Guilamo Cedano, coordinador de la Proedemaren en La Romana y El Seibo, quien demostr\u00f3 la responsabilidad penal del procesado por los hechos cometidos en detrimento del medio ambiente y los recursos naturales.<\/p>\n\n\n\n<p>Por disposici\u00f3n del tribunal, Pie Yan fue condenado a cumplir cinco meses en prisi\u00f3n y 1 a\u00f1o y 7 meses suspensivo bajo las siguientes condiciones:<\/p>\n\n\n\n<p>Primero: residir en el domicilio ofertado en el proceso; Segundo: Sembrar 50 \u00e1rboles y Tercero: abstenerse de cortar o quemar \u00e1rboles, sin la debida autorizaci\u00f3n del Ministerio de Medio Ambiente y Recursos Naturales.<\/p>\n\n\n\n<p><strong>Direcci\u00f3n General de Comunicaci\u00f3n, Prensa, y RRPP<\/strong><strong><\/strong><\/p>\n\n\n\n<p>Ministerio P\u00fablico.&nbsp;R.D.<\/p>\n\n\n\n<p>Martes, 2 de abril de 2024<\/p>\n","protected":false},"excerpt":{"rendered":"<p>diariodominicano.com Santo Domingo, R. D., 2 de abril, 2024.-\u00a0La Procuradur\u00eda Especializada para la Defensa del Medio Ambiente y los Recursos Naturales (Proedemaren) en La Romana logr\u00f3 una condena de dos a\u00f1os de prisi\u00f3n en contra de un ciudadano haitiano, por la violaci\u00f3n a las disposiciones de la Ley General de Medio Ambiente y Recursos Naturales [&hellip;]<\/p>\n","protected":false},"author":5,"featured_media":501159,"comment_status":"closed","ping_status":"","sticky":true,"template":"","format":"standard","meta":{"footnotes":""},"categories":[20,24,27],"tags":[],"class_list":["post-520251","post","type-post","status-publish","format-standard","has-post-thumbnail","hentry","category-dominicana-hoy","category-justicia-y-derecho","category-portada"],"_links":{"self":[{"href":"https:\/\/diariodominicano.com\/index.php?rest_route=\/wp\/v2\/posts\/520251","targetHints":{"allow":["GET"]}}],"collection":[{"href":"https:\/\/diariodominicano.com\/index.php?rest_route=\/wp\/v2\/posts"}],"about":[{"href":"https:\/\/diariodominicano.com\/index.php?rest_route=\/wp\/v2\/types\/post"}],"author":[{"embeddable":true,"href":"https:\/\/diariodominicano.com\/index.php?rest_route=\/wp\/v2\/users\/5"}],"replies":[{"embeddable":true,"href":"https:\/\/diariodominicano.com\/index.php?rest_route=%2Fwp%2Fv2%2Fcomments&post=520251"}],"version-history":[{"count":1,"href":"https:\/\/diariodominicano.com\/index.php?rest_route=\/wp\/v2\/posts\/520251\/revisions"}],"predecessor-version":[{"id":520252,"href":"https:\/\/diariodominicano.com\/index.php?rest_route=\/wp\/v2\/posts\/520251\/revisions\/520252"}],"wp:featuredmedia":[{"embeddable":true,"href":"https:\/\/diariodominicano.com\/index.php?rest_route=\/wp\/v2\/media\/501159"}],"wp:attachment":[{"href":"https:\/\/diariodominicano.com\/index.php?rest_route=%2Fwp%2Fv2%2Fmedia&parent=520251"}],"wp:term":[{"taxonomy":"category","embeddable":true,"href":"https:\/\/diariodominicano.com\/index.php?rest_route=%2Fwp%2Fv2%2Fcategories&post=520251"},{"taxonomy":"post_tag","embeddable":true,"href":"https:\/\/diariodominicano.com\/index.php?rest_route=%2Fwp%2Fv2%2Ftags&post=520251"}],"curies":[{"name":"wp","href":"https:\/\/api.w.org\/{rel}","templated":true}]}}