{"id":520218,"date":"2024-04-02T11:04:31","date_gmt":"2024-04-02T15:04:31","guid":{"rendered":"https:\/\/diariodominicano.com\/?p=520218"},"modified":"2024-04-02T11:07:00","modified_gmt":"2024-04-02T15:07:00","slug":"alfredo-pacheco-sobre-muerte-de-su-hijo-esta-bajo-investigacion","status":"publish","type":"post","link":"https:\/\/diariodominicano.com\/?p=520218","title":{"rendered":"Alfredo Pacheco sobre muerte de su hijo: Est\u00e1 bajo investigaci\u00f3n"},"content":{"rendered":"\n<p>Alfredo Pacheco presidente de la C\u00e1mara de Diputados<\/p>\n\n\n\n<p><a href=\"https:\/\/www.elcaribe.com.do\/autor\/elcaribe\/\"><\/a><\/p>\n\n\n\n<p><strong><a href=\"https:\/\/www.elcaribe.com.do\/autor\/elcaribe\/\">El Caribe<\/a><\/strong><a href=\"https:\/\/www.elcaribe.com.do\/panorama\/pais\/alfredo-pacheco-sobre-muerte-de-su-hijo-esta-bajo-investigacion\/\"><time datetime=\"2024-04-02T09:17:47-04:00\">2 abril, 2024<\/time><\/a><\/p>\n\n\n\n<p><img decoding=\"async\" src=\"https:\/\/platform-cdn.sharethis.com\/img\/facebook.svg\" alt=\"facebook sharing button\"><\/p>\n\n\n\n<figure class=\"wp-block-image\"><img decoding=\"async\" src=\"https:\/\/platform-cdn.sharethis.com\/img\/telegram.svg\" alt=\"telegram sharing button\"\/><\/figure>\n\n\n\n<figure class=\"wp-block-table\"><table><tbody><tr><td>ESCUCHA ESTA NOTICIA<audio preload=\"none\"><\/audio><\/td><\/tr><\/tbody><\/table><\/figure>\n\n\n\n<p>El presidente de la C\u00e1mara Baja, Alfredo Pacheco, dijo el martes que la muerte de su hijo Luis Alfredo Pacheco est\u00e1 siendo investigado por las autoridades.<\/p>\n\n\n\n<h2 class=\"wp-block-heading\" id=\"h-le-recomendamos-leer-hijo-de-alfredo-pacheco-muere-en-medio-de-balacera-en-houston\"><strong>Le recomendamos leer:&nbsp;<a href=\"https:\/\/www.elcaribe.com.do\/panorama\/pais\/hijo-de-alfredo-pacheco-muere-en-medio-de-balacera-en-houston\/\">Hijo de Alfredo Pacheco muere en medio de balacera en Houston<\/a><\/strong><\/h2>\n\n\n\n<p>Pacheco comparti\u00f3 un mensaje en su cuenta de Twitter, en la cual agradeci\u00f3 sinceramente a los amigos y colegas por su solidaridad en este momento dif\u00edcil.<ins><\/ins><\/p>\n\n\n\n<figure class=\"wp-block-image\"><img decoding=\"async\" src=\"https:\/\/adserver.latinon.com\/revive\/www\/delivery\/lg.php?bannerid=0&amp;campaignid=0&amp;zoneid=87&amp;loc=https%3A%2F%2Fwww.elcaribe.com.do%2Fpanorama%2Fpais%2Falfredo-pacheco-sobre-muerte-de-su-hijo-esta-bajo-investigacion%2F&amp;referer=https%3A%2F%2Fwww.elcaribe.com.do%2Fpanorama%2Fpais%2Fpolicia-de-houston-detalles-muerte-del-hijo-de-alfredo-pacheco%2F&amp;cb=d3ae8cb6e9\" alt=\"\"\/><\/figure>\n\n\n\n<p>\u00abRespetuosamente solicito comprensi\u00f3n a mis amigos de los medios de comunicaci\u00f3n a quienes mantendr\u00e9 debidamente informados por esta via\u00bb, dijo.<\/p>\n\n\n\n<p>Luis Alfredo muri\u00f3 en una balacera en el Estado de Houston, en los Estados Unidos<\/p>\n\n\n\n<p>Se espera que en la pr\u00f3ximas horas el presidente de la C\u00e1mara Baja, ofrezca una rueda de prensa para referirse al tema.<\/p>\n\n\n\n<p>De acuerdo con Telemundo Internacional, detectives del Departamento de Polic\u00eda de Houston acudieron a la escena en el 2490 South Wayside en el Gulfgate. La polic\u00eda indic\u00f3 que unos cuatro sospechosos se dieron a la fuga.<\/p>\n\n\n\n<p>elCaribe 2 de abril de 2024<\/p>\n\n\n\n<h4 class=\"wp-block-heading\"><\/h4>\n","protected":false},"excerpt":{"rendered":"<p>Alfredo Pacheco presidente de la C\u00e1mara de Diputados El Caribe2 abril, 2024 ESCUCHA ESTA NOTICIA El presidente de la C\u00e1mara Baja, Alfredo Pacheco, dijo el martes que la muerte de su hijo Luis Alfredo Pacheco est\u00e1 siendo investigado por las autoridades. Le recomendamos leer:&nbsp;Hijo de Alfredo Pacheco muere en medio de balacera en Houston Pacheco [&hellip;]<\/p>\n","protected":false},"author":28,"featured_media":520221,"comment_status":"closed","ping_status":"","sticky":false,"template":"","format":"standard","meta":{"footnotes":""},"categories":[24,29],"tags":[],"class_list":["post-520218","post","type-post","status-publish","format-standard","has-post-thumbnail","hentry","category-justicia-y-derecho","category-policiasucesos"],"_links":{"self":[{"href":"https:\/\/diariodominicano.com\/index.php?rest_route=\/wp\/v2\/posts\/520218","targetHints":{"allow":["GET"]}}],"collection":[{"href":"https:\/\/diariodominicano.com\/index.php?rest_route=\/wp\/v2\/posts"}],"about":[{"href":"https:\/\/diariodominicano.com\/index.php?rest_route=\/wp\/v2\/types\/post"}],"author":[{"embeddable":true,"href":"https:\/\/diariodominicano.com\/index.php?rest_route=\/wp\/v2\/users\/28"}],"replies":[{"embeddable":true,"href":"https:\/\/diariodominicano.com\/index.php?rest_route=%2Fwp%2Fv2%2Fcomments&post=520218"}],"version-history":[{"count":4,"href":"https:\/\/diariodominicano.com\/index.php?rest_route=\/wp\/v2\/posts\/520218\/revisions"}],"predecessor-version":[{"id":520223,"href":"https:\/\/diariodominicano.com\/index.php?rest_route=\/wp\/v2\/posts\/520218\/revisions\/520223"}],"wp:featuredmedia":[{"embeddable":true,"href":"https:\/\/diariodominicano.com\/index.php?rest_route=\/wp\/v2\/media\/520221"}],"wp:attachment":[{"href":"https:\/\/diariodominicano.com\/index.php?rest_route=%2Fwp%2Fv2%2Fmedia&parent=520218"}],"wp:term":[{"taxonomy":"category","embeddable":true,"href":"https:\/\/diariodominicano.com\/index.php?rest_route=%2Fwp%2Fv2%2Fcategories&post=520218"},{"taxonomy":"post_tag","embeddable":true,"href":"https:\/\/diariodominicano.com\/index.php?rest_route=%2Fwp%2Fv2%2Ftags&post=520218"}],"curies":[{"name":"wp","href":"https:\/\/api.w.org\/{rel}","templated":true}]}}