{"id":519868,"date":"2024-04-02T11:29:39","date_gmt":"2024-04-02T15:29:39","guid":{"rendered":"https:\/\/diariodominicano.com\/?p=519868"},"modified":"2024-04-02T11:29:39","modified_gmt":"2024-04-02T15:29:39","slug":"baila-conmigo-fest-lleno-cumplio-y-llego-para-quedarse","status":"publish","type":"post","link":"https:\/\/diariodominicano.com\/?p=519868","title":{"rendered":"Baila Conmigo Fest llen\u00f3, cumpli\u00f3 y lleg\u00f3 para quedarse"},"content":{"rendered":"\n<p>M\u00e1s de 8 mil personas se unieron para bailar durante m\u00e1s de seis horas, junto a Eddy Herrera, Sergio Vargas, Ilegales, Proyecto Uno, Binomio de Oro, Kinito M\u00e9ndez, Rikarena, Fulanito, Diveana y Puerto Rican Power. <\/p>\n\n\n\n<p>Miami vivi\u00f3 una noche para la historia con el Baila Conmigo Fest, donde m\u00e1s de 8 mil personas de todas las edades se unieron para bailar sin parar durante m\u00e1s de seis horas en un evento organizado por CMN.<\/p>\n\n\n\n<figure class=\"wp-block-gallery has-nested-images columns-default is-cropped wp-block-gallery-1 is-layout-flex wp-block-gallery-is-layout-flex\">\n<figure class=\"wp-block-image size-large\"><img loading=\"lazy\" decoding=\"async\" width=\"1024\" height=\"682\" data-id=\"519937\" src=\"https:\/\/diariodominicano.com\/wp-content\/uploads\/2024\/04\/Baila-Conmigo-Fest-llego-para-quedarse-1024x682.jpg\" alt=\"\" class=\"wp-image-519937\" srcset=\"https:\/\/diariodominicano.com\/wp-content\/uploads\/2024\/04\/Baila-Conmigo-Fest-llego-para-quedarse-1024x682.jpg 1024w, https:\/\/diariodominicano.com\/wp-content\/uploads\/2024\/04\/Baila-Conmigo-Fest-llego-para-quedarse-300x200.jpg 300w, https:\/\/diariodominicano.com\/wp-content\/uploads\/2024\/04\/Baila-Conmigo-Fest-llego-para-quedarse-768x512.jpg 768w, https:\/\/diariodominicano.com\/wp-content\/uploads\/2024\/04\/Baila-Conmigo-Fest-llego-para-quedarse-816x544.jpg 816w, https:\/\/diariodominicano.com\/wp-content\/uploads\/2024\/04\/Baila-Conmigo-Fest-llego-para-quedarse.jpg 1280w\" sizes=\"auto, (max-width: 1024px) 100vw, 1024px\" \/><\/figure>\n<\/figure>\n\n\n\n<p>La experiencia \u00fanica marc\u00f3 el inicio de un evento anual imperdible y el comienzo de un festival que crecer\u00e1 a\u00f1o tras a\u00f1o, permitiendo que la m\u00fasica tropical se siga expandiendo.<\/p>\n\n\n\n<figure class=\"wp-block-gallery has-nested-images columns-default is-cropped wp-block-gallery-2 is-layout-flex wp-block-gallery-is-layout-flex\">\n<figure class=\"wp-block-image size-large\"><img loading=\"lazy\" decoding=\"async\" width=\"1024\" height=\"683\" data-id=\"519936\" src=\"https:\/\/diariodominicano.com\/wp-content\/uploads\/2024\/04\/Baila-Conmigo-Fest-lleno-cumplio-1024x683.jpg\" alt=\"\" class=\"wp-image-519936\" srcset=\"https:\/\/diariodominicano.com\/wp-content\/uploads\/2024\/04\/Baila-Conmigo-Fest-lleno-cumplio-1024x683.jpg 1024w, https:\/\/diariodominicano.com\/wp-content\/uploads\/2024\/04\/Baila-Conmigo-Fest-lleno-cumplio-300x200.jpg 300w, https:\/\/diariodominicano.com\/wp-content\/uploads\/2024\/04\/Baila-Conmigo-Fest-lleno-cumplio-768x512.jpg 768w, https:\/\/diariodominicano.com\/wp-content\/uploads\/2024\/04\/Baila-Conmigo-Fest-lleno-cumplio-816x544.jpg 816w, https:\/\/diariodominicano.com\/wp-content\/uploads\/2024\/04\/Baila-Conmigo-Fest-lleno-cumplio.jpg 1200w\" sizes=\"auto, (max-width: 1024px) 100vw, 1024px\" \/><\/figure>\n<\/figure>\n\n\n\n<p>El festival fue un reencuentro hist\u00f3rico en el escenario con artistas legendarios como Eddy Herrera, Sergio Vargas, Ilegales, Proyecto Uno, Binomio de Oro, Kinito M\u00e9ndez, Rikarena, Fulanito, Diveana y Puerto Rican Power, quienes brindaron actuaciones memorables que cautivaron al p\u00fablico y mostraron la diversidad y riqueza de la m\u00fasica tropical.<\/p>\n\n\n\n<figure class=\"wp-block-gallery has-nested-images columns-default is-cropped wp-block-gallery-3 is-layout-flex wp-block-gallery-is-layout-flex\">\n<figure class=\"wp-block-image size-large\"><img loading=\"lazy\" decoding=\"async\" width=\"1024\" height=\"682\" data-id=\"519935\" src=\"https:\/\/diariodominicano.com\/wp-content\/uploads\/2024\/04\/Baila-Conmigo-Fest-lleno-cumplio-y-llego-para-quedarse-1024x682.jpg\" alt=\"\" class=\"wp-image-519935\" srcset=\"https:\/\/diariodominicano.com\/wp-content\/uploads\/2024\/04\/Baila-Conmigo-Fest-lleno-cumplio-y-llego-para-quedarse-1024x682.jpg 1024w, https:\/\/diariodominicano.com\/wp-content\/uploads\/2024\/04\/Baila-Conmigo-Fest-lleno-cumplio-y-llego-para-quedarse-300x200.jpg 300w, https:\/\/diariodominicano.com\/wp-content\/uploads\/2024\/04\/Baila-Conmigo-Fest-lleno-cumplio-y-llego-para-quedarse-768x512.jpg 768w, https:\/\/diariodominicano.com\/wp-content\/uploads\/2024\/04\/Baila-Conmigo-Fest-lleno-cumplio-y-llego-para-quedarse-816x544.jpg 816w, https:\/\/diariodominicano.com\/wp-content\/uploads\/2024\/04\/Baila-Conmigo-Fest-lleno-cumplio-y-llego-para-quedarse.jpg 1280w\" sizes=\"auto, (max-width: 1024px) 100vw, 1024px\" \/><\/figure>\n<\/figure>\n\n\n\n<p>Los presentadores del festival fueron los reconocidos influencers Beta Mej\u00eda, Nangel Menez, Tiby Camacho, Mariale Can\u00f3nico, Richard Encanto, Yohana Vargas y Alexandra Olavarr\u00eda, quienes representaron a Miami como la capital de los latinos.<\/p>\n\n\n\n<p>Baila Conmigo Fest no solo se destac\u00f3 por su incre\u00edble m\u00fasica y artistas, sino tambi\u00e9n por la organizaci\u00f3n impecable a cargo de CMN, que garantiz\u00f3 una experiencia fluida y llena de energ\u00eda para todos los asistentes.<\/p>\n\n\n\n<p>Los participantes disfrutaron de una experiencia diferente, con deliciosa comida, vista al mar y el clima perfecto. Todo, mientras celebraban un aire nuevo para la m\u00fasica tropical que lleg\u00f3 para quedarse.<\/p>\n\n\n\n<p>La euforia y la alegr\u00eda de la multitud reflejaron el \u00e9xito del evento, y ya se est\u00e1n planeando emocionantes novedades para la edici\u00f3n de 2025 de Baila Conmigo Fest, prometiendo un crecimiento continuo y la expansi\u00f3n de la m\u00fasica tropical a trav\u00e9s de este festival anual.<\/p>\n\n\n\n<p>Manuel Correa, ejecutivo de CMN y director del festival, expres\u00f3 su entusiasmo por el logro alcanzado: \u201cFue todo un reto hacer este festival en Miami, pero ten\u00edamos la confianza de que estos artistas y su m\u00fasica permanec\u00edan en el coraz\u00f3n de las personas, y que solo estaban esperando el momento perfecto para reconectarse. Desde hoy, comenzamos a pensar en CMN en Baila Conmigo Music Fest 2025\u201d.<\/p>\n\n\n\n<p>La puntualidad y la log\u00edstica impecable tambi\u00e9n fueron destacadas por los asistentes, quienes ya est\u00e1n ansiosos por una nueva versi\u00f3n del festival.<\/p>\n\n\n\n<p>Para m\u00e1s informaci\u00f3n sobre Baila Conmigo Fest y estar al tanto de las \u00faltimas novedades, puedes seguir la cuenta oficial en Instagram: https:\/\/www.instagram.com\/bailaconmigofestival<\/p>\n\n\n\n<p>Acerca de CMN\u202f<\/p>\n\n\n\n<p>CMN es la compa\u00f1\u00eda latina l\u00edder de entretenimiento en vivo en Estados Unidos, con alcance e influencia en todo el continente. Desarrollando constantemente proyectos en el mundo de la m\u00fasica, el arte y los deportes, es ejemplo multicultural de organizaci\u00f3n y emprendimiento. www.cmnevents.com &#8211; @cmnevents<\/p>\n","protected":false},"excerpt":{"rendered":"<p>M\u00e1s de 8 mil personas se unieron para bailar durante m\u00e1s de seis horas, junto a Eddy Herrera, Sergio Vargas, Ilegales, Proyecto Uno, Binomio de Oro, Kinito M\u00e9ndez, Rikarena, Fulanito, Diveana y Puerto Rican Power. Miami vivi\u00f3 una noche para la historia con el Baila Conmigo Fest, donde m\u00e1s de 8 mil personas de todas [&hellip;]<\/p>\n","protected":false},"author":7,"featured_media":0,"comment_status":"closed","ping_status":"closed","sticky":true,"template":"","format":"standard","meta":{"footnotes":""},"categories":[25],"tags":[],"class_list":["post-519868","post","type-post","status-publish","format-standard","hentry","category-gente"],"_links":{"self":[{"href":"https:\/\/diariodominicano.com\/index.php?rest_route=\/wp\/v2\/posts\/519868","targetHints":{"allow":["GET"]}}],"collection":[{"href":"https:\/\/diariodominicano.com\/index.php?rest_route=\/wp\/v2\/posts"}],"about":[{"href":"https:\/\/diariodominicano.com\/index.php?rest_route=\/wp\/v2\/types\/post"}],"author":[{"embeddable":true,"href":"https:\/\/diariodominicano.com\/index.php?rest_route=\/wp\/v2\/users\/7"}],"replies":[{"embeddable":true,"href":"https:\/\/diariodominicano.com\/index.php?rest_route=%2Fwp%2Fv2%2Fcomments&post=519868"}],"version-history":[{"count":1,"href":"https:\/\/diariodominicano.com\/index.php?rest_route=\/wp\/v2\/posts\/519868\/revisions"}],"predecessor-version":[{"id":520232,"href":"https:\/\/diariodominicano.com\/index.php?rest_route=\/wp\/v2\/posts\/519868\/revisions\/520232"}],"wp:attachment":[{"href":"https:\/\/diariodominicano.com\/index.php?rest_route=%2Fwp%2Fv2%2Fmedia&parent=519868"}],"wp:term":[{"taxonomy":"category","embeddable":true,"href":"https:\/\/diariodominicano.com\/index.php?rest_route=%2Fwp%2Fv2%2Fcategories&post=519868"},{"taxonomy":"post_tag","embeddable":true,"href":"https:\/\/diariodominicano.com\/index.php?rest_route=%2Fwp%2Fv2%2Ftags&post=519868"}],"curies":[{"name":"wp","href":"https:\/\/api.w.org\/{rel}","templated":true}]}}