{"id":51984,"date":"2020-07-06T14:28:45","date_gmt":"2020-07-06T14:28:45","guid":{"rendered":"http:\/\/diariodominicano.ddns.net\/?p=51984"},"modified":"2020-07-06T14:28:45","modified_gmt":"2020-07-06T14:28:45","slug":"ministerio-de-educacion-inicia-profunda-desinfeccion-en-escuelas-que-fungieron-como-colegios-electorales","status":"publish","type":"post","link":"https:\/\/diariodominicano.com\/?p=51984","title":{"rendered":"Ministerio de Educaci\u00f3n inicia profunda  desinfecci\u00f3n en escuelas que fungieron como colegios electorales"},"content":{"rendered":"<p><body><\/p>\n<p><img decoding=\"async\" src=\"img3\/EliaspinaEduc6-7-20.jpg\" \/>  <\/p>\n<p><span class=\"text1noticias\">diariodominicano.com<\/span><\/p>\n<\/p>\n<p><span class=\"text1noticias\"> <\/span><\/p>\n<p><span class=\"text1noticias\"> Santo Domingo, R. D., 6 de de julio, 2020.- El Ministerio de Educaci\u00f3n (MINERD) inform\u00f3 este lunes que, concluida las elecciones presidenciales y congresuales del pasado domingo 5, las autoridades regionales y distritales iniciaron un profundo proceso de desinfecci\u00f3n de cada centro educativo que fungi\u00f3 como colegio electoral, a los fines de evitar la propagaci\u00f3n del coronavirus COVID-19.<\/span><\/p>\n<p><span class=\"text1noticias\"> <\/span><\/p>\n<p><span class=\"text1noticias\">La informaci\u00f3n la ofreci\u00f3 el ministro Antonio Pe\u00f1a Mirabal, quien precis\u00f3 que desde tempranas horas de la ma\u00f1ana los colaboradores institucionales encabezan una amplia, profunda y exhaustiva jornada de limpieza y desinfecci\u00f3n en cada centro educativo que fue utilizado por la Junta Central Electoral (JCE) como colegio de votaci\u00f3n.<\/span><\/p>\n<p><span class=\"text1noticias\"> <\/span><\/p>\n<p><span class=\"text1noticias\">\u00abTenemos pautado un proceso de higienizaci\u00f3n en todas las escuelas que ayer fueron parte de los colegios electorales. Pero no solo en las escuelas, en las oficinas, recintos y localidades del MINERD que tambi\u00e9n fueron usadas para las elecciones, all\u00ed se aplicar\u00e1 el mismo protocolo y se har\u00e1 en cada rinc\u00f3n para garantizar la salud de nuestra comunidad educativa\u00bb, precis\u00f3 Pe\u00f1a Mirabal.<\/span><\/p>\n<p><span class=\"text1noticias\"> <\/span><\/p>\n<p><span class=\"text1noticias\">El decreto 235-20 estableci\u00f3 que el Ministerio de Educaci\u00f3n deb\u00eda poner al servicio de la JCE los planteles requeridos para la instalaci\u00f3n de los recintos electorales a partir de las 8:00 de la ma\u00f1ana del viernes 3 hasta el domingo 5 de julio.<\/span><\/p>\n<p><span class=\"text1noticias\"> <\/span><\/p>\n<p><span class=\"text1noticias\">Los directores regionales y distritales reportan el inicio de la jornada de desinfecci\u00f3n en sus respectivas demarcaciones, destacando la inclusi\u00f3n de los directores de dichos planteles, adem\u00e1s de docentes y personal administrativo que tambi\u00e9n se suma a la jornada de higienizaci\u00f3n, la cual se extender\u00e1 hasta intervenir todas las escuelas y liceos.<\/span><\/p>\n<p><span class=\"text1noticias\"> <\/span><\/p>\n<p><span class=\"text1noticias\"> Otros trabajos<\/span><\/p>\n<p><span class=\"text1noticias\"> <\/span><\/p>\n<p><span class=\"text1noticias\"> <\/span><\/p>\n<p><span class=\"text1noticias\">El director del Gabinete Ministerial, Henry Santos, autoriz\u00f3 a los directores regionales a hacer uso de los fondos de anticipo y descentralizaci\u00f3n para garantizar la adecuaci\u00f3n de los centros educativos, con miras a la apertura del A\u00f1o Escolar 2020-2021 y garantizar la salud de la comunidad educativa debido a la pandemia de COVID-19.<\/span><\/p>\n<p><span class=\"text1noticias\"> <\/span><\/p>\n<p><span class=\"text1noticias\">Estos recursos ser\u00e1n utilizados para asegurar la disponibilidad de agua en los centros educativos, instalaci\u00f3n de lavamanos, se\u00f1alizaci\u00f3n de las \u00e1reas comunes que garanticen el distanciamiento social, as\u00ed como la compra de materiales de higiene y de desinfecci\u00f3n.<\/span><\/p>\n<p><span class=\"text1noticias\"> <\/span><\/p>\n<p><span class=\"text1noticias\">De acuerdo a Santos, el prop\u00f3sito del Ministerio de Educaci\u00f3n es garantizar niveles \u00f3ptimos de higiene requeridos para el inicio del pr\u00f3ximo a\u00f1o escolar y cumplir con las exigencias del protocolo establecido por la Organizaci\u00f3n Mundial de la Salud (OMS).<\/span><\/p>\n<p><span class=\"text1noticias\"> <\/span><\/p>\n<p><span class=\"text1noticias\">Fuente: Prensa MINERD <\/span><\/p>\n<p><span class=\"text1noticias\">Licda. Magdalena Nu\u00f1ez<\/span><\/p>\n<p><span class=\"text1noticias\">Enc. Relaciones P\u00fablicas <\/span><\/p>\n<p><span class=\"text1noticias\">Ministerio Educaci\u00f3n Rep\u00fablica Dominicana<\/span><\/p>\n<p><span class=\"text1noticias\">Direcci\u00f3n de Comunicaci\u00f3n y Relaciones P\u00fablicas <\/span><\/p>\n<p><span class=\"text1noticias\">6 de julio 2020<\/span><\/p>\n<h6> 2020-07-06 14:28:45 <\/h6>\n<p><!--\n<link rel=\"stylesheet\" href=\"css\/bootstrap.min.css\">\n\n\n<ul class=\"pagination\">\n\t    \n\t\n\n<li >\n\t<a href='?page_no=436'>Previous<\/a>\n\t<\/li>\n\n\n       \n    \n\n<li><a href='?page_no=1'>1<\/a><\/li>\n\n\n\n<li><a href='?page_no=2'>2<\/a><\/li>\n\n\n\n<li><a>...<\/a><\/li>\n\n\n\n<li><a href='?page_no=435'>435<\/a><\/li>\n\n\n\n<li><a href='?page_no=436'>436<\/a><\/li>\n\n\n\n<li class='active'><a>437<\/a><\/li>\n\n\n\n<li><a href='?page_no=438'>438<\/a><\/li>\n\n\n\n<li><a href='?page_no=439'>439<\/a><\/li>\n\n\n\n<li><a>...<\/a><\/li>\n\n\n\n<li><a href='?page_no=22911'>22911<\/a><\/li>\n\n\n\n<li><a href='?page_no=22912'>22912<\/a><\/li>\n\n    \n\t\n\n<li >\n\t<a href='?page_no=438'>Next<\/a>\n\t<\/li>\n\n\n    \n\n<li><a href='?page_no=22912'>Last &rsaquo;&rsaquo;<\/a><\/li>\n\n<\/ul>\n\n\n--><br \/>\n<\/body><\/p>\n","protected":false},"excerpt":{"rendered":"<p>diariodominicano.com Santo Domingo, R. D., 6 de de julio, 2020.- El Ministerio de Educaci\u00f3n (MINERD) inform\u00f3 este lunes que, concluida las elecciones presidenciales y congresuales del pasado domingo 5, las autoridades regionales y distritales iniciaron un profundo proceso de desinfecci\u00f3n de cada centro educativo que fungi\u00f3 como colegio electoral, a los fines de evitar la [&hellip;]<\/p>\n","protected":false},"author":3,"featured_media":0,"comment_status":"open","ping_status":"open","sticky":false,"template":"","format":"standard","meta":{"footnotes":""},"categories":[21],"tags":[],"class_list":["post-51984","post","type-post","status-publish","format-standard","hentry","category-cultura"],"_links":{"self":[{"href":"https:\/\/diariodominicano.com\/index.php?rest_route=\/wp\/v2\/posts\/51984","targetHints":{"allow":["GET"]}}],"collection":[{"href":"https:\/\/diariodominicano.com\/index.php?rest_route=\/wp\/v2\/posts"}],"about":[{"href":"https:\/\/diariodominicano.com\/index.php?rest_route=\/wp\/v2\/types\/post"}],"author":[{"embeddable":true,"href":"https:\/\/diariodominicano.com\/index.php?rest_route=\/wp\/v2\/users\/3"}],"replies":[{"embeddable":true,"href":"https:\/\/diariodominicano.com\/index.php?rest_route=%2Fwp%2Fv2%2Fcomments&post=51984"}],"version-history":[{"count":0,"href":"https:\/\/diariodominicano.com\/index.php?rest_route=\/wp\/v2\/posts\/51984\/revisions"}],"wp:attachment":[{"href":"https:\/\/diariodominicano.com\/index.php?rest_route=%2Fwp%2Fv2%2Fmedia&parent=51984"}],"wp:term":[{"taxonomy":"category","embeddable":true,"href":"https:\/\/diariodominicano.com\/index.php?rest_route=%2Fwp%2Fv2%2Fcategories&post=51984"},{"taxonomy":"post_tag","embeddable":true,"href":"https:\/\/diariodominicano.com\/index.php?rest_route=%2Fwp%2Fv2%2Ftags&post=51984"}],"curies":[{"name":"wp","href":"https:\/\/api.w.org\/{rel}","templated":true}]}}