{"id":519825,"date":"2024-04-01T09:49:09","date_gmt":"2024-04-01T13:49:09","guid":{"rendered":"https:\/\/diariodominicano.com\/?p=519825"},"modified":"2024-04-01T20:56:03","modified_gmt":"2024-04-02T00:56:03","slug":"luis-el-gallo-plantea-carceles-sean-centros-regeneracion-y-reinsercion-social","status":"publish","type":"post","link":"https:\/\/diariodominicano.com\/?p=519825","title":{"rendered":"Luis \u201cEl Gallo\u201d plantea\u00a0\u00a0c\u00e1rceles sean centros de regeneraci\u00f3n y reinserci\u00f3n social"},"content":{"rendered":"\n<p>diariodominicano.com<\/p>\n\n\n\n<p>Santo Domingo, R. D.,\u20021 de abril, 2024.-\u2002El presidente de la Uni\u00f3n Dem\u00f3crata Cristiana \u2013UDC-; Luis Acosta Moreta, Luis \u201cEl Gallo\u201d, pidi\u00f3 hoy que las c\u00e1rceles se conviertan en centros de regeneraci\u00f3n y de reinserci\u00f3n para todos los que hayan violado las leyes y cumplan con su condena.<\/p>\n\n\n\n<p>Afirm\u00f3 que es hora de que las c\u00e1rceles dominicanas dejen de ser, como dice el pueblo, cementerios de hombres vivos, y cumplan su rol de que sean encerrados los que cometieron un delito, pero que al mismo tiempo se les reeduque para que se inserten en la sociedad.<\/p>\n\n\n\n<p>Destac\u00f3 que hay que hacer un gran trabajo en las c\u00e1rceles, y sobre todo en la principal, la Penitenciar\u00eda Nacional&nbsp;&nbsp;de La Victoria, para evitar hechos tr\u00e1gicos como el reciente incendio.<\/p>\n\n\n\n<p>Hay que hacer un estudio a fondo de las condiciones carcelarias, para que los internos tengan respeto a su dignidad, se le suministre asistencia m\u00e9dica, alimentos, y se ponga fin a la cultura de que manda el m\u00e1s fuerte.<\/p>\n\n\n\n<p>Luis \u201cEl Gallo\u201d visit\u00f3 en el fin de semana la Penitenciar\u00eda Nacional&nbsp;&nbsp;de la Victoria, para continuar con su tradici\u00f3n de hace muchos a\u00f1os de llevar a los presos&nbsp;&nbsp;alimentos, medicinas y regalos en el Viernes Santo.<\/p>\n\n\n\n<p>Destac\u00f3 que no va a La Victoria&nbsp;&nbsp;para juzgar a nadie, ya que de esos se debe ocupar Dios y la justicia terrenal, sino a demostrar que a todo hombre que haya cometido una violaci\u00f3n a las leyes, se le debe de dar una segunda oportunidad.<\/p>\n\n\n\n<p>Afirm\u00f3 qe el presidente Luis Abinader es un firme defensor de la justicia y de los derechos humanos, por lo que est\u00e1 sumamente interesado en que se mejoren las c\u00e1rceles de todo el pa\u00eds.<\/p>\n\n\n\n<p>Agreg\u00f3 que en el gobierno del presidente Abinader se han reparado numerosas c\u00e1rceles, y se ha logrado mejorar el suministro de alimentos y medicinas a los presos.<\/p>\n\n\n\n<p>Dijo que ya el presidente Abinader cre\u00f3 una comisi\u00f3n que se encargar\u00e1 de hacer un estudio amplio de c\u00f3mo se pueden mejorar las condiciones f\u00edsicas y de asistencias de la Penitenciar\u00eda Nacional de la Victoria.<\/p>\n\n\n\n<p>luis \u00abEl Gallo\u00bb informa&#8230;<\/p>\n\n\n\n<p><a target=\"_blank\" href=\"mailto:notixias2000-luiselgalloinforma@yahoo.com\" rel=\"noreferrer noopener\">notixias2000-luiselgalloinforma@yahoo.com<\/a><\/p>\n","protected":false},"excerpt":{"rendered":"<p>diariodominicano.com Santo Domingo, R. D.,\u20021 de abril, 2024.-\u2002El presidente de la Uni\u00f3n Dem\u00f3crata Cristiana \u2013UDC-; Luis Acosta Moreta, Luis \u201cEl Gallo\u201d, pidi\u00f3 hoy que las c\u00e1rceles se conviertan en centros de regeneraci\u00f3n y de reinserci\u00f3n para todos los que hayan violado las leyes y cumplan con su condena. Afirm\u00f3 que es hora de que las [&hellip;]<\/p>\n","protected":false},"author":5,"featured_media":499292,"comment_status":"closed","ping_status":"","sticky":true,"template":"","format":"standard","meta":{"footnotes":""},"categories":[20,24,27],"tags":[],"class_list":["post-519825","post","type-post","status-publish","format-standard","has-post-thumbnail","hentry","category-dominicana-hoy","category-justicia-y-derecho","category-portada"],"_links":{"self":[{"href":"https:\/\/diariodominicano.com\/index.php?rest_route=\/wp\/v2\/posts\/519825","targetHints":{"allow":["GET"]}}],"collection":[{"href":"https:\/\/diariodominicano.com\/index.php?rest_route=\/wp\/v2\/posts"}],"about":[{"href":"https:\/\/diariodominicano.com\/index.php?rest_route=\/wp\/v2\/types\/post"}],"author":[{"embeddable":true,"href":"https:\/\/diariodominicano.com\/index.php?rest_route=\/wp\/v2\/users\/5"}],"replies":[{"embeddable":true,"href":"https:\/\/diariodominicano.com\/index.php?rest_route=%2Fwp%2Fv2%2Fcomments&post=519825"}],"version-history":[{"count":2,"href":"https:\/\/diariodominicano.com\/index.php?rest_route=\/wp\/v2\/posts\/519825\/revisions"}],"predecessor-version":[{"id":519871,"href":"https:\/\/diariodominicano.com\/index.php?rest_route=\/wp\/v2\/posts\/519825\/revisions\/519871"}],"wp:featuredmedia":[{"embeddable":true,"href":"https:\/\/diariodominicano.com\/index.php?rest_route=\/wp\/v2\/media\/499292"}],"wp:attachment":[{"href":"https:\/\/diariodominicano.com\/index.php?rest_route=%2Fwp%2Fv2%2Fmedia&parent=519825"}],"wp:term":[{"taxonomy":"category","embeddable":true,"href":"https:\/\/diariodominicano.com\/index.php?rest_route=%2Fwp%2Fv2%2Fcategories&post=519825"},{"taxonomy":"post_tag","embeddable":true,"href":"https:\/\/diariodominicano.com\/index.php?rest_route=%2Fwp%2Fv2%2Ftags&post=519825"}],"curies":[{"name":"wp","href":"https:\/\/api.w.org\/{rel}","templated":true}]}}