{"id":519678,"date":"2024-03-31T23:09:12","date_gmt":"2024-04-01T03:09:12","guid":{"rendered":"https:\/\/diariodominicano.com\/?p=519678"},"modified":"2024-03-31T23:09:12","modified_gmt":"2024-04-01T03:09:12","slug":"el-racismo-y-la-curiosidad-morbosa-impulsaron-a-los-museos-de-eeuu-a-colectar-restos-indigenas","status":"publish","type":"post","link":"https:\/\/diariodominicano.com\/?p=519678","title":{"rendered":"El racismo y la \u00abcuriosidad morbosa\u00bb impulsaron a los museos de EEUU a colectar restos ind\u00edgenas"},"content":{"rendered":"\n<p>Esta fotograf\u00eda de alrededor de 1884-1886 del cirujano y naturalista del ej\u00e9rcito Edgar Alexander Mearns muestra a dos hombres no identificados, posiblemente el propio Mearns a la derecha, excavando ruinas precolombinas en el valle del r\u00edo Verde en el centro de Arizona<\/p>\n\n\n\n<p>marzo 31, 2024<\/p>\n\n\n\n<ul class=\"wp-block-list\">\n<li><a href=\"https:\/\/www.vozdeamerica.com\/author\/cecily-hilleary\/jmpym\">Cecily Hilleary<\/a><\/li>\n<\/ul>\n\n\n\n<ul class=\"wp-block-list\">\n<li><a href=\"https:\/\/facebook.com\/sharer.php?u=https%3a%2f%2fwww.vozdeamerica.com%2fa%2fracismo-curiosidad-morbosa-impulsaron-museos-eeuu-recolectar-restos-indigenas%2f7546214.html\" target=\"_blank\" rel=\"noreferrer noopener\"><\/a><\/li>\n\n\n\n<li><a href=\"https:\/\/twitter.com\/share?url=https%3a%2f%2fwww.vozdeamerica.com%2fa%2fracismo-curiosidad-morbosa-impulsaron-museos-eeuu-recolectar-restos-indigenas%2f7546214.html&amp;text=El+racismo+y+la+%22curiosidad+morbosa%22+impulsaron+a+los+museos+de+EEUU+a+colectar+restos+ind%c3%adgenas\" target=\"_blank\" rel=\"noreferrer noopener\"><\/a><\/li>\n\n\n\n<li><\/li>\n\n\n\n<li><a href=\"mailto:?body=https%3a%2f%2fwww.vozdeamerica.com%2fa%2fracismo-curiosidad-morbosa-impulsaron-museos-eeuu-recolectar-restos-indigenas%2f7546214.html&amp;subject=El%20racismo%20y%20la%20%22curiosidad%20morbosa%22%20impulsaron%20a%20los%20museos%20de%20EEUU%20a%20colectar%20restos%20ind%C3%ADgenas\"><\/a><\/li>\n<\/ul>\n\n\n\n<p><a href=\"https:\/\/www.vozdeamerica.com\/a\/racismo-curiosidad-morbosa-impulsaron-museos-eeuu-recolectar-restos-indigenas\/7546214.html#comments\">&nbsp;Vea comentarios<\/a><\/p>\n\n\n\n<p>Despu\u00e9s de m\u00e1s de 30 a\u00f1os de la Ley de Protecci\u00f3n y Repatriaci\u00f3n de Tumbas de Nativos Americanos, a\u00fan quedan m\u00e1s de 110.000 ancestros ind\u00edgenas en colecciones p\u00fablicas en EEUU, sin contar los que puedan encontrarse en colecciones privadas o en el extranjero.<\/p>\n\n\n\n<p>WASHINGTON, EEUU \u2014&nbsp;<\/p>\n\n\n\n<p>En diciembre de 1900, John Wesley Powell recibi\u00f3 \u00abel regalo de Navidad m\u00e1s inusual de cualquier persona en los Estados Unidos, si no en el mundo\u00bb, inform\u00f3 por aquel entonces el peri\u00f3dico&nbsp;<em>Chicago Tribune<\/em>.<\/p>\n\n\n\n<p>El regalo para este primer director del Bur\u00f3 de Etnolog\u00eda de la Instituci\u00f3n Smithsonian era un saco de piel de foca que conten\u00eda los restos momificados de un nativo de Alaska.<\/p>\n\n\n\n<p>El remitente era un empleado gubernamental contratado para cazar \u00abreliquias\u00bb indias, quien dijo que los restos hab\u00edan sido dif\u00edciles de adquirir porque \u00abposeer a un indio muerto es un gran crimen entre los indios\u00bb.<\/p>\n\n\n\n<p>El informe concluy\u00f3 que era la \u00fanica \u00abreliquia india\u00bb de este tipo en el Smithsonian y que su valor era \u00abincalculable\u00bb.<\/p>\n\n\n\n<p>Result\u00f3 que no era la \u00fanica momia de Alaska en el museo. En 1865, incluso antes de que EEUU comprara Alaska a Rusia, el naturalista del Smithsonian William Dall fue contratado para acompa\u00f1ar a una expedici\u00f3n para estudiar el potencial de una ruta telegr\u00e1fica a trav\u00e9s de Siberia hacia Europa. En su tiempo libre, saque\u00f3 tumbas en el Yuk\u00f3n y cuevas en varias islas Aleutianas.<\/p>\n\n\n\n<p><a href=\"https:\/\/www.vozdeamerica.com\/a\/historiadores-abordan-mitos-pasado-eeuu-\/6957980.html\"><\/a><\/p>\n\n\n\n<p><a href=\"https:\/\/www.vozdeamerica.com\/a\/historiadores-abordan-mitos-pasado-eeuu-\/6957980.html\">TAMBI\u00c9N LEA<\/a><\/p>\n\n\n\n<h4 class=\"wp-block-heading\"><a href=\"https:\/\/www.vozdeamerica.com\/a\/historiadores-abordan-mitos-pasado-eeuu-\/6957980.html\">Los historiadores abordan los mitos m\u00e1s grandes sobre el pasado de Estados Unidos<\/a><\/h4>\n\n\n\n<p>Despu\u00e9s de que EEUU cerr\u00f3 el trato con Rusia, la compa\u00f1\u00eda comercial de San Francisco Alaska Commercial Company gan\u00f3 los derechos exclusivos de comercio y estableci\u00f3 m\u00e1s de 90 puestos en Alaska para satisfacer la demanda estadounidense de marfil y pieles.<\/p>\n\n\n\n<p>Tambi\u00e9n instruy\u00f3 a los agentes \u00aba recolectar y preservar objetos de inter\u00e9s en etnolog\u00eda e historia natural\u00bb y enviarlos al Smithsonian. Ernest Henig saque\u00f3 12 cuerpos preservados y un cr\u00e1neo de una cueva en las Aleutianas en 1874. Don\u00f3 dos a la Academia de Ciencias de California y envi\u00f3 el resto al Smithsonian.<\/p>\n\n\n\n<p>M\u00e1s de 30 a\u00f1os despu\u00e9s de la aprobaci\u00f3n de la Ley de Protecci\u00f3n y Repatriaci\u00f3n de Tumbas de Nativos Americanos destinada a devolver esos restos, una investigaci\u00f3n de&nbsp;<em>ProPublica&nbsp;<\/em>el a\u00f1o pasado estim\u00f3 que m\u00e1s de 110.000 ancestros nativos americanos, nativos hawaianos y nativos de Alaska permanecen en colecciones p\u00fablicas a trav\u00e9s de EEUU.<\/p>\n\n\n\n<p>No se sabe cu\u00e1ntos restos ind\u00edgenas est\u00e1n guardados en colecciones privadas o en el extranjero.<\/p>\n\n\n\n<p>\u00abLos museos recolectaron n\u00fameros masivos, quiz\u00e1s incluso millones\u00bb, dijo el antrop\u00f3logo John Stephen &#8216;Chip&#8217; Colwell, quien anteriormente se desempe\u00f1\u00f3 como curador de antropolog\u00eda en el Museo de Naturaleza y Ciencia de Denver. \u00abDe los 100 restos que devolvimos (en el museo de Denver), creo que solo unos cinco o siete individuos fueron realmente estudiados\u00bb.<\/p>\n\n\n\n<p>Entonces, \u00bfqu\u00e9 desat\u00f3 esta fiebre del siglo XIX por recolectar restos humanos?<\/p>\n\n\n\n<figure class=\"wp-block-image\"><img decoding=\"async\" src=\"https:\/\/gdb.voanews.com\/01000000-0aff-0242-94a5-08dc4e9c36cc_w650_r1_s.png\" alt=\"Tarjeta estereogr\u00e1fica de 1891 publicada por North West Trading Company, con sede en Portland, titulada &quot;Shamans Graves, Alaska&quot;.\"\/><figcaption class=\"wp-element-caption\">Tarjeta estereogr\u00e1fica de 1891 publicada por North West Trading Company, con sede en Portland, titulada \u00abShamans Graves, Alaska\u00bb.<\/figcaption><\/figure>\n\n\n\n<h3 class=\"wp-block-heading\">Reconciliando ciencia y religi\u00f3n<\/h3>\n\n\n\n<p>Desde el momento en que encontraron por primera vez a los ind\u00edgenas americanos, los pensadores europeos lucharon por entender qui\u00e9nes eran, de d\u00f3nde ven\u00edan y si podr\u00edan ser \u00abcivilizados\u00bb.<\/p>\n\n\n\n<p>La biblia cristiana les ense\u00f1\u00f3 que todos los humanos descend\u00edan de Ad\u00e1n y que Dios cre\u00f3 a Ad\u00e1n a su propia imagen. Entonces, \u00bfpor qu\u00e9, se preguntaban los europeos, los nativos americanos, africanos y asi\u00e1ticos luc\u00edan diferentes?<\/p>\n\n\n\n<p>Algunos europeos teorizaron que todos los humanos fueron creados blancos, pero las diferencias diet\u00e9ticas o ambientales hicieron que algunos de ellos se volvieran \u00abmarrones, amarillos, rojos o negros\u00bb.<\/p>\n\n\n\n<p>Otros europeos se negaron a aceptar que compart\u00edan un ancestro com\u00fan con personas de color y teorizaron que Dios cre\u00f3 las razas por separado antes de crear a Ad\u00e1n.<\/p>\n\n\n\n<h3 class=\"wp-block-heading\">El nacimiento del racismo cient\u00edfico<\/h3>\n\n\n\n<p>Las presunciones de que la educaci\u00f3n obligatoria y la cristianizaci\u00f3n obligar\u00edan a los nativos americanos a abandonar sus culturas tradicionales y convertirse en \u00abcivilizados\u00bb en la cultura europeo-americana dominante resultaron ser falsas. Entonces, los cient\u00edficos del siglo XIX recurrieron a los avances en medicina para \u00abprobar\u00bb la inferioridad de los pueblos ind\u00edgenas.<\/p>\n\n\n\n<p>\u00abFue entonces cuando ves a cient\u00edficos como Samuel Morton, quien invent\u00f3 una pseudociencia tratando de colocar a los pueblos dentro de estas jerarqu\u00edas sociales basadas en su biolog\u00eda, y necesitaban huesos para solidificar esas jerarqu\u00edas raciales\u00bb, dijo Colwell, quien es editor en jefe de la revista en l\u00ednea&nbsp;<em>SAPIENS<\/em>&nbsp;y autor de&nbsp;<em>&#8216;Plundered Skulls and Stolen Spirits: Inside the Fight to Reclaim Native America&#8217;s Culture&#8217;<\/em>.<\/p>\n\n\n\n<p>Morton fue un m\u00e9dico de Filadelfia que recolect\u00f3 cientos de cr\u00e1neos humanos de todas las razas, en su mayor\u00eda nativos americanos, que le fueron enviados por m\u00e9dicos en la frontera. En su libro de 1839&nbsp;<em>&#8216;Crania Americana&#8217;<\/em>, Morton clasific\u00f3 las razas humanas bas\u00e1ndose en medidas de cr\u00e1neos. Las conclusiones de Morton se utilizaron para apoyar ideolog\u00edas racistas sobre la inferioridad de los humanos no blancos.<\/p>\n\n\n\n<p><a href=\"https:\/\/www.vozdeamerica.com\/a\/onu-pide-eeuu-reformar-sistema-justicia-\/7299225.html\"><\/a><\/p>\n\n\n\n<p><a href=\"https:\/\/www.vozdeamerica.com\/a\/onu-pide-eeuu-reformar-sistema-justicia-\/7299225.html\">TAMBI\u00c9N LEA<\/a><\/p>\n\n\n\n<h4 class=\"wp-block-heading\"><a href=\"https:\/\/www.vozdeamerica.com\/a\/onu-pide-eeuu-reformar-sistema-justicia-\/7299225.html\">La ONU pide a EEUU reformar su sistema de justicia para combatir el racismo sist\u00e9mico<\/a><\/h4>\n\n\n\n<p>\u00abNo solo son adversos a las restricciones de la educaci\u00f3n, sino que en su mayor\u00eda son incapaces de un proceso continuo de razonamiento sobre temas abstractos\u00bb, escribi\u00f3 sobre los nativos americanos. \u00abLa estructura de (la mente del nativo) parece ser diferente de la del hombre blanco, ni pueden las dos armonizar en sus relaciones sociales excepto en la escala m\u00e1s limitada\u00bb.<\/p>\n\n\n\n<p>A pesar del legado de Morton como una figura temprana en el racismo cient\u00edfico \u2014ideolog\u00edas que generan creencias racistas seudocient\u00edficas\u2014 su trabajo le gan\u00f3 una reputaci\u00f3n en ese momento como \u00abuna joya de la ciencia estadounidense\u00bb e influenci\u00f3 el campo de la antropolog\u00eda y la pol\u00edtica p\u00fablica durante d\u00e9cadas.<\/p>\n\n\n\n<p>En 1868, por ejemplo, el Cirujano General de EEUU desvi\u00f3 su atenci\u00f3n de la Guerra Civil a las llamadas \u00abguerras indias\u00bb e instruy\u00f3 a los cirujanos de campo a recolectar cr\u00e1neos y armas de nativos americanos y enviarlos al Museo M\u00e9dico del Ej\u00e9rcito en Washington \u00abpara ayudar en el progreso de la ciencia antropol\u00f3gica\u00bb.<\/p>\n\n\n\n<p>\u00abPara los museos, especialmente en los primeros a\u00f1os de recolecci\u00f3n, era una forma de mantener trofeos, una competencia entre museos\u00bb, dijo Colwell a la&nbsp;<strong><em>Voz de Am\u00e9rica<\/em><\/strong>. \u00abY parte de ello fue una competencia entre gobiernos nacionales para acumular grandes colecciones y demostrar sus aspiraciones globales e imperiales\u00bb, agreg\u00f3.<\/p>\n\n\n\n<p>Todo lo dem\u00e1s, dijo, eran fragmentos de curiosidad m\u00f3rbida.<\/p>\n","protected":false},"excerpt":{"rendered":"<p>Esta fotograf\u00eda de alrededor de 1884-1886 del cirujano y naturalista del ej\u00e9rcito Edgar Alexander Mearns muestra a dos hombres no identificados, posiblemente el propio Mearns a la derecha, excavando ruinas precolombinas en el valle del r\u00edo Verde en el centro de Arizona marzo 31, 2024 &nbsp;Vea comentarios Despu\u00e9s de m\u00e1s de 30 a\u00f1os de la [&hellip;]<\/p>\n","protected":false},"author":28,"featured_media":519679,"comment_status":"closed","ping_status":"","sticky":false,"template":"","format":"standard","meta":{"footnotes":""},"categories":[21,25],"tags":[],"class_list":["post-519678","post","type-post","status-publish","format-standard","has-post-thumbnail","hentry","category-cultura","category-gente"],"_links":{"self":[{"href":"https:\/\/diariodominicano.com\/index.php?rest_route=\/wp\/v2\/posts\/519678","targetHints":{"allow":["GET"]}}],"collection":[{"href":"https:\/\/diariodominicano.com\/index.php?rest_route=\/wp\/v2\/posts"}],"about":[{"href":"https:\/\/diariodominicano.com\/index.php?rest_route=\/wp\/v2\/types\/post"}],"author":[{"embeddable":true,"href":"https:\/\/diariodominicano.com\/index.php?rest_route=\/wp\/v2\/users\/28"}],"replies":[{"embeddable":true,"href":"https:\/\/diariodominicano.com\/index.php?rest_route=%2Fwp%2Fv2%2Fcomments&post=519678"}],"version-history":[{"count":1,"href":"https:\/\/diariodominicano.com\/index.php?rest_route=\/wp\/v2\/posts\/519678\/revisions"}],"predecessor-version":[{"id":519680,"href":"https:\/\/diariodominicano.com\/index.php?rest_route=\/wp\/v2\/posts\/519678\/revisions\/519680"}],"wp:featuredmedia":[{"embeddable":true,"href":"https:\/\/diariodominicano.com\/index.php?rest_route=\/wp\/v2\/media\/519679"}],"wp:attachment":[{"href":"https:\/\/diariodominicano.com\/index.php?rest_route=%2Fwp%2Fv2%2Fmedia&parent=519678"}],"wp:term":[{"taxonomy":"category","embeddable":true,"href":"https:\/\/diariodominicano.com\/index.php?rest_route=%2Fwp%2Fv2%2Fcategories&post=519678"},{"taxonomy":"post_tag","embeddable":true,"href":"https:\/\/diariodominicano.com\/index.php?rest_route=%2Fwp%2Fv2%2Ftags&post=519678"}],"curies":[{"name":"wp","href":"https:\/\/api.w.org\/{rel}","templated":true}]}}