{"id":519641,"date":"2024-03-31T21:31:20","date_gmt":"2024-04-01T01:31:20","guid":{"rendered":"https:\/\/diariodominicano.com\/?p=519641"},"modified":"2024-03-31T21:32:44","modified_gmt":"2024-04-01T01:32:44","slug":"sns-informo-adolescente-de-15-anos-quemado-en-salcedo-fue-trasladado-a-boston-por-gestion-del-hospital-robert-reid-cabral","status":"publish","type":"post","link":"https:\/\/diariodominicano.com\/?p=519641","title":{"rendered":"SNS inform\u00f3 adolescente de 15 a\u00f1os quemado en carnaval de Salcedo fue trasladado a Boston por gesti\u00f3n del Hospital Robert Reid Cabral"},"content":{"rendered":"\n<p><strong>Santo Domingo, RD. &#8211;<\/strong> El Servicio Nacional de Salud (SNS) inform\u00f3 el domingo que la direcci\u00f3n del Hospital Pedi\u00e1trico Dr. Robert Reid Cabral realiz\u00f3 la gesti\u00f3n de traslado a Hospital de Boston, Estados Unidos, del adolescente de 15 a\u00f1os de edad que estuvo ingresado, afectado por quemaduras a\u2002resultas del incendio ocurrido durante el carnaval de Salcedo.\u00a0<\/p>\n\n\n\n<p>La directora del centro, doctora Mabel Jones, inform\u00f3 que la gesti\u00f3n se realiz\u00f3 con el consentimiento pleno del los  padres del adolescente y explic\u00f3 que el joven, quien sufri\u00f3 quemaduras de segundo grado en el 50 por ciento de su cuerpo, ha mostrado una notable mejor\u00eda cl\u00ednica, lo que permiti\u00f3 la posibilidad del traslado.<\/p>\n\n\n\n<p>La doctora Jones dijo que el objetivo es brindarle las mejores opciones de tratamiento y recuperaci\u00f3n posible, reconociendo la complejidad de su condici\u00f3n.&nbsp;<\/p>\n\n\n\n<p>\u00abHemos priorizado su bienestar y cuidado, por eso se ha buscado incansablemente oportunidades para optimizar su recuperaci\u00f3n y calidad de vida\u00bb, explic\u00f3.&nbsp;<\/p>\n\n\n\n<p>El joven estuvo ingresado durante aproximadamente 15 d\u00edas, recibiendo atenci\u00f3n m\u00e9dica especializada y un cuidado dedicado por parte del equipo m\u00e9dico.<\/p>\n\n\n\n<p>\u00abAguardamos que, a su retorno, regrese completamente restablecido\u00bb, expres\u00f3 la directora del Hospital Infantil Doctor Robert Reid Cabral, doctora Mabel Jones, en un comunicado de prensa.<\/p>\n\n\n\n<p>Katherine Paulino Disla<\/p>\n\n\n\n<p><a target=\"_blank\" href=\"mailto:katherine.paulino@newlink-group.com\" rel=\"noreferrer noopener\">katherine.paulino@newlink-group.c<\/a><\/p>\n\n\n\n<p><strong>Direcci\u00f3n de Comunicaciones SNS&nbsp;<\/strong><\/p>\n\n\n\n<p><strong>31 de marzo, 2024<\/strong><\/p>\n","protected":false},"excerpt":{"rendered":"<p>Santo Domingo, RD. &#8211; El Servicio Nacional de Salud (SNS) inform\u00f3 el domingo que la direcci\u00f3n del Hospital Pedi\u00e1trico Dr. Robert Reid Cabral realiz\u00f3 la gesti\u00f3n de traslado a Hospital de Boston, Estados Unidos, del adolescente de 15 a\u00f1os de edad que estuvo ingresado, afectado por quemaduras a\u2002resultas del incendio ocurrido durante el carnaval de [&hellip;]<\/p>\n","protected":false},"author":28,"featured_media":519642,"comment_status":"closed","ping_status":"","sticky":true,"template":"","format":"standard","meta":{"footnotes":""},"categories":[36,20,27],"tags":[],"class_list":["post-519641","post","type-post","status-publish","format-standard","has-post-thumbnail","hentry","category-hombresmujeresycosas","category-dominicana-hoy","category-portada"],"_links":{"self":[{"href":"https:\/\/diariodominicano.com\/index.php?rest_route=\/wp\/v2\/posts\/519641","targetHints":{"allow":["GET"]}}],"collection":[{"href":"https:\/\/diariodominicano.com\/index.php?rest_route=\/wp\/v2\/posts"}],"about":[{"href":"https:\/\/diariodominicano.com\/index.php?rest_route=\/wp\/v2\/types\/post"}],"author":[{"embeddable":true,"href":"https:\/\/diariodominicano.com\/index.php?rest_route=\/wp\/v2\/users\/28"}],"replies":[{"embeddable":true,"href":"https:\/\/diariodominicano.com\/index.php?rest_route=%2Fwp%2Fv2%2Fcomments&post=519641"}],"version-history":[{"count":3,"href":"https:\/\/diariodominicano.com\/index.php?rest_route=\/wp\/v2\/posts\/519641\/revisions"}],"predecessor-version":[{"id":519645,"href":"https:\/\/diariodominicano.com\/index.php?rest_route=\/wp\/v2\/posts\/519641\/revisions\/519645"}],"wp:featuredmedia":[{"embeddable":true,"href":"https:\/\/diariodominicano.com\/index.php?rest_route=\/wp\/v2\/media\/519642"}],"wp:attachment":[{"href":"https:\/\/diariodominicano.com\/index.php?rest_route=%2Fwp%2Fv2%2Fmedia&parent=519641"}],"wp:term":[{"taxonomy":"category","embeddable":true,"href":"https:\/\/diariodominicano.com\/index.php?rest_route=%2Fwp%2Fv2%2Fcategories&post=519641"},{"taxonomy":"post_tag","embeddable":true,"href":"https:\/\/diariodominicano.com\/index.php?rest_route=%2Fwp%2Fv2%2Ftags&post=519641"}],"curies":[{"name":"wp","href":"https:\/\/api.w.org\/{rel}","templated":true}]}}