{"id":519613,"date":"2024-03-31T19:56:01","date_gmt":"2024-03-31T23:56:01","guid":{"rendered":"https:\/\/diariodominicano.com\/?p=519613"},"modified":"2024-03-31T20:10:35","modified_gmt":"2024-04-01T00:10:35","slug":"ex-militares-constitucionalistas-rinden-homenaje-a-los-soldados-que-vigilan-la-frontera-con-haiti","status":"publish","type":"post","link":"https:\/\/diariodominicano.com\/?p=519613","title":{"rendered":"Ex militares Constitucionalistas rinden homenaje a los soldados que vigilan la frontera con Hait\u00ed"},"content":{"rendered":"\n<p>Visitan base del CESFRONT en Dajab\u00f3n<\/p>\n\n\n\n<figure class=\"wp-block-image size-large\"><img loading=\"lazy\" decoding=\"async\" width=\"1024\" height=\"478\" src=\"https:\/\/diariodominicano.com\/wp-content\/uploads\/2024\/03\/WhatsApp-Image-2024-03-31-at-7.30.27-PM-1024x478.jpeg\" alt=\"\" class=\"wp-image-519616\" srcset=\"https:\/\/diariodominicano.com\/wp-content\/uploads\/2024\/03\/WhatsApp-Image-2024-03-31-at-7.30.27-PM-1024x478.jpeg 1024w, https:\/\/diariodominicano.com\/wp-content\/uploads\/2024\/03\/WhatsApp-Image-2024-03-31-at-7.30.27-PM-300x140.jpeg 300w, https:\/\/diariodominicano.com\/wp-content\/uploads\/2024\/03\/WhatsApp-Image-2024-03-31-at-7.30.27-PM-768x359.jpeg 768w, https:\/\/diariodominicano.com\/wp-content\/uploads\/2024\/03\/WhatsApp-Image-2024-03-31-at-7.30.27-PM-1536x717.jpeg 1536w, https:\/\/diariodominicano.com\/wp-content\/uploads\/2024\/03\/WhatsApp-Image-2024-03-31-at-7.30.27-PM-816x381.jpeg 816w, https:\/\/diariodominicano.com\/wp-content\/uploads\/2024\/03\/WhatsApp-Image-2024-03-31-at-7.30.27-PM.jpeg 1600w\" sizes=\"auto, (max-width: 1024px) 100vw, 1024px\" \/><\/figure>\n\n\n\n<p><strong>DAJAB\u00d3N, RD. &#8211; <\/strong>Una comisi\u00f3n de la Fundaci\u00f3n de Militares Constitucionalistas visit\u00f3 este domingo la Base de Operaciones Fronterizas \u201cBatalla de Sabana Larga\u201d que sirve en esta provincia al Cuerpo Especializado de Seguridad Fronteriza Terrestre (CESFRONT) para expresar su solidaridad por \u201cla prudencia y firmeza\u201d con que los militares destacados en la regi\u00f3n han manejado su misi\u00f3n.<br>\u00a0<\/p>\n\n\n\n<figure class=\"wp-block-image size-large\"><img loading=\"lazy\" decoding=\"async\" width=\"1024\" height=\"478\" src=\"https:\/\/diariodominicano.com\/wp-content\/uploads\/2024\/03\/WhatsApp-Image-2024-03-31-at-7.30.26-PM-1-1024x478.jpeg\" alt=\"\" class=\"wp-image-519620\" srcset=\"https:\/\/diariodominicano.com\/wp-content\/uploads\/2024\/03\/WhatsApp-Image-2024-03-31-at-7.30.26-PM-1-1024x478.jpeg 1024w, https:\/\/diariodominicano.com\/wp-content\/uploads\/2024\/03\/WhatsApp-Image-2024-03-31-at-7.30.26-PM-1-300x140.jpeg 300w, https:\/\/diariodominicano.com\/wp-content\/uploads\/2024\/03\/WhatsApp-Image-2024-03-31-at-7.30.26-PM-1-768x359.jpeg 768w, https:\/\/diariodominicano.com\/wp-content\/uploads\/2024\/03\/WhatsApp-Image-2024-03-31-at-7.30.26-PM-1-1536x717.jpeg 1536w, https:\/\/diariodominicano.com\/wp-content\/uploads\/2024\/03\/WhatsApp-Image-2024-03-31-at-7.30.26-PM-1-816x381.jpeg 816w, https:\/\/diariodominicano.com\/wp-content\/uploads\/2024\/03\/WhatsApp-Image-2024-03-31-at-7.30.26-PM-1.jpeg 1600w\" sizes=\"auto, (max-width: 1024px) 100vw, 1024px\" \/><\/figure>\n\n\n\n<figure class=\"wp-block-image size-large\"><img loading=\"lazy\" decoding=\"async\" width=\"1024\" height=\"482\" src=\"https:\/\/diariodominicano.com\/wp-content\/uploads\/2024\/03\/WhatsApp-Image-2024-03-31-at-7.30.27-PM-1-1024x482.jpeg\" alt=\"\" class=\"wp-image-519621\" srcset=\"https:\/\/diariodominicano.com\/wp-content\/uploads\/2024\/03\/WhatsApp-Image-2024-03-31-at-7.30.27-PM-1-1024x482.jpeg 1024w, https:\/\/diariodominicano.com\/wp-content\/uploads\/2024\/03\/WhatsApp-Image-2024-03-31-at-7.30.27-PM-1-300x141.jpeg 300w, https:\/\/diariodominicano.com\/wp-content\/uploads\/2024\/03\/WhatsApp-Image-2024-03-31-at-7.30.27-PM-1-768x361.jpeg 768w, https:\/\/diariodominicano.com\/wp-content\/uploads\/2024\/03\/WhatsApp-Image-2024-03-31-at-7.30.27-PM-1-1536x723.jpeg 1536w, https:\/\/diariodominicano.com\/wp-content\/uploads\/2024\/03\/WhatsApp-Image-2024-03-31-at-7.30.27-PM-1-816x384.jpeg 816w, https:\/\/diariodominicano.com\/wp-content\/uploads\/2024\/03\/WhatsApp-Image-2024-03-31-at-7.30.27-PM-1.jpeg 1588w\" sizes=\"auto, (max-width: 1024px) 100vw, 1024px\" \/><\/figure>\n\n\n\n<p><br>Los exmilitares y civiles constitucionalistas expresaron que \u201cvisitaron las tropas destacadas en la frontera, para solidarizarse con la prudencia y firmeza, con que ellos se han comportado de manera estoica durante varios meses, sin dejarse provocar, pero firmes en el inter\u00e9s de darle fiel cumplimiento a las disposiciones del Presidente Luis Abinader de resguardar la seguridad de la Naci\u00f3n y defender la soberan\u00eda nacional, en caso de que as\u00ed lo demanden las circunstancias\u201d.<br>\u00a0<br>Los visitantes fueron recibidos por el teniente coronel paracaidista Morlin M. Fabian Tolentino, FARD, comandante de esta base. Tambi\u00e9n estuvieron presentes periodistas locales. Primero realizaron un recorrido por el puente que est\u00e1 junto a la base y posteriormente se produjo un encuentro en el comedor del recinto del CESFRONT.<\/p>\n\n\n\n<p><br>\u00a0<br>El grupo de visitantes lo presidi\u00f3 el Lic. Andr\u00e9s Fortunato Victori\u00e1, ex cadete constitucionalista. Lo acompa\u00f1aron los exmilitares Leocadio Castillo y su esposa Maura Mont\u00e1s de Leocadio, Andr\u00e9s Ram\u00edrez Encarnaci\u00f3n, Francisco Lora de Le\u00f3n, Manuel Terrero S\u00e1nchez, Feliz P\u00e9rez Valdez, Laurense Mart\u00ednez Scarfullery, Jos\u00e9 Garc\u00eda Dim\u00edan y H\u00e9ctor Rivas Sena Tambi\u00e9n participaron los civiles excombatientes Lic.\u00a0 Hip\u00f3lito Rivera, Marcos Antonio Santana, Fernando Mateo y el Dr. Soriano Lazil y su esposa Laudovina de Lazil.<br>\u00a0<br>La declaraci\u00f3n de la Fundaci\u00f3n destaca que los militares y combatientes constitucionalistas han luchado durante 59 a\u00f1os, \u201cpara que se mantenga viva la memoria heroica de esa gesta iniciada el 24 de abril de 1965\u201d y reconocen \u201ctodas las medidas asumidas por el Presidente Luis Abinader, en torno a la crisis fronteriza\u201d, para garantizar \u201cla seguridad de la naci\u00f3n, amenazada por el estado de anarqu\u00eda de las bandas incontrolables que operan en Hait\u00ed\u201d.<\/p>\n\n\n\n<figure class=\"wp-block-image size-large\"><img loading=\"lazy\" decoding=\"async\" width=\"1024\" height=\"576\" src=\"https:\/\/diariodominicano.com\/wp-content\/uploads\/2024\/03\/WhatsApp-Image-2024-03-31-at-7.30.25-PM-1024x576.jpeg\" alt=\"\" class=\"wp-image-519624\" srcset=\"https:\/\/diariodominicano.com\/wp-content\/uploads\/2024\/03\/WhatsApp-Image-2024-03-31-at-7.30.25-PM-1024x576.jpeg 1024w, https:\/\/diariodominicano.com\/wp-content\/uploads\/2024\/03\/WhatsApp-Image-2024-03-31-at-7.30.25-PM-300x169.jpeg 300w, https:\/\/diariodominicano.com\/wp-content\/uploads\/2024\/03\/WhatsApp-Image-2024-03-31-at-7.30.25-PM-768x432.jpeg 768w, https:\/\/diariodominicano.com\/wp-content\/uploads\/2024\/03\/WhatsApp-Image-2024-03-31-at-7.30.25-PM-1536x864.jpeg 1536w, https:\/\/diariodominicano.com\/wp-content\/uploads\/2024\/03\/WhatsApp-Image-2024-03-31-at-7.30.25-PM-816x459.jpeg 816w, https:\/\/diariodominicano.com\/wp-content\/uploads\/2024\/03\/WhatsApp-Image-2024-03-31-at-7.30.25-PM.jpeg 1600w\" sizes=\"auto, (max-width: 1024px) 100vw, 1024px\" \/><\/figure>\n\n\n\n<p>Prensa Mide<\/p>\n\n\n\n<p><a href=\"mailto:prensaj5mide@gmail.com\" target=\"_blank\" rel=\"noreferrer noopener\">prensaj5mide@gmail.com<\/a><\/p>\n\n\n\n<p><strong><em>Departamento de Prensa<\/em><\/strong><\/p>\n\n\n\n<p><em><strong>Direcci\u00f3n de Asuntos Civiles del Estado Mayor Conjunto, J5<\/strong><\/em><\/p>\n\n\n\n<p><em><strong>Ministerio de Defensa de Rep\u00fablica Dominicana<\/strong><\/em><\/p>\n","protected":false},"excerpt":{"rendered":"<p>Visitan base del CESFRONT en Dajab\u00f3n DAJAB\u00d3N, RD. &#8211; Una comisi\u00f3n de la Fundaci\u00f3n de Militares Constitucionalistas visit\u00f3 este domingo la Base de Operaciones Fronterizas \u201cBatalla de Sabana Larga\u201d que sirve en esta provincia al Cuerpo Especializado de Seguridad Fronteriza Terrestre (CESFRONT) para expresar su solidaridad por \u201cla prudencia y firmeza\u201d con que los militares [&hellip;]<\/p>\n","protected":false},"author":28,"featured_media":519614,"comment_status":"closed","ping_status":"","sticky":true,"template":"","format":"standard","meta":{"footnotes":""},"categories":[20,27],"tags":[],"class_list":["post-519613","post","type-post","status-publish","format-standard","has-post-thumbnail","hentry","category-dominicana-hoy","category-portada"],"_links":{"self":[{"href":"https:\/\/diariodominicano.com\/index.php?rest_route=\/wp\/v2\/posts\/519613","targetHints":{"allow":["GET"]}}],"collection":[{"href":"https:\/\/diariodominicano.com\/index.php?rest_route=\/wp\/v2\/posts"}],"about":[{"href":"https:\/\/diariodominicano.com\/index.php?rest_route=\/wp\/v2\/types\/post"}],"author":[{"embeddable":true,"href":"https:\/\/diariodominicano.com\/index.php?rest_route=\/wp\/v2\/users\/28"}],"replies":[{"embeddable":true,"href":"https:\/\/diariodominicano.com\/index.php?rest_route=%2Fwp%2Fv2%2Fcomments&post=519613"}],"version-history":[{"count":7,"href":"https:\/\/diariodominicano.com\/index.php?rest_route=\/wp\/v2\/posts\/519613\/revisions"}],"predecessor-version":[{"id":519625,"href":"https:\/\/diariodominicano.com\/index.php?rest_route=\/wp\/v2\/posts\/519613\/revisions\/519625"}],"wp:featuredmedia":[{"embeddable":true,"href":"https:\/\/diariodominicano.com\/index.php?rest_route=\/wp\/v2\/media\/519614"}],"wp:attachment":[{"href":"https:\/\/diariodominicano.com\/index.php?rest_route=%2Fwp%2Fv2%2Fmedia&parent=519613"}],"wp:term":[{"taxonomy":"category","embeddable":true,"href":"https:\/\/diariodominicano.com\/index.php?rest_route=%2Fwp%2Fv2%2Fcategories&post=519613"},{"taxonomy":"post_tag","embeddable":true,"href":"https:\/\/diariodominicano.com\/index.php?rest_route=%2Fwp%2Fv2%2Ftags&post=519613"}],"curies":[{"name":"wp","href":"https:\/\/api.w.org\/{rel}","templated":true}]}}