{"id":519593,"date":"2024-03-31T19:29:07","date_gmt":"2024-03-31T23:29:07","guid":{"rendered":"https:\/\/diariodominicano.com\/?p=519593"},"modified":"2024-03-31T19:30:32","modified_gmt":"2024-03-31T23:30:32","slug":"dolores-insoportable-por-problemas-de-articulaciones","status":"publish","type":"post","link":"https:\/\/diariodominicano.com\/?p=519593","title":{"rendered":"Dolores insoportable por problemas de articulaciones\u00a0"},"content":{"rendered":"\n<p>Momento dif\u00edcil causado por tendinistis&nbsp;<\/p>\n\n\n\n<p>Por Mario Antonio Lara Valdez&nbsp;<\/p>\n\n\n\n<p>Crujir de dientes por ese dolor intenso que provoca cada movimiento en la cadera , rodilla como en otras partes del cuerpo quedar postrado observar esa disminuci\u00f3n en la calidad de vida asi como dej\u00e1ndome&nbsp; vencer por esas pellizcos en zonas afectadas.&nbsp;<\/p>\n\n\n\n<figure class=\"wp-block-image size-full\"><img loading=\"lazy\" decoding=\"async\" width=\"700\" height=\"500\" src=\"https:\/\/diariodominicano.com\/wp-content\/uploads\/2024\/03\/20240331_105340.jpg\" alt=\"\" class=\"wp-image-519595\" srcset=\"https:\/\/diariodominicano.com\/wp-content\/uploads\/2024\/03\/20240331_105340.jpg 700w, https:\/\/diariodominicano.com\/wp-content\/uploads\/2024\/03\/20240331_105340-300x214.jpg 300w\" sizes=\"auto, (max-width: 700px) 100vw, 700px\" \/><\/figure>\n\n\n\n<p>Las investigaciones en ortopedia son palpable en terapias , medicamentos&nbsp; ayudado por cambios de h\u00e1bitos claro est\u00e1 pero tambi\u00e9n podemos observar falta de acceso a informaci\u00f3n y tratamiento para lograr recuperaci\u00f3n del paciente&nbsp; por sus costos o ese proceso lento pero eficaz.&nbsp;<\/p>\n\n\n\n<p>En conversaci\u00f3n con ese m\u00e9dico de experiencia logr\u00e9 recibir confianza y una&nbsp; explicaci\u00f3n detallada sobre esta situaci\u00f3n de salud que puede llegar a dejar postrado en cama o con lesiones graves en la movilidad del cuerpo .<\/p>\n\n\n\n<p>Esta experiencia traumatica puede verse negativa pero soy de lo trata de ver lo positivo entonces busco en la&nbsp; memoria aquellos relatos de personas que pasan por problemas con las articulaciones entendiendo esa sensaci\u00f3n de sentirse desprotegidos por seguros m\u00e9dicos y sistema de salud al&nbsp; no tener ese dinero a mano para lograr ser un ciudadano saludable y productivo.&nbsp;<\/p>\n\n\n\n<p>Descanso, terapia de l\u00e1ser , infiltraci\u00f3n de inyecci\u00f3n\u00a0 de diferentes tipos de alternativas focalizada en la zona afectada como otras posibles soluciones pero siempre guiada por el m\u00e9dico especialista ortopedista traumat\u00f3logo acompa\u00f1ado de otras especialidades aprovechando avances significativo en la medicina deportiva.<\/p>\n\n\n\n<figure class=\"wp-block-image size-full\"><img loading=\"lazy\" decoding=\"async\" width=\"320\" height=\"150\" src=\"https:\/\/diariodominicano.com\/wp-content\/uploads\/2024\/03\/IMG-20240331-WA0153.jpg\" alt=\"\" class=\"wp-image-519597\" srcset=\"https:\/\/diariodominicano.com\/wp-content\/uploads\/2024\/03\/IMG-20240331-WA0153.jpg 320w, https:\/\/diariodominicano.com\/wp-content\/uploads\/2024\/03\/IMG-20240331-WA0153-300x141.jpg 300w\" sizes=\"auto, (max-width: 320px) 100vw, 320px\" \/><\/figure>\n\n\n\n<p>Este&nbsp; dolor que provoca incapacidad de movimiento e insomnio est\u00e1 relacionado a la tendinitis y la bursitis creando descomposici\u00f3n de los tejidos blandos que rodean los m\u00fasculos como en los huesos reflejandose tambi\u00e9n inflamaci\u00f3n en&nbsp; hombros, mu\u00f1ecas , cuello,&nbsp; caderas, rodillas as\u00ed como tobillos.<\/p>\n\n\n\n<p>&nbsp;Los tendones son estructuras en forma de cord\u00f3n donde nuestros&nbsp; m\u00fasculos se adhieren al hueso cuando por algun movimiento brusco o repetitivo nos encontramos en problemas que urgentemente debemos enfrentar para evitar esta situaci\u00f3n dolorosa .<\/p>\n\n\n\n<p>Mario Antonio Lara Valdez.<\/p>\n\n\n\n<p>Secretario de Organizaci\u00f3n del Sindicato Nacional de Trabajadores de la Prensa SNTP Distrito Nacional&nbsp;<\/p>\n\n\n\n<p><\/p>\n\n\n\n<p><\/p>\n\n\n\n<p><\/p>\n\n\n\n<p>Director de Organizaci\u00f3n de la Sociedad Dominicana de Medios Digitales Sodomedi.<\/p>\n\n\n\n<p>Mario Antonio Lara Valdez<\/p>\n\n\n\n<p><a target=\"_blank\" href=\"mailto:laravaldez2727@gmail.com\" rel=\"noreferrer noopener\">laravaldez2727@gmail.com<\/a><\/p>\n","protected":false},"excerpt":{"rendered":"<p>Momento dif\u00edcil causado por tendinistis&nbsp; Por Mario Antonio Lara Valdez&nbsp; Crujir de dientes por ese dolor intenso que provoca cada movimiento en la cadera , rodilla como en otras partes del cuerpo quedar postrado observar esa disminuci\u00f3n en la calidad de vida asi como dej\u00e1ndome&nbsp; vencer por esas pellizcos en zonas afectadas.&nbsp; Las investigaciones en [&hellip;]<\/p>\n","protected":false},"author":28,"featured_media":519594,"comment_status":"closed","ping_status":"","sticky":false,"template":"","format":"standard","meta":{"footnotes":""},"categories":[36,25,19,16],"tags":[],"class_list":["post-519593","post","type-post","status-publish","format-standard","has-post-thumbnail","hentry","category-hombresmujeresycosas","category-gente","category-mi-voz","category-opiniones"],"_links":{"self":[{"href":"https:\/\/diariodominicano.com\/index.php?rest_route=\/wp\/v2\/posts\/519593","targetHints":{"allow":["GET"]}}],"collection":[{"href":"https:\/\/diariodominicano.com\/index.php?rest_route=\/wp\/v2\/posts"}],"about":[{"href":"https:\/\/diariodominicano.com\/index.php?rest_route=\/wp\/v2\/types\/post"}],"author":[{"embeddable":true,"href":"https:\/\/diariodominicano.com\/index.php?rest_route=\/wp\/v2\/users\/28"}],"replies":[{"embeddable":true,"href":"https:\/\/diariodominicano.com\/index.php?rest_route=%2Fwp%2Fv2%2Fcomments&post=519593"}],"version-history":[{"count":3,"href":"https:\/\/diariodominicano.com\/index.php?rest_route=\/wp\/v2\/posts\/519593\/revisions"}],"predecessor-version":[{"id":519599,"href":"https:\/\/diariodominicano.com\/index.php?rest_route=\/wp\/v2\/posts\/519593\/revisions\/519599"}],"wp:featuredmedia":[{"embeddable":true,"href":"https:\/\/diariodominicano.com\/index.php?rest_route=\/wp\/v2\/media\/519594"}],"wp:attachment":[{"href":"https:\/\/diariodominicano.com\/index.php?rest_route=%2Fwp%2Fv2%2Fmedia&parent=519593"}],"wp:term":[{"taxonomy":"category","embeddable":true,"href":"https:\/\/diariodominicano.com\/index.php?rest_route=%2Fwp%2Fv2%2Fcategories&post=519593"},{"taxonomy":"post_tag","embeddable":true,"href":"https:\/\/diariodominicano.com\/index.php?rest_route=%2Fwp%2Fv2%2Ftags&post=519593"}],"curies":[{"name":"wp","href":"https:\/\/api.w.org\/{rel}","templated":true}]}}