{"id":519550,"date":"2024-03-31T15:25:59","date_gmt":"2024-03-31T19:25:59","guid":{"rendered":"https:\/\/diariodominicano.com\/?p=519550"},"modified":"2024-03-31T15:25:59","modified_gmt":"2024-03-31T19:25:59","slug":"en-haiti-oficina-de-la-onu-para-la-juventud-felicita-a-nuevo-presidente-de-senegal-bassirou-diomaye-faye","status":"publish","type":"post","link":"https:\/\/diariodominicano.com\/?p=519550","title":{"rendered":"En Hait\u00ed, Oficina de la ONU para la Juventud felicita a nuevo presidente de Senegal, Bassirou Diomaye Faye"},"content":{"rendered":"\n<p>diariodominicano.com<\/p>\n\n\n\n<p>Puerto Pr\u00edncipe, 31 mar (Prensa Latina) La Oficina de la Organizaci\u00f3n de las Naciones Unidas para la Juventud en Hait\u00ed felicit\u00f3 al nuevo presidente de Senegal, Bassirou Diomaye Faye, inform\u00f3 hoy la prensa local.<\/p>\n\n\n\n<p>El organismo transmiti\u00f3 sus m\u00e1s c\u00e1lidas congratulaciones al candidato del Cambio de Sistema y del Panafricanismo de Izquierda elegido con m\u00e1s del 54 por ciento de los votos en las elecciones presidenciales.<\/p>\n\n\n\n<p>La victoria de Faye fue inobjetable ya que su rival, el candidato de la coalici\u00f3n progubernamental Amadou Ba, solo reuni\u00f3 35 por ciento.<\/p>\n\n\n\n<p>Faye se convirti\u00f3 en el quinto y m\u00e1s joven presidente senegal\u00e9s elegido en la historia de ese pa\u00eds de \u00c1frica Occidental, a la edad de 44 a\u00f1os, precis\u00f3 el diario digital Hait\u00ed Libre.<\/p>\n\n\n\n<p>La Corte Constitucional de Senegal confirm\u00f3 la victoria del opositor y valid\u00f3 los resultados provisionales tras el recuento del 100 por ciento de los colegios electorales, y se espera que el nuevo mandatario jure su cargo el martes en la ciudad de Diamniadio.<\/p>\n\n\n\n<p>Bassirou Diomaye Faye venci\u00f3 en las urnas a 16 candidatos.<\/p>\n\n\n\n<p>oda\/joe<\/p>\n","protected":false},"excerpt":{"rendered":"<p>diariodominicano.com Puerto Pr\u00edncipe, 31 mar (Prensa Latina) La Oficina de la Organizaci\u00f3n de las Naciones Unidas para la Juventud en Hait\u00ed felicit\u00f3 al nuevo presidente de Senegal, Bassirou Diomaye Faye, inform\u00f3 hoy la prensa local. El organismo transmiti\u00f3 sus m\u00e1s c\u00e1lidas congratulaciones al candidato del Cambio de Sistema y del Panafricanismo de Izquierda elegido con [&hellip;]<\/p>\n","protected":false},"author":5,"featured_media":519551,"comment_status":"closed","ping_status":"","sticky":true,"template":"","format":"standard","meta":{"footnotes":""},"categories":[112,23,27],"tags":[],"class_list":["post-519550","post","type-post","status-publish","format-standard","has-post-thumbnail","hentry","category-haiti","category-internacional","category-portada"],"_links":{"self":[{"href":"https:\/\/diariodominicano.com\/index.php?rest_route=\/wp\/v2\/posts\/519550","targetHints":{"allow":["GET"]}}],"collection":[{"href":"https:\/\/diariodominicano.com\/index.php?rest_route=\/wp\/v2\/posts"}],"about":[{"href":"https:\/\/diariodominicano.com\/index.php?rest_route=\/wp\/v2\/types\/post"}],"author":[{"embeddable":true,"href":"https:\/\/diariodominicano.com\/index.php?rest_route=\/wp\/v2\/users\/5"}],"replies":[{"embeddable":true,"href":"https:\/\/diariodominicano.com\/index.php?rest_route=%2Fwp%2Fv2%2Fcomments&post=519550"}],"version-history":[{"count":1,"href":"https:\/\/diariodominicano.com\/index.php?rest_route=\/wp\/v2\/posts\/519550\/revisions"}],"predecessor-version":[{"id":519552,"href":"https:\/\/diariodominicano.com\/index.php?rest_route=\/wp\/v2\/posts\/519550\/revisions\/519552"}],"wp:featuredmedia":[{"embeddable":true,"href":"https:\/\/diariodominicano.com\/index.php?rest_route=\/wp\/v2\/media\/519551"}],"wp:attachment":[{"href":"https:\/\/diariodominicano.com\/index.php?rest_route=%2Fwp%2Fv2%2Fmedia&parent=519550"}],"wp:term":[{"taxonomy":"category","embeddable":true,"href":"https:\/\/diariodominicano.com\/index.php?rest_route=%2Fwp%2Fv2%2Fcategories&post=519550"},{"taxonomy":"post_tag","embeddable":true,"href":"https:\/\/diariodominicano.com\/index.php?rest_route=%2Fwp%2Fv2%2Ftags&post=519550"}],"curies":[{"name":"wp","href":"https:\/\/api.w.org\/{rel}","templated":true}]}}