{"id":51951,"date":"2020-07-07T16:31:16","date_gmt":"2020-07-07T16:31:16","guid":{"rendered":"http:\/\/diariodominicano.ddns.net\/?p=51951"},"modified":"2020-07-07T16:31:16","modified_gmt":"2020-07-07T16:31:16","slug":"miles-de-personas-visitan-museo-del-louvre-tras-reapertura","status":"publish","type":"post","link":"https:\/\/diariodominicano.com\/?p=51951","title":{"rendered":"Miles de personas visitan museo del Louvre tras reapertura"},"content":{"rendered":"<p><body><\/p>\n<p><img decoding=\"async\" src=\"img3\/Louvre7-7-20.jpg\" \/>  <\/p>\n<p><span class=\"text1noticias\"> <\/span><\/p>\n<p><span class=\"text1noticias\">diariodominicano.com<\/span><\/p>\n<p><span class=\"text1noticias\"> <\/span><\/p>\n<p><span class=\"text1noticias\">Par\u00eds, 7 jul (Prensa Latina) Miles de personas acudieron hoy en esta capital al museo del Louvre, emblem\u00e1tica instituci\u00f3n que reabri\u00f3 sus puertas despu\u00e9s de cuatro meses cerrada por el impacto de la Covid-19.<\/span><\/p>\n<p><span class=\"text1noticias\"> <\/span><\/p>\n<p><span class=\"text1noticias\">La m\u00e1s famosa y visitada instalaci\u00f3n de su tipo en el mundo acogi\u00f3 de nuevo al p\u00fablico en un escenario marcado por las medidas sanitarias para prevenir el contagio por el coronavirus SARS-CoV-2, entre ellas el uso obligatorio de m\u00e1scara, el recorrido en un solo sentido y los llamados a mantener la distanciaci\u00f3n humana. louvre<\/span><\/p>\n<p><span class=\"text1noticias\"> <\/span><\/p>\n<p><span class=\"text1noticias\">&#8216;No importa lo que tengamos que hacer para protegernos, lo relevante es que el Louvre est\u00e1 abierto y que poco a poco vendr\u00e1n de todo el planeta para disfrutarlo&#8217;, coment\u00f3 a Prensa Latina la estudiante espa\u00f1ola Carmen, mientras esperaba en la fila, mucho m\u00e1s corta que lo usual, para tomarse &#8216;un selfi&#8217; con la imperdible Mona Lisa de Leonardo da Vinci.<\/span><\/p>\n<p><span class=\"text1noticias\"> <\/span><\/p>\n<p><span class=\"text1noticias\">El retrato de Lisa Gherardini inmortalizado por el genio renacentista fue como siempre una de las estrellas de la jornada, con la satisfacci\u00f3n para los presentes de unos guardianes de sala mucho m\u00e1s permisivos que de costumbre, ante el menor flujo de visitantes. louvre<\/span><\/p>\n<p><span class=\"text1noticias\"> <\/span><\/p>\n<p><span class=\"text1noticias\">Lejos de las m\u00e1s de 16 mil personas que el museo recib\u00eda a diario antes del azote de la Covid-19, la cifra de la nueva etapa apenas llegar\u00eda a las 10 mil, adelant\u00f3 el presidente-director del Louvre, Jean-Luc Martinez.<\/span><\/p>\n<p><span class=\"text1noticias\"> <\/span><\/p>\n<p><span class=\"text1noticias\">Seg\u00fan el directivo, la instituci\u00f3n enfrenta p\u00e9rdidas millonarias, y espera recibir solo alrededor de un 30 por ciento de los visitantes del verano del a\u00f1o pasado, considerando que siete de cada 10 suelen ser turistas extranjeros.<\/span><\/p>\n<p><span class=\"text1noticias\"> <\/span><\/p>\n<p><span class=\"text1noticias\">Aunque el cierre de fronteras a\u00fan vigente y el temor a la pandemia conspiran contra eventos con p\u00fablico de alcance universal, el d\u00eda de la reapertura no fue la excepci\u00f3n si de escuchar diversos idiomas en sus galer\u00edas y salones se trata, con el franc\u00e9s como el l\u00f3gico predominante.<\/span><\/p>\n<p><span class=\"text1noticias\"> <\/span><\/p>\n<p><span class=\"text1noticias\">Consciente de esta realidad, Martinez expuso la semana pasada a la prensa la intenci\u00f3n de estimular al p\u00fablico local, para que acuda a uno de los s\u00edmbolos de la llamada Ciudad de la Luz.<\/span><\/p>\n<p><span class=\"text1noticias\"> <\/span><\/p>\n<p><span class=\"text1noticias\">Pese a la Covid-19 y las medidas de prevenci\u00f3n, el Louvre hizo este lunes lo que siempre hace, lograr que los afortunados en caminar por sus espacios olviden todo y se concentren en disfrutar un viaje irrepetible en el tiempo.<\/span><\/p>\n<\/p>\n<p>rgh\/wmr<\/p>\n<h6> 2020-07-07 16:31:16 <\/h6>\n<p><!--\n<link rel=\"stylesheet\" href=\"css\/bootstrap.min.css\">\n\n\n<ul class=\"pagination\">\n\t    \n\t\n\n<li >\n\t<a href='?page_no=433'>Previous<\/a>\n\t<\/li>\n\n\n       \n    \n\n<li><a href='?page_no=1'>1<\/a><\/li>\n\n\n\n<li><a href='?page_no=2'>2<\/a><\/li>\n\n\n\n<li><a>...<\/a><\/li>\n\n\n\n<li><a href='?page_no=432'>432<\/a><\/li>\n\n\n\n<li><a href='?page_no=433'>433<\/a><\/li>\n\n\n\n<li class='active'><a>434<\/a><\/li>\n\n\n\n<li><a href='?page_no=435'>435<\/a><\/li>\n\n\n\n<li><a href='?page_no=436'>436<\/a><\/li>\n\n\n\n<li><a>...<\/a><\/li>\n\n\n\n<li><a href='?page_no=22911'>22911<\/a><\/li>\n\n\n\n<li><a href='?page_no=22912'>22912<\/a><\/li>\n\n    \n\t\n\n<li >\n\t<a href='?page_no=435'>Next<\/a>\n\t<\/li>\n\n\n    \n\n<li><a href='?page_no=22912'>Last &rsaquo;&rsaquo;<\/a><\/li>\n\n<\/ul>\n\n\n--><br \/>\n<\/body><\/p>\n","protected":false},"excerpt":{"rendered":"<p>diariodominicano.com Par\u00eds, 7 jul (Prensa Latina) Miles de personas acudieron hoy en esta capital al museo del Louvre, emblem\u00e1tica instituci\u00f3n que reabri\u00f3 sus puertas despu\u00e9s de cuatro meses cerrada por el impacto de la Covid-19. La m\u00e1s famosa y visitada instalaci\u00f3n de su tipo en el mundo acogi\u00f3 de nuevo al p\u00fablico en un escenario [&hellip;]<\/p>\n","protected":false},"author":3,"featured_media":0,"comment_status":"open","ping_status":"open","sticky":false,"template":"","format":"standard","meta":{"footnotes":""},"categories":[21],"tags":[],"class_list":["post-51951","post","type-post","status-publish","format-standard","hentry","category-cultura"],"_links":{"self":[{"href":"https:\/\/diariodominicano.com\/index.php?rest_route=\/wp\/v2\/posts\/51951","targetHints":{"allow":["GET"]}}],"collection":[{"href":"https:\/\/diariodominicano.com\/index.php?rest_route=\/wp\/v2\/posts"}],"about":[{"href":"https:\/\/diariodominicano.com\/index.php?rest_route=\/wp\/v2\/types\/post"}],"author":[{"embeddable":true,"href":"https:\/\/diariodominicano.com\/index.php?rest_route=\/wp\/v2\/users\/3"}],"replies":[{"embeddable":true,"href":"https:\/\/diariodominicano.com\/index.php?rest_route=%2Fwp%2Fv2%2Fcomments&post=51951"}],"version-history":[{"count":0,"href":"https:\/\/diariodominicano.com\/index.php?rest_route=\/wp\/v2\/posts\/51951\/revisions"}],"wp:attachment":[{"href":"https:\/\/diariodominicano.com\/index.php?rest_route=%2Fwp%2Fv2%2Fmedia&parent=51951"}],"wp:term":[{"taxonomy":"category","embeddable":true,"href":"https:\/\/diariodominicano.com\/index.php?rest_route=%2Fwp%2Fv2%2Fcategories&post=51951"},{"taxonomy":"post_tag","embeddable":true,"href":"https:\/\/diariodominicano.com\/index.php?rest_route=%2Fwp%2Fv2%2Ftags&post=51951"}],"curies":[{"name":"wp","href":"https:\/\/api.w.org\/{rel}","templated":true}]}}