{"id":519453,"date":"2024-03-30T17:46:30","date_gmt":"2024-03-30T21:46:30","guid":{"rendered":"https:\/\/diariodominicano.com\/?p=519453"},"modified":"2024-03-30T17:46:30","modified_gmt":"2024-03-30T21:46:30","slug":"autoridades-militares-y-de-la-defensa-civil-realizaron-despliegue-de-sus-tropas-por-asueto-de-semana-santa-2024","status":"publish","type":"post","link":"https:\/\/diariodominicano.com\/?p=519453","title":{"rendered":"Autoridades Militares y de la Defensa Civil realizaron despliegue de sus tropas por asueto de Semana Santa 2024"},"content":{"rendered":"\n<p>diariodominicano.com<\/p>\n\n\n\n<p>Santo Domingo, R. D.,\u200230 de marzo, 2024.-\u2002Como medida de prevenci\u00f3n y en apoyo al Operativo Semana Santa 2024, \u00abConciencia por la Vida\u00bb, autoridades Militares y de la Defensa Civil, realizaron este Viernes Santo un despliegue de sus tropas para verificar balnearios y playas de distintas zonas del pa\u00eds.<\/p>\n\n\n\n<p>Dicho operativo tiene por objetivo reforzar las labores preventivas, disuasivas y operativas para garantizar la seguridad de los ciudadanos durante este periodo de asueto.<\/p>\n\n\n\n<p>Desde tempranas horas de la ma\u00f1ana de este Viernes Santos, miembros de distintas direcciones especializadas resguardan las \u00e1reas comerciales, carreteras, playas y balnearios, en respaldo al trabajo preventivo en coordinaci\u00f3n con el Centro de Operaciones de Emergencias (COE).<\/p>\n\n\n\n<p>Los recorridos fueron realizados por el Comandante General de la Armada de Rep\u00fablica Dominicana, vicealmirante Agust\u00edn Morillo Rodr\u00edguez, oficiales superiores de los Comando Conjunto Metropolitano, Norte, Sur, y Este de las FFAA, en representaci\u00f3n del Ministerio de Defensa, estuvieron presentes en las distintas &nbsp;provincias y municipios del pa\u00eds.<\/p>\n\n\n\n<p>Esta acci\u00f3n refleja el firme compromiso del Ministerio de Defensa (MIDE), &nbsp;con la seguridad y el bienestar de la poblaci\u00f3n, subrayando la importancia de la prevenci\u00f3n y el cuidado mutuo durante uno de los per\u00edodos m\u00e1s significativos para la comunidad dominicana.<br><\/p>\n\n\n\n<p><strong><em>Departamento de Prensa<\/em><\/strong><\/p>\n\n\n\n<p><em><strong>Direcci\u00f3n de Asuntos Civiles del Estado Mayor Conjunto, J5<\/strong><\/em><\/p>\n\n\n\n<p><em><strong>Ministerio de Defensa de Rep\u00fablica Dominicana<\/strong><\/em><\/p>\n","protected":false},"excerpt":{"rendered":"<p>diariodominicano.com Santo Domingo, R. D.,\u200230 de marzo, 2024.-\u2002Como medida de prevenci\u00f3n y en apoyo al Operativo Semana Santa 2024, \u00abConciencia por la Vida\u00bb, autoridades Militares y de la Defensa Civil, realizaron este Viernes Santo un despliegue de sus tropas para verificar balnearios y playas de distintas zonas del pa\u00eds. Dicho operativo tiene por objetivo reforzar [&hellip;]<\/p>\n","protected":false},"author":5,"featured_media":519455,"comment_status":"closed","ping_status":"","sticky":true,"template":"","format":"standard","meta":{"footnotes":""},"categories":[20,27],"tags":[],"class_list":["post-519453","post","type-post","status-publish","format-standard","has-post-thumbnail","hentry","category-dominicana-hoy","category-portada"],"_links":{"self":[{"href":"https:\/\/diariodominicano.com\/index.php?rest_route=\/wp\/v2\/posts\/519453","targetHints":{"allow":["GET"]}}],"collection":[{"href":"https:\/\/diariodominicano.com\/index.php?rest_route=\/wp\/v2\/posts"}],"about":[{"href":"https:\/\/diariodominicano.com\/index.php?rest_route=\/wp\/v2\/types\/post"}],"author":[{"embeddable":true,"href":"https:\/\/diariodominicano.com\/index.php?rest_route=\/wp\/v2\/users\/5"}],"replies":[{"embeddable":true,"href":"https:\/\/diariodominicano.com\/index.php?rest_route=%2Fwp%2Fv2%2Fcomments&post=519453"}],"version-history":[{"count":1,"href":"https:\/\/diariodominicano.com\/index.php?rest_route=\/wp\/v2\/posts\/519453\/revisions"}],"predecessor-version":[{"id":519456,"href":"https:\/\/diariodominicano.com\/index.php?rest_route=\/wp\/v2\/posts\/519453\/revisions\/519456"}],"wp:featuredmedia":[{"embeddable":true,"href":"https:\/\/diariodominicano.com\/index.php?rest_route=\/wp\/v2\/media\/519455"}],"wp:attachment":[{"href":"https:\/\/diariodominicano.com\/index.php?rest_route=%2Fwp%2Fv2%2Fmedia&parent=519453"}],"wp:term":[{"taxonomy":"category","embeddable":true,"href":"https:\/\/diariodominicano.com\/index.php?rest_route=%2Fwp%2Fv2%2Fcategories&post=519453"},{"taxonomy":"post_tag","embeddable":true,"href":"https:\/\/diariodominicano.com\/index.php?rest_route=%2Fwp%2Fv2%2Ftags&post=519453"}],"curies":[{"name":"wp","href":"https:\/\/api.w.org\/{rel}","templated":true}]}}