{"id":519394,"date":"2024-03-30T10:35:13","date_gmt":"2024-03-30T14:35:13","guid":{"rendered":"https:\/\/diariodominicano.com\/?p=519394"},"modified":"2024-03-30T10:35:13","modified_gmt":"2024-03-30T14:35:13","slug":"agentes-irrumpen-en-casa-de-presidenta-de-peru-por-investigacion-sobre-tres-relojes-de-lujo","status":"publish","type":"post","link":"https:\/\/diariodominicano.com\/?p=519394","title":{"rendered":"Agentes irrumpen en casa de presidenta de Per\u00fa por investigaci\u00f3n sobre tres relojes de lujo"},"content":{"rendered":"\n<p>Polic\u00edas y fiscales esperan a las afueras de la residencia de la presidenta peruana Dina Boluarte durante un allanamiento por una investigaci\u00f3n sobre presunta corrupci\u00f3n, en Lima, este s\u00e1bado 30 de marzo de 2024.<\/p>\n\n\n\n<ul class=\"wp-block-list\">\n<li><a href=\"https:\/\/www.vozdeamerica.com\/author\/voz-de-america-redaccion\/p_kym\">Voz de Am\u00e9rica &#8211; Redacci\u00f3n<\/a><\/li>\n<\/ul>\n\n\n\n<ul class=\"wp-block-list\">\n<li><a href=\"https:\/\/facebook.com\/sharer.php?u=https%3a%2f%2fwww.vozdeamerica.com%2fa%2fagentes-irrumpen-en-casa-de-presidenta-de-peru-por-caso-de-presunta-corrupcion-%2f7549927.html\" target=\"_blank\" rel=\"noreferrer noopener\"><\/a><\/li>\n\n\n\n<li><a href=\"https:\/\/twitter.com\/share?url=https%3a%2f%2fwww.vozdeamerica.com%2fa%2fagentes-irrumpen-en-casa-de-presidenta-de-peru-por-caso-de-presunta-corrupcion-%2f7549927.html&amp;text=Agentes+irrumpen+en+casa+de+presidenta+de+Per%c3%ba+por+investigaci%c3%b3n+sobre+tres+relojes+de+lujo\" target=\"_blank\" rel=\"noreferrer noopener\"><\/a><\/li>\n\n\n\n<li><\/li>\n\n\n\n<li><a href=\"mailto:?body=https%3a%2f%2fwww.vozdeamerica.com%2fa%2fagentes-irrumpen-en-casa-de-presidenta-de-peru-por-caso-de-presunta-corrupcion-%2f7549927.html&amp;subject=Agentes%20irrumpen%20en%20casa%20de%20presidenta%20de%20Per%C3%BA%20por%20investigaci%C3%B3n%20sobre%20tres%20relojes%20de%20lujo\"><\/a><\/li>\n<\/ul>\n\n\n\n<p><a href=\"https:\/\/www.vozdeamerica.com\/a\/agentes-irrumpen-en-casa-de-presidenta-de-peru-por-caso-de-presunta-corrupcion-\/7549927.html#comments\">&nbsp;Vea comentarios<\/a><\/p>\n\n\n\n<p>Tres relojes Rolex son clave en la investigaci\u00f3n, dirigida por el fiscal general y ordenada por un juez de la Corte Suprema. Agentes entraron al palacio presidencial. Hasta 6 presidentes de Per\u00fa han estado salpicados por la corrupci\u00f3n este siglo.<\/p>\n\n\n\n<p>La polic\u00eda rompi\u00f3 el viernes por la noche la cerradura de la puerta de la casa de la presidenta peruana Dina Boluarte en un allanamiento para incautar tres relojes de lujo de la marca Rolex dentro de una&nbsp;<em><strong><a href=\"https:\/\/www.vozdeamerica.com\/a\/investigan-por-presunto-enriquecimiento-ilicito-a-la-presidenta-de-peru-por-uso-de-reloj-rolex\/7533654.html\" target=\"_blank\" rel=\"noreferrer noopener\">investigaci\u00f3n por presunto enriquecimiento<\/a><\/strong><\/em>&nbsp;y omisi\u00f3n de declarar en agravio del Estado.<\/p>\n\n\n\n<p>Durante la madrugada del s\u00e1bado, los fiscales y polic\u00edas que ejecutan la investigaci\u00f3n dirigida por el fiscal general, Juan Villena, salieron de la casa de Boluarte y se dirigieron al palacio presidencial, donde entraron sin necesidad de utilizar la fuerza, para continuar con la redada ordenada por un juez de la Corte Suprema.<\/p>\n\n\n\n<p>Es la primera vez en la historia de Per\u00fa que la polic\u00eda y la fiscal\u00eda ingresan por la fuerza al domicilio de un presidente en ejercicio, en un pa\u00eds acostumbrado a que la justicia ordene registros en casas de exmandatarios o dicte prisi\u00f3n preventiva para antiguos funcionarios investigados por presunta corrupci\u00f3n. Los allanamientos al palacio presidencial si hab\u00edan ocurrido antes.<\/p>\n\n\n\n<p><a href=\"https:\/\/www.vozdeamerica.com\/a\/peru-construira-tribunal-dentro-carcel-juzgar-expresidentes\/7316402.html\"><\/a><\/p>\n\n\n\n<p><a href=\"https:\/\/www.vozdeamerica.com\/a\/peru-construira-tribunal-dentro-carcel-juzgar-expresidentes\/7316402.html\">TAMBI\u00c9N LEA<\/a><\/p>\n\n\n\n<h4 class=\"wp-block-heading\"><a href=\"https:\/\/www.vozdeamerica.com\/a\/peru-construira-tribunal-dentro-carcel-juzgar-expresidentes\/7316402.html\">Per\u00fa construir\u00e1 tribunal dentro de c\u00e1rcel para juzgar a expresidentes<\/a><\/h4>\n\n\n\n<p>Las televisoras locales mostraron al filo de la medianoche a polic\u00edas de la divisi\u00f3n de investigaciones de alta complejidad rompiendo el seguro de la puerta de la casa de la mandataria con una maza de metal tras esperar en vano por varios minutos que alguien abriese.<\/p>\n\n\n\n<h3 class=\"wp-block-heading\">No es grave, seg\u00fan el oficialismo<\/h3>\n\n\n\n<p>En una inusual entrevista durante la madrugada, el primer ministro, Gustavo Adrianz\u00e9n, dijo a la radio&nbsp;<em>RPP&nbsp;<\/em>que Boluarte estaba en la residencia del palacio presidencial y a\u00f1adi\u00f3 que lo ocurrido no era \u201cgrave\u201d, que se estaba generando \u201cuna tormenta donde no la hay\u201d y a\u00f1adi\u00f3 que el trabajo de la fiscal\u00eda estaca causando \u00abun ruido pol\u00edtico que afecta a las inversiones\u00bb.<\/p>\n\n\n\n<p>Adrianz\u00e9n afirm\u00f3, sin aportar pruebas, que existe una \u00abintencionalidad desestabilizadora\u00bb para golpear a la mandataria dirigida por los que \u201cmanejan el crimen organizado\u201d y quienes hace 14 meses exigieron su destituci\u00f3n en protestas que dejaron 49 civiles muertos en confrontaciones con las fuerzas de seguridad.<\/p>\n\n\n\n<p>El fiscal general, Juan Villena, dijo el martes que Boluarte mostraba \u201cun claro indicador de rebeld\u00eda\u201d en una respuesta escrita a su defensa, que buscaba postergar dos semanas la exhibici\u00f3n y declaraciones de la presidenta por su \u00abrecargada agenda\u00bb.<\/p>\n\n\n\n<p>La actitud de Boluarte&nbsp;<em><strong><a href=\"https:\/\/www.vozdeamerica.com\/a\/presidenta-peru-no-teme-posibles-intentos-destituirla-presunto-enriquecimiento\/7539303.html\" target=\"_blank\" rel=\"noreferrer noopener\">contradice sus promesas de la semana pasada<\/a><\/strong><\/em>, cuando para evitar las preguntas dijo a la prensa que se iba a presentar ante los fiscales para decir \u201cla verdad\u201d.<\/p>\n\n\n\n<figure class=\"wp-block-image\"><img decoding=\"async\" src=\"https:\/\/gdb.voanews.com\/01000000-0aff-0242-c145-08dc50c47d34_tv_w650_r1.jpg\" alt=\"Fiscal\u00eda peruana allana vivienda de Boluarte\" title=\"Fiscal\u00eda peruana allana vivienda de Boluarte\"\/><\/figure>\n\n\n\n<p><video poster=\"https:\/\/gdb.voanews.com\/01000000-0aff-0242-c145-08dc50c47d34_tv_w650_r1.jpg\" src=\"blob:https:\/\/www.vozdeamerica.com\/2ce08757-81e0-46e7-bad0-696778a9e69a\"><\/video><\/p>\n\n\n\n<p>&nbsp;INSERTAR&nbsp;SHARE<\/p>\n\n\n\n<h5 class=\"wp-block-heading\"><a href=\"https:\/\/www.vozdeamerica.com\/a\/7549946.html\" target=\"_blank\" rel=\"noreferrer noopener\">Fiscal\u00eda peruana allana vivienda de Boluarte<\/a><\/h5>\n\n\n\n<p>&nbsp;INSERTAR&nbsp;SHARE<\/p>\n\n\n\n<p>El c\u00f3digo se ha copiado en su portapapeles.<\/p>\n\n\n\n<hr class=\"wp-block-separator has-alpha-channel-opacity\"\/>\n\n\n\n<p>Ancho&nbsp;&nbsp;pxAltura&nbsp;&nbsp;px<\/p>\n\n\n\n<ul class=\"wp-block-list\">\n<li><a href=\"https:\/\/facebook.com\/sharer.php?u=https%3a%2f%2fwww.vozdeamerica.com%2fa%2f7549946.html\" target=\"_blank\" rel=\"noreferrer noopener\">Comparta en Facebook<\/a><\/li>\n\n\n\n<li><a href=\"https:\/\/twitter.com\/share?url=https%3a%2f%2fwww.vozdeamerica.com%2fa%2f7549946.html&amp;text=Fiscal%c3%ada+peruana+allana+vivienda+de+Boluarte\" target=\"_blank\" rel=\"noreferrer noopener\">Comparta en Twitter<\/a><\/li>\n<\/ul>\n\n\n\n<hr class=\"wp-block-separator has-alpha-channel-opacity\"\/>\n\n\n\n<p>The URL has been copied to your clipboard<\/p>\n\n\n\n<ul class=\"wp-block-list\">\n<li>Auto<\/li>\n\n\n\n<li>240p<\/li>\n\n\n\n<li>360p<\/li>\n\n\n\n<li>480p<\/li>\n\n\n\n<li>720p<\/li>\n\n\n\n<li>1080p<\/li>\n<\/ul>\n\n\n\n<p>No media source currently available<\/p>\n\n\n\n<p>0:001:100:00<\/p>\n\n\n\n<ul class=\"wp-block-list\">\n<li><\/li>\n\n\n\n<li><\/li>\n\n\n\n<li><\/li>\n\n\n\n<li><\/li>\n\n\n\n<li><\/li>\n\n\n\n<li><\/li>\n<\/ul>\n\n\n\n<p><a href=\"https:\/\/www.vozdeamerica.com\/embed\/player\/Article\/7549946.html?type=video&amp;FullScreenMode=True\" target=\"_blank\" rel=\"noreferrer noopener\"><\/a><\/p>\n\n\n\n<p>&nbsp;Descargar&nbsp;<\/p>\n\n\n\n<h3 class=\"wp-block-heading\">La clave: 3 relojes de lujo<\/h3>\n\n\n\n<p>La mandataria est\u00e1 envuelta en una crisis pol\u00edtica desde hace dos semanas por no explicar c\u00f3mo llegaron a su mu\u00f1eca derecha los Rolex que ha exhibido en actividades p\u00fablicas. Al inicio, dijo que al menos uno de los relojes era \u201cde anta\u00f1o\u201d, \u201cfruto\u201d de su \u201cesfuerzo\u201d desde los 18 a\u00f1os, y pidi\u00f3 a la prensa \u201cno entrar en temas personales\u201d.<\/p>\n\n\n\n<p>Sus ministros indicaron que hab\u00eda temas m\u00e1s importantes e incluso Adrianz\u00e9n abandon\u00f3 una conferencia enfadado cuando los reporteros insistieron en si los relojes fueron comprados o eran regalos. En el parlamento, un grupo de legisladores comenz\u00f3 a juntar firmas la semana pasada para pedir la destituci\u00f3n Boluarte. La presidenta respondi\u00f3: \u201cno temo a las vacancias\u201d.<\/p>\n\n\n\n<p><a href=\"https:\/\/www.vozdeamerica.com\/a\/suspenden-seis-meses-fiscal-general-peru-involucrada-grupo-criminal\/7388731.html\"><\/a><\/p>\n\n\n\n<p><a href=\"https:\/\/www.vozdeamerica.com\/a\/suspenden-seis-meses-fiscal-general-peru-involucrada-grupo-criminal\/7388731.html\">TAMBI\u00c9N LEA<\/a><\/p>\n\n\n\n<h4 class=\"wp-block-heading\"><a href=\"https:\/\/www.vozdeamerica.com\/a\/suspenden-seis-meses-fiscal-general-peru-involucrada-grupo-criminal\/7388731.html\">Suspenden por seis meses a fiscal general de Per\u00fa involucrada en grupo criminal<\/a><\/h4>\n\n\n\n<p>Villena precis\u00f3 el martes que es indispensable que la presidenta, o quien ella designe, \u201cexhiba a la brevedad los 3 relojes marca Rolex materia de la presente investigaci\u00f3n, a fin que no se generen efectos que puedan resultar irreversibles e impida contar con aquellos objetos sea por disposici\u00f3n indebida, p\u00e9rdida, destrucci\u00f3n o deterioro, con lo cual pueda verse afectada la investigaci\u00f3n\u201d.<\/p>\n\n\n\n<p>La investigaci\u00f3n por el uso de los relojes de lujo empez\u00f3 a mediados de marzo cuando el programa&nbsp;<em>La Encerrona<\/em>&nbsp;report\u00f3 que revis\u00f3 miles de fotos oficiales en una pesquisa sobre los relojes que usa la mandataria y destac\u00f3 entre todos un Rolex que en Per\u00fa vale hasta 14.000 d\u00f3lares. Luego, otros programas detectaron al menos dos Rolex m\u00e1s.<\/p>\n\n\n\n<h3 class=\"wp-block-heading\">Boluarte nunca declar\u00f3 los relojes<\/h3>\n\n\n\n<p>Boluarte, una abogada de 61 a\u00f1os, era una modesta funcionaria en una oficina de distrito del registro de identidad hasta su toma de posesi\u00f3n como vicepresidenta del pa\u00eds el 28 de julio de 2021, con el entonces presidente Pedro Castillo. Se convirti\u00f3 en su ministra de Inclusi\u00f3n Social con un sueldo de 8.136 d\u00f3lares mensuales.<\/p>\n\n\n\n<p>Cuando el parlamento destituy\u00f3 a Castillo el 7 de diciembre de 2022, Boluarte asumi\u00f3 la presidencia con un sueldo menor, 4.200 d\u00f3lares. Poco despu\u00e9s comenz\u00f3 a exhibir los relojes de lujo. Todos los funcionarios est\u00e1n obligados a declarar sus bienes para evitar posibles casos de enriquecimiento il\u00edcito, y las declaraciones de bienes de Boluarte no consignan ning\u00fan Rolex.<\/p>\n\n\n\n<p>Seis de los presidentes que rigieron el pa\u00eds las dos \u00faltimas d\u00e9cadas est\u00e1n salpicados por casos de corrupci\u00f3n. El caso m\u00e1s tr\u00e1gico fue el de Alan Garc\u00eda (2006-2011), quien se suicid\u00f3 dispar\u00e1ndose en la cabeza en 2019.<\/p>\n\n\n\n<p>No es el \u00fanico caso pendiente con la justicia de la presidenta, cuya popularidad en febrero era de apenas un 8%, seg\u00fan la firma Ipsos Per\u00fa.<\/p>\n\n\n\n<p>La fiscal\u00eda la denunci\u00f3 en noviembre ante el Congreso por homicidio calificado y lesiones graves en relaci\u00f3n con los 49 fallecidos en los choques contra las fuerzas de seguridad durante las protestas que exig\u00edan su renuncia.<\/p>\n\n\n\n<p><em>[Con informaci\u00f3n de AP]<\/em><\/p>\n","protected":false},"excerpt":{"rendered":"<p>Polic\u00edas y fiscales esperan a las afueras de la residencia de la presidenta peruana Dina Boluarte durante un allanamiento por una investigaci\u00f3n sobre presunta corrupci\u00f3n, en Lima, este s\u00e1bado 30 de marzo de 2024. &nbsp;Vea comentarios Tres relojes Rolex son clave en la investigaci\u00f3n, dirigida por el fiscal general y ordenada por un juez de [&hellip;]<\/p>\n","protected":false},"author":28,"featured_media":519395,"comment_status":"closed","ping_status":"","sticky":true,"template":"","format":"standard","meta":{"footnotes":""},"categories":[23,24,29,27],"tags":[],"class_list":["post-519394","post","type-post","status-publish","format-standard","has-post-thumbnail","hentry","category-internacional","category-justicia-y-derecho","category-policiasucesos","category-portada"],"_links":{"self":[{"href":"https:\/\/diariodominicano.com\/index.php?rest_route=\/wp\/v2\/posts\/519394","targetHints":{"allow":["GET"]}}],"collection":[{"href":"https:\/\/diariodominicano.com\/index.php?rest_route=\/wp\/v2\/posts"}],"about":[{"href":"https:\/\/diariodominicano.com\/index.php?rest_route=\/wp\/v2\/types\/post"}],"author":[{"embeddable":true,"href":"https:\/\/diariodominicano.com\/index.php?rest_route=\/wp\/v2\/users\/28"}],"replies":[{"embeddable":true,"href":"https:\/\/diariodominicano.com\/index.php?rest_route=%2Fwp%2Fv2%2Fcomments&post=519394"}],"version-history":[{"count":1,"href":"https:\/\/diariodominicano.com\/index.php?rest_route=\/wp\/v2\/posts\/519394\/revisions"}],"predecessor-version":[{"id":519396,"href":"https:\/\/diariodominicano.com\/index.php?rest_route=\/wp\/v2\/posts\/519394\/revisions\/519396"}],"wp:featuredmedia":[{"embeddable":true,"href":"https:\/\/diariodominicano.com\/index.php?rest_route=\/wp\/v2\/media\/519395"}],"wp:attachment":[{"href":"https:\/\/diariodominicano.com\/index.php?rest_route=%2Fwp%2Fv2%2Fmedia&parent=519394"}],"wp:term":[{"taxonomy":"category","embeddable":true,"href":"https:\/\/diariodominicano.com\/index.php?rest_route=%2Fwp%2Fv2%2Fcategories&post=519394"},{"taxonomy":"post_tag","embeddable":true,"href":"https:\/\/diariodominicano.com\/index.php?rest_route=%2Fwp%2Fv2%2Ftags&post=519394"}],"curies":[{"name":"wp","href":"https:\/\/api.w.org\/{rel}","templated":true}]}}