{"id":519391,"date":"2024-03-30T10:22:32","date_gmt":"2024-03-30T14:22:32","guid":{"rendered":"https:\/\/diariodominicano.com\/?p=519391"},"modified":"2024-03-30T10:22:32","modified_gmt":"2024-03-30T14:22:32","slug":"director-de-la-defensa-civil-supervisa-balnearios-de-samana-puerto-plata-y-montecristi","status":"publish","type":"post","link":"https:\/\/diariodominicano.com\/?p=519391","title":{"rendered":"Director de la Defensa Civil supervisa balnearios de Saman\u00e1, Puerto Plata y Montecristi"},"content":{"rendered":"\n<p><strong>Santo Domingo, RD.-<\/strong>\u00a0El director ejecutivo de la Defensa Civil, Juan Salas, realiz\u00f3 el viernes santo un recorrido a\u00e9reo de supervisi\u00f3n que incluy\u00f3 las provincias Saman\u00e1, Puerto Plata y Montecristi, esto como parte de las acciones que ejecuta el organismo naranja en el operativo \u201cConciencia por la Vida, Semana Santa 2024\u201d.<\/p>\n\n\n\n<p>Salas, quien se hizo acompa\u00f1ar de varios periodistas de distintos medios de comunicaci\u00f3n y oficiales de la Fuerza A\u00e9rea dominicana, dijo que esta supervisi\u00f3n se realiza con el objetivo de garantizar la seguridad y la tranquilidad de la poblaci\u00f3n durante el asueto de la Semana Mayor.<\/p>\n\n\n\n<p>\u201cQue la prudencia sea que nos gu\u00ede y que nos regrese sanos y salvos a casa. Esto garantizar\u00e1 que todos nos reencontremos el lunes en nuestros espacios de trabajo, porque la vida debe continuar. indic\u00f3 el tambi\u00e9n presidente de la Comisi\u00f3n Nacional de Emergencias (CNE).<\/p>\n\n\n\n<p>La ruta inici\u00f3 desde el Helipuerto de Santo Domingo, hasta Saman\u00e1, donde verific\u00f3 las operaciones de la Defensa Civil, en Las Terrenas y otros lugares habilitados para el ba\u00f1o.<\/p>\n\n\n\n<p>Luego lleg\u00f3 a Puerto Plata, donde junto al director provincial naranja, Whascar Garc\u00eda, visit\u00f3 algunos balnearios y llev\u00f3 mensajes de prevenci\u00f3n a las personas que se encontraban all\u00ed.<\/p>\n\n\n\n<p>El \u00faltimo destino fue Montecristi, provincia fronteriza muy visitada en estas fechas, donde el director y el equipo que le acompa\u00f1aba, verificaron que no se hab\u00eda registrado ning\u00fan incidente hasta el momento de la llegada.<\/p>\n\n\n\n<p>Juan Salas agradeci\u00f3 al comandante general de la Fuerza A\u00e9rea, Mayor General, Carlos Febrillet Rodr\u00edguez, por disponer de estas aeronaves (helic\u00f3pteros), que durante todo el fin de semana estar\u00e1n a disposici\u00f3n de la Defensa Civil y del pa\u00eds, para garantizar una \u201cSemana Santa m\u00e1s Preventiva\u201d.<\/p>\n\n\n\n<p>Visita a otras provincias<\/p>\n\n\n\n<p>Juan Salas dijo  que el recorrido a\u00e9reo continuar\u00e1 durante todo el fin de semana en las provincias Barahona y Pedernales donde se reunir\u00e1 con voluntarios y voluntarias de la Defensa Civil.<\/p>\n\n\n\n<p>Defensa Civil Dominicana<\/p>\n\n\n\n<p><a target=\"_blank\" href=\"mailto:redesdefensacivil@gmail.com\" rel=\"noreferrer noopener\">redesdefensacivil@gmail.com<\/a><\/p>\n","protected":false},"excerpt":{"rendered":"<p>Santo Domingo, RD.-\u00a0El director ejecutivo de la Defensa Civil, Juan Salas, realiz\u00f3 el viernes santo un recorrido a\u00e9reo de supervisi\u00f3n que incluy\u00f3 las provincias Saman\u00e1, Puerto Plata y Montecristi, esto como parte de las acciones que ejecuta el organismo naranja en el operativo \u201cConciencia por la Vida, Semana Santa 2024\u201d. Salas, quien se hizo acompa\u00f1ar [&hellip;]<\/p>\n","protected":false},"author":28,"featured_media":519392,"comment_status":"closed","ping_status":"","sticky":true,"template":"","format":"standard","meta":{"footnotes":""},"categories":[20,27],"tags":[],"class_list":["post-519391","post","type-post","status-publish","format-standard","has-post-thumbnail","hentry","category-dominicana-hoy","category-portada"],"_links":{"self":[{"href":"https:\/\/diariodominicano.com\/index.php?rest_route=\/wp\/v2\/posts\/519391","targetHints":{"allow":["GET"]}}],"collection":[{"href":"https:\/\/diariodominicano.com\/index.php?rest_route=\/wp\/v2\/posts"}],"about":[{"href":"https:\/\/diariodominicano.com\/index.php?rest_route=\/wp\/v2\/types\/post"}],"author":[{"embeddable":true,"href":"https:\/\/diariodominicano.com\/index.php?rest_route=\/wp\/v2\/users\/28"}],"replies":[{"embeddable":true,"href":"https:\/\/diariodominicano.com\/index.php?rest_route=%2Fwp%2Fv2%2Fcomments&post=519391"}],"version-history":[{"count":1,"href":"https:\/\/diariodominicano.com\/index.php?rest_route=\/wp\/v2\/posts\/519391\/revisions"}],"predecessor-version":[{"id":519393,"href":"https:\/\/diariodominicano.com\/index.php?rest_route=\/wp\/v2\/posts\/519391\/revisions\/519393"}],"wp:featuredmedia":[{"embeddable":true,"href":"https:\/\/diariodominicano.com\/index.php?rest_route=\/wp\/v2\/media\/519392"}],"wp:attachment":[{"href":"https:\/\/diariodominicano.com\/index.php?rest_route=%2Fwp%2Fv2%2Fmedia&parent=519391"}],"wp:term":[{"taxonomy":"category","embeddable":true,"href":"https:\/\/diariodominicano.com\/index.php?rest_route=%2Fwp%2Fv2%2Fcategories&post=519391"},{"taxonomy":"post_tag","embeddable":true,"href":"https:\/\/diariodominicano.com\/index.php?rest_route=%2Fwp%2Fv2%2Ftags&post=519391"}],"curies":[{"name":"wp","href":"https:\/\/api.w.org\/{rel}","templated":true}]}}