{"id":519358,"date":"2024-03-30T00:04:20","date_gmt":"2024-03-30T04:04:20","guid":{"rendered":"https:\/\/diariodominicano.com\/?p=519358"},"modified":"2024-03-30T00:04:20","modified_gmt":"2024-03-30T04:04:20","slug":"vandalizan-la-tumba-del-trovador-chileno-victor-jara-fotos","status":"publish","type":"post","link":"https:\/\/diariodominicano.com\/?p=519358","title":{"rendered":"Vandalizan la tumba del trovador chileno V\u00edctor Jara (+Fotos)"},"content":{"rendered":"\n<p>Santiago de Chile, 29 mar (Prensa Latina) La Fundaci\u00f3n V\u00edctor Jara denunci\u00f3 hoy la profanaci\u00f3n de la tumba del destacado m\u00fasico y compositor chileno y de su esposa Joan en el Cementerio General de Santiago.<\/p>\n\n\n\n<ul class=\"wp-block-list\">\n<li><a href=\"https:\/\/www.prensa-latina.cu\/2024\/03\/29\/\"><time>marzo 29, 2024 | 22:02<\/time><\/a><\/li>\n<\/ul>\n\n\n\n<p>\u201cEl odio, el negacionismo y la discriminaci\u00f3n s\u00f3lo crea violencia y destrucci\u00f3n\u201d, advirti\u00f3 la entidad en sus redes sociales.<\/p>\n\n\n\n<figure class=\"wp-block-image\"><img decoding=\"async\" src=\"https:\/\/www.prensa-latina.cu\/wp-content\/uploads\/2024\/03\/2-16.jpg\" alt=\"vandalizan-la-tumba-del-trovador-chileno-victor-jara\" class=\"wp-image-794412\"\/><\/figure>\n\n\n\n<p>Individuos desconocidos pintaron en el sitio frases que reivindican a las Fuerzas Armadas y a la dictadura de Augusto Pinochet, que tortur\u00f3 y asesin\u00f3 a V\u00edctor Jara pocos d\u00edas despu\u00e9s del golpe de Estado contra el gobierno de la Unidad Popular del presidente Salvador Allende.<\/p>\n\n\n\n<p>Se\u00f1al\u00f3 la Fundaci\u00f3n que este nuevo agravio se suma a los ataques realizados a la Casa de la Memoria de Copiap\u00f3 y a la tumba del presidente Allende.<\/p>\n\n\n\n<p>Frente a esto decimos: \u201cla nuestra es una memoria que trae dignidad y compromiso, que aporta en la construcci\u00f3n de una sociedad m\u00e1s justa e igualitaria\u201d, a\u00f1adi\u00f3.<\/p>\n\n\n\n<figure class=\"wp-block-image\"><img decoding=\"async\" src=\"https:\/\/www.prensa-latina.cu\/wp-content\/uploads\/2024\/03\/3-14.jpg\" alt=\"vandalizan-la-tumba-del-trovador-chileno-victor-jara\" class=\"wp-image-794413\"\/><\/figure>\n\n\n\n<p>Esta semana tambi\u00e9n fue atacada la sede del Partido Comunista en la comuna de Copiap\u00f3, pero la polic\u00eda logr\u00f3 detener a un sujeto que activ\u00f3 una bomba de ruido y pint\u00f3 consignas a favor de la dictadura y del fascismo.<\/p>\n\n\n\n<p>oda\/car<\/p>\n","protected":false},"excerpt":{"rendered":"<p>Santiago de Chile, 29 mar (Prensa Latina) La Fundaci\u00f3n V\u00edctor Jara denunci\u00f3 hoy la profanaci\u00f3n de la tumba del destacado m\u00fasico y compositor chileno y de su esposa Joan en el Cementerio General de Santiago. \u201cEl odio, el negacionismo y la discriminaci\u00f3n s\u00f3lo crea violencia y destrucci\u00f3n\u201d, advirti\u00f3 la entidad en sus redes sociales. Individuos [&hellip;]<\/p>\n","protected":false},"author":28,"featured_media":519359,"comment_status":"closed","ping_status":"","sticky":true,"template":"","format":"standard","meta":{"footnotes":""},"categories":[36,26],"tags":[],"class_list":["post-519358","post","type-post","status-publish","format-standard","has-post-thumbnail","hentry","category-hombresmujeresycosas","category-efemerides"],"_links":{"self":[{"href":"https:\/\/diariodominicano.com\/index.php?rest_route=\/wp\/v2\/posts\/519358","targetHints":{"allow":["GET"]}}],"collection":[{"href":"https:\/\/diariodominicano.com\/index.php?rest_route=\/wp\/v2\/posts"}],"about":[{"href":"https:\/\/diariodominicano.com\/index.php?rest_route=\/wp\/v2\/types\/post"}],"author":[{"embeddable":true,"href":"https:\/\/diariodominicano.com\/index.php?rest_route=\/wp\/v2\/users\/28"}],"replies":[{"embeddable":true,"href":"https:\/\/diariodominicano.com\/index.php?rest_route=%2Fwp%2Fv2%2Fcomments&post=519358"}],"version-history":[{"count":1,"href":"https:\/\/diariodominicano.com\/index.php?rest_route=\/wp\/v2\/posts\/519358\/revisions"}],"predecessor-version":[{"id":519360,"href":"https:\/\/diariodominicano.com\/index.php?rest_route=\/wp\/v2\/posts\/519358\/revisions\/519360"}],"wp:featuredmedia":[{"embeddable":true,"href":"https:\/\/diariodominicano.com\/index.php?rest_route=\/wp\/v2\/media\/519359"}],"wp:attachment":[{"href":"https:\/\/diariodominicano.com\/index.php?rest_route=%2Fwp%2Fv2%2Fmedia&parent=519358"}],"wp:term":[{"taxonomy":"category","embeddable":true,"href":"https:\/\/diariodominicano.com\/index.php?rest_route=%2Fwp%2Fv2%2Fcategories&post=519358"},{"taxonomy":"post_tag","embeddable":true,"href":"https:\/\/diariodominicano.com\/index.php?rest_route=%2Fwp%2Fv2%2Ftags&post=519358"}],"curies":[{"name":"wp","href":"https:\/\/api.w.org\/{rel}","templated":true}]}}