{"id":519322,"date":"2024-03-29T22:03:36","date_gmt":"2024-03-30T02:03:36","guid":{"rendered":"https:\/\/diariodominicano.com\/?p=519322"},"modified":"2024-03-29T22:03:52","modified_gmt":"2024-03-30T02:03:52","slug":"aprovecha-semana-santa-para-reflexionar-y-convivir-con-la-familia","status":"publish","type":"post","link":"https:\/\/diariodominicano.com\/?p=519322","title":{"rendered":"Aprovecha Semana Santa para reflexionar y convivir con la familia"},"content":{"rendered":"\n<figure class=\"wp-block-table\"><table><tbody><tr><td><\/td><\/tr><\/tbody><\/table><\/figure>\n\n\n\n<figure class=\"wp-block-table\"><table><tbody><tr><td><strong>Acad\u00e9mica de la UAG recomienda tomar este tiempo para quedarse en casa y aprovechar para reflexionar sobre los valores, metas e ideales que nos mueven en vez de preocuparnos por salir a pasear<\/strong>\u00a0<br><br>Para la comunidad cat\u00f3lica Semana Santa representa una \u00e9poca diferente; dos de las conmemoraciones m\u00e1s importantes para esta religi\u00f3n suceden en este tiempo y quiz\u00e1, en vez de preocuparse por d\u00f3nde se pasar\u00e1 esta temporada, sea playa, bosque o pa\u00eds extranjero, lo mejor ser\u00eda tomarse un respiro y vivir de manera diferente estas fechas.\u00a0<br><br>Para la Dra. Beatriz Corona Figueroa, Coordinadora del Comit\u00e9 de Investigaci\u00f3n del Decanato de Ciencias Sociales, Econ\u00f3mico y Administrativas de la Universidad Aut\u00f3noma de Guadalajara (UAG) y Psic\u00f3loga Cl\u00ednica, la perspectiva de estas fechas deber\u00eda centrarse en aprovechar el tiempo para pasar tiempo con la familia y la reflexi\u00f3n.<br><br>Esta temporada se trata de conectar con nuestra religi\u00f3n, el contenido, el mensaje que es redenci\u00f3n y resurrecci\u00f3n. Pidi\u00f3 que no se dejen influenciar por las redes sociales y el hecho que muchos publicar\u00e1n sus aventuras en \u00e9stas.<br>\u201cEs importante que se vuelva a asociar las vacaciones de Semana Santa con la reflexi\u00f3n, por la pasi\u00f3n y muerte de Jesucristo y la Pascua, una de las fiestas m\u00e1s importantes del calendario cat\u00f3lico que de trata de redenci\u00f3n, resurrecci\u00f3n. No de la primavera, el descanso o salir de viaje\u201d, apunt\u00f3.<br><br>Esta temporada no trata de sentirnos culpables, s\u00ed, de tomar en cuenta el estado presente de la vida y el futuro. Este es un punto en el a\u00f1o que se puede poner pausa a la cotidianeidad para interiorizar y tomar decisiones sobre nosotros mismos, los valores que nos mueven, las metas e ideales con los que nos dirigimos.<br>Por otro lado, la psic\u00f3loga tambi\u00e9n manifest\u00f3 que puede aplicarse en esta temporada el tener actividades que generalmente no se pueden realizar, ya que la premura del d\u00eda a d\u00eda no lo permite y no se refiere a temas relacionados con \u201cpendientes\u201d.<br><br>Se trata de atender a la familia y tomar plena conciencia del papel de cada individuo como cristiano hacia uno mismo y otros, por lo que recomend\u00f3: Tener convivencia con la familia en un tenor de valores y acompa\u00f1amiento.<br><br>Realizar actividades dedicadas a ayudar a otros. Vivirlo con alegr\u00eda aut\u00e9ntica. Si se sale de paseo, que tenga relaci\u00f3n con las fechas. Asistir a los oficios religiosos, esto es demostrar con el ejemplo c\u00f3mo se involucra con su religi\u00f3n.\u00a0Tomar espacios de reflexi\u00f3n Que los j\u00f3venes se involucren en estas conmemoraciones.\u00a0<br><br><strong>Haz como lo hiciste durante el confinamiento<\/strong><br><br>Otras sugerencias que la acad\u00e9mica plante\u00f3, relacionadas con las vacaciones en esta fecha, fue que los vacacionistas replicaran sus actividades durante el confinamiento. Convivencia en familiaTardes y noches de pel\u00edculas.<br><br>Diversi\u00f3n en casa, con un sentido de acompa\u00f1amiento y alegr\u00eda.\u201c\u00c9ste es un tiempo que casi no ocurre en la vida, es importante tomarlo en cuenta y apreciarlo. No pensemos en salir por hacerlo, no dejemos que por envidia o que vemos a otros en redes sociales, se nos aparte de un momento que puede ser Comunicados UAG para cambiar o reforzar nuestra espiritualidad, relaci\u00f3n familiar y m\u00e1s\u201d, apunt\u00f3.<br><br><a href=\"mailto:prensa@edu.uag.mx\" target=\"_blank\" rel=\"noreferrer noopener\">prensa@edu.uag.mx<\/a><br><br><br><\/td><\/tr><\/tbody><\/table><\/figure>\n\n\n\n<figure class=\"wp-block-table\"><table><tbody><tr><td><\/td><\/tr><\/tbody><\/table><\/figure>\n","protected":false},"excerpt":{"rendered":"<p>Acad\u00e9mica de la UAG recomienda tomar este tiempo para quedarse en casa y aprovechar para reflexionar sobre los valores, metas e ideales que nos mueven en vez de preocuparnos por salir a pasear\u00a0 Para la comunidad cat\u00f3lica Semana Santa representa una \u00e9poca diferente; dos de las conmemoraciones m\u00e1s importantes para esta religi\u00f3n suceden en este [&hellip;]<\/p>\n","protected":false},"author":28,"featured_media":519323,"comment_status":"closed","ping_status":"","sticky":true,"template":"","format":"standard","meta":{"footnotes":""},"categories":[36,25,27],"tags":[],"class_list":["post-519322","post","type-post","status-publish","format-standard","has-post-thumbnail","hentry","category-hombresmujeresycosas","category-gente","category-portada"],"_links":{"self":[{"href":"https:\/\/diariodominicano.com\/index.php?rest_route=\/wp\/v2\/posts\/519322","targetHints":{"allow":["GET"]}}],"collection":[{"href":"https:\/\/diariodominicano.com\/index.php?rest_route=\/wp\/v2\/posts"}],"about":[{"href":"https:\/\/diariodominicano.com\/index.php?rest_route=\/wp\/v2\/types\/post"}],"author":[{"embeddable":true,"href":"https:\/\/diariodominicano.com\/index.php?rest_route=\/wp\/v2\/users\/28"}],"replies":[{"embeddable":true,"href":"https:\/\/diariodominicano.com\/index.php?rest_route=%2Fwp%2Fv2%2Fcomments&post=519322"}],"version-history":[{"count":2,"href":"https:\/\/diariodominicano.com\/index.php?rest_route=\/wp\/v2\/posts\/519322\/revisions"}],"predecessor-version":[{"id":519325,"href":"https:\/\/diariodominicano.com\/index.php?rest_route=\/wp\/v2\/posts\/519322\/revisions\/519325"}],"wp:featuredmedia":[{"embeddable":true,"href":"https:\/\/diariodominicano.com\/index.php?rest_route=\/wp\/v2\/media\/519323"}],"wp:attachment":[{"href":"https:\/\/diariodominicano.com\/index.php?rest_route=%2Fwp%2Fv2%2Fmedia&parent=519322"}],"wp:term":[{"taxonomy":"category","embeddable":true,"href":"https:\/\/diariodominicano.com\/index.php?rest_route=%2Fwp%2Fv2%2Fcategories&post=519322"},{"taxonomy":"post_tag","embeddable":true,"href":"https:\/\/diariodominicano.com\/index.php?rest_route=%2Fwp%2Fv2%2Ftags&post=519322"}],"curies":[{"name":"wp","href":"https:\/\/api.w.org\/{rel}","templated":true}]}}