{"id":51929,"date":"2020-07-08T00:11:43","date_gmt":"2020-07-08T00:11:43","guid":{"rendered":"http:\/\/diariodominicano.ddns.net\/?p=51929"},"modified":"2020-07-08T00:11:43","modified_gmt":"2020-07-08T00:11:43","slug":"militares-de-haiti-sufren-derrota-en-oreganal","status":"publish","type":"post","link":"https:\/\/diariodominicano.com\/?p=51929","title":{"rendered":"Militares de Hait\u00ed  sufren derrota en Oreganal"},"content":{"rendered":"<p><body><\/p>\n<p><strong>Militares de Hait\u00ed  sufren derrota en Oreganal<\/strong><\/p>\n<p><strong> Las tropas dominicanas fueron comandadas por Juan Segundo F\u00e9liz, quien se desempe\u00f1aba como comandante de la secci\u00f3n  de El Rinc\u00f3n.<\/strong><\/p>\n<p><strong>Por HTN<\/strong><\/p>\n<p><strong>Diariodominicano.com<\/strong><\/p>\n<\/p>\n<p><strong>SANTO DOMINGO,  8 de julio de 1844<\/strong> tropas dominicanas,  vencieron  a militares haitianos  que hab\u00edan invadido  a la Rep\u00fablica Dominicana  por  la zona del Oreganal.<\/p>\n<\/p>\n<p>    Las tropas dominicanas fueron comandadas por Juan Segundo F\u00e9liz, quien se desempe\u00f1aba como comandante de la secci\u00f3n  de El Rinc\u00f3n.<\/p>\n<\/p>\n<p>    El d\u00eda 5 de julio de 1844, los dominicanos  tambi\u00e9n hab\u00edan derrotado  a los haitianos en un enfrentamiento en la comunidad de Los  Pinos, Azua.<\/p>\n<\/p>\n<p>   En Los Pinos los dominicanos fueron comandados por Jos\u00e9 Tom\u00e1s Ram\u00edrez. En ese momento los dominicanos concentraron los esfuerzos y movimientos militares para desalojar a los haitianos de la regi\u00f3n sur.<\/p>\n<\/p>\n<p>La Rep\u00fablica Dominicana fue proclamada el 27 de Febrero de 1844, pero durante 17 a\u00f1os el Gobierno haitiano patrocin\u00f3 una cadena de agresiones contra el Pa\u00eds.<\/p>\n<\/p>\n<h6> 2020-07-08 00:11:43 <\/h6>\n<p><!--\n<link rel=\"stylesheet\" href=\"css\/bootstrap.min.css\">\n\n\n<ul class=\"pagination\">\n\t    \n\t\n\n<li >\n\t<a href='?page_no=431'>Previous<\/a>\n\t<\/li>\n\n\n       \n    \n\n<li><a href='?page_no=1'>1<\/a><\/li>\n\n\n\n<li><a href='?page_no=2'>2<\/a><\/li>\n\n\n\n<li><a>...<\/a><\/li>\n\n\n\n<li><a href='?page_no=430'>430<\/a><\/li>\n\n\n\n<li><a href='?page_no=431'>431<\/a><\/li>\n\n\n\n<li class='active'><a>432<\/a><\/li>\n\n\n\n<li><a href='?page_no=433'>433<\/a><\/li>\n\n\n\n<li><a href='?page_no=434'>434<\/a><\/li>\n\n\n\n<li><a>...<\/a><\/li>\n\n\n\n<li><a href='?page_no=22911'>22911<\/a><\/li>\n\n\n\n<li><a href='?page_no=22912'>22912<\/a><\/li>\n\n    \n\t\n\n<li >\n\t<a href='?page_no=433'>Next<\/a>\n\t<\/li>\n\n\n    \n\n<li><a href='?page_no=22912'>Last &rsaquo;&rsaquo;<\/a><\/li>\n\n<\/ul>\n\n\n--><br \/>\n<\/body><\/p>\n","protected":false},"excerpt":{"rendered":"<p>Militares de Hait\u00ed sufren derrota en Oreganal Las tropas dominicanas fueron comandadas por Juan Segundo F\u00e9liz, quien se desempe\u00f1aba como comandante de la secci\u00f3n de El Rinc\u00f3n. Por HTN Diariodominicano.com SANTO DOMINGO, 8 de julio de 1844 tropas dominicanas, vencieron a militares haitianos que hab\u00edan invadido a la Rep\u00fablica Dominicana por la zona del Oreganal. [&hellip;]<\/p>\n","protected":false},"author":3,"featured_media":0,"comment_status":"open","ping_status":"open","sticky":false,"template":"","format":"standard","meta":{"footnotes":""},"categories":[21],"tags":[],"class_list":["post-51929","post","type-post","status-publish","format-standard","hentry","category-cultura"],"_links":{"self":[{"href":"https:\/\/diariodominicano.com\/index.php?rest_route=\/wp\/v2\/posts\/51929","targetHints":{"allow":["GET"]}}],"collection":[{"href":"https:\/\/diariodominicano.com\/index.php?rest_route=\/wp\/v2\/posts"}],"about":[{"href":"https:\/\/diariodominicano.com\/index.php?rest_route=\/wp\/v2\/types\/post"}],"author":[{"embeddable":true,"href":"https:\/\/diariodominicano.com\/index.php?rest_route=\/wp\/v2\/users\/3"}],"replies":[{"embeddable":true,"href":"https:\/\/diariodominicano.com\/index.php?rest_route=%2Fwp%2Fv2%2Fcomments&post=51929"}],"version-history":[{"count":0,"href":"https:\/\/diariodominicano.com\/index.php?rest_route=\/wp\/v2\/posts\/51929\/revisions"}],"wp:attachment":[{"href":"https:\/\/diariodominicano.com\/index.php?rest_route=%2Fwp%2Fv2%2Fmedia&parent=51929"}],"wp:term":[{"taxonomy":"category","embeddable":true,"href":"https:\/\/diariodominicano.com\/index.php?rest_route=%2Fwp%2Fv2%2Fcategories&post=51929"},{"taxonomy":"post_tag","embeddable":true,"href":"https:\/\/diariodominicano.com\/index.php?rest_route=%2Fwp%2Fv2%2Ftags&post=51929"}],"curies":[{"name":"wp","href":"https:\/\/api.w.org\/{rel}","templated":true}]}}