{"id":519273,"date":"2024-03-29T13:15:52","date_gmt":"2024-03-29T17:15:52","guid":{"rendered":"https:\/\/diariodominicano.com\/?p=519273"},"modified":"2025-02-03T02:43:59","modified_gmt":"2025-02-03T06:43:59","slug":"por-que-se-irrita-la-piel-1-de-2","status":"publish","type":"post","link":"https:\/\/diariodominicano.com\/?p=519273","title":{"rendered":"\u00bfPor qu\u00e9 se irrita la piel? (1 de 2)"},"content":{"rendered":"\n<p><strong>Por <\/strong>Humberto Contreras Vidal <\/p>\n\n\n\n<p>En este texto se tratar\u00e1n brevemente algunos fen\u00f3menos fisicoqu\u00edmicos que ocurren cuando se utilizan pa\u00f1ales desechables y toallas sanitarias. Se realizar\u00e1 un enfoque qu\u00edmico que explique la irritaci\u00f3n de la piel. Al final del mismo se ofrecer\u00e1n algunas recomendaciones para reducir el efecto negativo de esos fen\u00f3menos.<\/p>\n\n\n\n<p>\u00bfPor cu\u00e1les razones se irrita la piel?<\/p>\n\n\n\n<p>La piel de los seres humanos se irrita esencialmente como consecuencia de reacciones al\u00e9rgicas, enfermedades o s\u00edntomas de enfermedades; lo cual est\u00e1 relacionado de alguna manera con la exposici\u00f3n a sustancias qu\u00edmicas. Entre otras manifestaciones, cuando se habla de irritaci\u00f3n hay que pensar en enrojecimiento, picaz\u00f3n e inflamaci\u00f3n de la piel.<\/p>\n\n\n\n<p>Algunas sustancias que originan irritaci\u00f3n pueden estar en las diferentes partes de una planta y pueden pasar al ser humano a trav\u00e9s de la alimentaci\u00f3n; o simplemente se pueden absorber en la piel al contacto con el material que las contiene. Hay sustancias que pueden estar suspendidas en el aire unidas a part\u00edculas de polvo o a un microbio.<\/p>\n\n\n\n<p>En s\u00edntesis, la irritaci\u00f3n de la piel est\u00e1 asociadas a la exposici\u00f3n de sustancias qu\u00edmicas, enfermedades de la piel y diversas condiciones de salud.<\/p>\n\n\n\n<p>En este texto interesa referirnos, nueva vez, a las sustancias qu\u00edmicas que est\u00e1n presentes en los materiales que son utilizados en la fabricaci\u00f3n de los pa\u00f1ales desechables y de toallas sanitarias femeninas.<\/p>\n\n\n\n<p>Vale la pena mencionar que las part\u00edculas y sustancias se mueven (vibran) como consecuencia de su propia energ\u00eda. Sin embargo, seg\u00fan el tama\u00f1o y el ambiente donde se encuentran influye en el movimiento de las mismas.<\/p>\n\n\n\n<p>Mientras los pa\u00f1ales y toallas est\u00e1n cerrados en sus empaques, todas las sustancias qu\u00edmicas que lo forman estar\u00e1n en una especie de equilibrio din\u00e1mico. Esto significa que deber\u00edan permanecer relativamente estables, al menos, hasta la fecha de vencimiento que indique el fabricante.<\/p>\n\n\n\n<p>No obstante, una vez estos productos son destapados (abiertos) el fen\u00f3meno de la sublimaci\u00f3n que estaba en equilibrio t\u00e9rmico y din\u00e1mico; entre otros, se hace presente. La sublimaci\u00f3n es un fen\u00f3meno f\u00edsico que describe el cambio que sufren algunos materiales al pasar del estado s\u00f3lido al estado gaseoso.<\/p>\n\n\n\n<p>Ejemplo de sublimaci\u00f3n se puede observar en el alcanfor y en todos los ambientadores s\u00f3lidos que se utilizan a nivel dom\u00e9stico. Se trata de s\u00f3lidos que se convierten en gas. Como una peque\u00f1a piedra que m\u00e1gicamente va desapareciendo y lo \u00fanico que vemos es como se va poniendo m\u00e1s peque\u00f1a a medida pasa el tiempo.<\/p>\n\n\n\n<p>Retomando el objetivo del texto, hay que decir que una vez se destapa la toalla o el pa\u00f1al, a trav\u00e9s del olfato percibimos las sustancias olorosas. Las cuales permanecer\u00e1n escapando de esos materiales cuando se est\u00e9n utilizando. Esto significa que la mujer se coloca la toalla en su zona genital mientras las sustancias olorosas se siguen sublimando.<\/p>\n\n\n\n<p>De aqu\u00ed que hay que preguntarse, \u00bfQu\u00e9 ocurre con esas sustancias que quedan atrapadas entre la toalla\/pa\u00f1ales y la piel?<\/p>\n\n\n\n<p>Continuar\u00e1\u2026\u2026<\/p>\n\n\n\n<p>(En la segunda parte se responder\u00e1 esta pregunta y se ofrecer\u00e1n las explicaciones correspondientes que complementan lo indicado en el primer p\u00e1rrafo.)El autor es doctor en ciencias qu\u00edmicas, residente en Santiago de los Caballeros.&nbsp;<a href=\"mailto:huco71@gmail.com\" target=\"_blank\" rel=\"noreferrer noopener\">huco71@gmail.com<\/a><\/p>\n","protected":false},"excerpt":{"rendered":"<p>Por Humberto Contreras Vidal En este texto se tratar\u00e1n brevemente algunos fen\u00f3menos fisicoqu\u00edmicos que ocurren cuando se utilizan pa\u00f1ales desechables y toallas sanitarias. Se realizar\u00e1 un enfoque qu\u00edmico que explique la irritaci\u00f3n de la piel. Al final del mismo se ofrecer\u00e1n algunas recomendaciones para reducir el efecto negativo de esos fen\u00f3menos. \u00bfPor cu\u00e1les razones se [&hellip;]<\/p>\n","protected":false},"author":28,"featured_media":479335,"comment_status":"closed","ping_status":"closed","sticky":true,"template":"","format":"standard","meta":{"footnotes":""},"categories":[36,20,25,27],"tags":[182],"class_list":["post-519273","post","type-post","status-publish","format-standard","has-post-thumbnail","hentry","category-hombresmujeresycosas","category-dominicana-hoy","category-gente","category-portada","tag-humberto-contreras-vidal"],"_links":{"self":[{"href":"https:\/\/diariodominicano.com\/index.php?rest_route=\/wp\/v2\/posts\/519273","targetHints":{"allow":["GET"]}}],"collection":[{"href":"https:\/\/diariodominicano.com\/index.php?rest_route=\/wp\/v2\/posts"}],"about":[{"href":"https:\/\/diariodominicano.com\/index.php?rest_route=\/wp\/v2\/types\/post"}],"author":[{"embeddable":true,"href":"https:\/\/diariodominicano.com\/index.php?rest_route=\/wp\/v2\/users\/28"}],"replies":[{"embeddable":true,"href":"https:\/\/diariodominicano.com\/index.php?rest_route=%2Fwp%2Fv2%2Fcomments&post=519273"}],"version-history":[{"count":2,"href":"https:\/\/diariodominicano.com\/index.php?rest_route=\/wp\/v2\/posts\/519273\/revisions"}],"predecessor-version":[{"id":593328,"href":"https:\/\/diariodominicano.com\/index.php?rest_route=\/wp\/v2\/posts\/519273\/revisions\/593328"}],"wp:featuredmedia":[{"embeddable":true,"href":"https:\/\/diariodominicano.com\/index.php?rest_route=\/wp\/v2\/media\/479335"}],"wp:attachment":[{"href":"https:\/\/diariodominicano.com\/index.php?rest_route=%2Fwp%2Fv2%2Fmedia&parent=519273"}],"wp:term":[{"taxonomy":"category","embeddable":true,"href":"https:\/\/diariodominicano.com\/index.php?rest_route=%2Fwp%2Fv2%2Fcategories&post=519273"},{"taxonomy":"post_tag","embeddable":true,"href":"https:\/\/diariodominicano.com\/index.php?rest_route=%2Fwp%2Fv2%2Ftags&post=519273"}],"curies":[{"name":"wp","href":"https:\/\/api.w.org\/{rel}","templated":true}]}}