{"id":519263,"date":"2024-03-29T13:09:28","date_gmt":"2024-03-29T17:09:28","guid":{"rendered":"https:\/\/diariodominicano.com\/?p=519263"},"modified":"2024-03-29T13:12:52","modified_gmt":"2024-03-29T17:12:52","slug":"informan-autoridades-militares-fortalecen-niveles-de-seguridad-preventiva-en-carreteras-zonas-turisticas-y-balnearios-de-rd","status":"publish","type":"post","link":"https:\/\/diariodominicano.com\/?p=519263","title":{"rendered":"Informan autoridades militares fortalecen niveles de seguridad preventiva en carreteras, zonas tur\u00edsticas y balnearios de RD"},"content":{"rendered":"\n<p>Santo Domingo, RD.- Tras el lanzamiento oficial del plan preventivo \u201cOperativo de Semana Santa Conciencia Por la Vida 2024\u201d, \u00a0autoridades militares realizaron el despliegue de miles de agentes de servicio en la provincia Santo Domingo y en las distintas direcciones regionales, a los fines de reforzar las labores preventivas, disuasivas y operativas para garantizar la seguridad de los ciudadanos durante este periodo de asueto, inform\u00f3 el viernes el Ministerio de Defensa de Rep\u00fablica Dominicana.<\/p>\n\n\n\n<figure class=\"wp-block-image size-large\"><img loading=\"lazy\" decoding=\"async\" width=\"1024\" height=\"768\" src=\"https:\/\/diariodominicano.com\/wp-content\/uploads\/2024\/03\/WhatsApp-Image-2024-03-29-at-11.11.46-AM-1024x768.jpeg\" alt=\"\" class=\"wp-image-519266\" srcset=\"https:\/\/diariodominicano.com\/wp-content\/uploads\/2024\/03\/WhatsApp-Image-2024-03-29-at-11.11.46-AM-1024x768.jpeg 1024w, https:\/\/diariodominicano.com\/wp-content\/uploads\/2024\/03\/WhatsApp-Image-2024-03-29-at-11.11.46-AM-300x225.jpeg 300w, https:\/\/diariodominicano.com\/wp-content\/uploads\/2024\/03\/WhatsApp-Image-2024-03-29-at-11.11.46-AM-768x576.jpeg 768w, https:\/\/diariodominicano.com\/wp-content\/uploads\/2024\/03\/WhatsApp-Image-2024-03-29-at-11.11.46-AM-1536x1152.jpeg 1536w, https:\/\/diariodominicano.com\/wp-content\/uploads\/2024\/03\/WhatsApp-Image-2024-03-29-at-11.11.46-AM-816x612.jpeg 816w, https:\/\/diariodominicano.com\/wp-content\/uploads\/2024\/03\/WhatsApp-Image-2024-03-29-at-11.11.46-AM.jpeg 1600w\" sizes=\"auto, (max-width: 1024px) 100vw, 1024px\" \/><\/figure>\n\n\n\n<p>Desde tempranas horas de la ma\u00f1ana de este Jueves Santo, miembros de distintas direcciones especializadas resguardan las \u00e1reas comerciales, carreteras, playas y balnearios, en respaldo al trabajo preventivo en coordinaci\u00f3n con el Centro de Operaciones de Emergencias (COE).<\/p>\n\n\n\n<figure class=\"wp-block-image size-large\"><img loading=\"lazy\" decoding=\"async\" width=\"1024\" height=\"681\" src=\"https:\/\/diariodominicano.com\/wp-content\/uploads\/2024\/03\/WhatsApp-Image-2024-03-29-at-11.11.43-AM-1024x681.jpeg\" alt=\"\" class=\"wp-image-519268\" srcset=\"https:\/\/diariodominicano.com\/wp-content\/uploads\/2024\/03\/WhatsApp-Image-2024-03-29-at-11.11.43-AM-1024x681.jpeg 1024w, https:\/\/diariodominicano.com\/wp-content\/uploads\/2024\/03\/WhatsApp-Image-2024-03-29-at-11.11.43-AM-300x199.jpeg 300w, https:\/\/diariodominicano.com\/wp-content\/uploads\/2024\/03\/WhatsApp-Image-2024-03-29-at-11.11.43-AM-768x511.jpeg 768w, https:\/\/diariodominicano.com\/wp-content\/uploads\/2024\/03\/WhatsApp-Image-2024-03-29-at-11.11.43-AM-816x543.jpeg 816w, https:\/\/diariodominicano.com\/wp-content\/uploads\/2024\/03\/WhatsApp-Image-2024-03-29-at-11.11.43-AM.jpeg 1280w\" sizes=\"auto, (max-width: 1024px) 100vw, 1024px\" \/><\/figure>\n\n\n\n<figure class=\"wp-block-image size-large\"><img loading=\"lazy\" decoding=\"async\" width=\"768\" height=\"1024\" src=\"https:\/\/diariodominicano.com\/wp-content\/uploads\/2024\/03\/WhatsApp-Image-2024-03-29-at-11.11.44-AM-7-768x1024.jpeg\" alt=\"\" class=\"wp-image-519269\" srcset=\"https:\/\/diariodominicano.com\/wp-content\/uploads\/2024\/03\/WhatsApp-Image-2024-03-29-at-11.11.44-AM-7-768x1024.jpeg 768w, https:\/\/diariodominicano.com\/wp-content\/uploads\/2024\/03\/WhatsApp-Image-2024-03-29-at-11.11.44-AM-7-225x300.jpeg 225w, https:\/\/diariodominicano.com\/wp-content\/uploads\/2024\/03\/WhatsApp-Image-2024-03-29-at-11.11.44-AM-7-1152x1536.jpeg 1152w, https:\/\/diariodominicano.com\/wp-content\/uploads\/2024\/03\/WhatsApp-Image-2024-03-29-at-11.11.44-AM-7-816x1088.jpeg 816w, https:\/\/diariodominicano.com\/wp-content\/uploads\/2024\/03\/WhatsApp-Image-2024-03-29-at-11.11.44-AM-7.jpeg 1200w\" sizes=\"auto, (max-width: 768px) 100vw, 768px\" \/><\/figure>\n\n\n\n<p>Las patrullas compuestas por oficiales superiores de los Comando Conjunto Metropolitano, Norte, Sur, y Este de las FFAA, en representaci\u00f3n del Ministerio de Defensa, estuvieron presentes en los distintos peajes del pa\u00eds, para transmitir mensajes preventivos a miles de personas que se trasladaban a distintas zonas del pa\u00eds por motivo del asueto.<\/p>\n\n\n\n<p>Entre las recomendaciones se encuentran el llamado a la prudencia en las carreteras: conducir en una velocidad adecuada, no tomar alcohol mientras se est\u00e1 al volante, as\u00ed como otros consejos para evitar accidentes de tr\u00e1nsito.<\/p>\n\n\n\n<figure class=\"wp-block-image size-large\"><img loading=\"lazy\" decoding=\"async\" width=\"1024\" height=\"768\" src=\"https:\/\/diariodominicano.com\/wp-content\/uploads\/2024\/03\/WhatsApp-Image-2024-03-29-at-11.11.42-AM-1-1024x768.jpeg\" alt=\"\" class=\"wp-image-519270\" srcset=\"https:\/\/diariodominicano.com\/wp-content\/uploads\/2024\/03\/WhatsApp-Image-2024-03-29-at-11.11.42-AM-1-1024x768.jpeg 1024w, https:\/\/diariodominicano.com\/wp-content\/uploads\/2024\/03\/WhatsApp-Image-2024-03-29-at-11.11.42-AM-1-300x225.jpeg 300w, https:\/\/diariodominicano.com\/wp-content\/uploads\/2024\/03\/WhatsApp-Image-2024-03-29-at-11.11.42-AM-1-768x576.jpeg 768w, https:\/\/diariodominicano.com\/wp-content\/uploads\/2024\/03\/WhatsApp-Image-2024-03-29-at-11.11.42-AM-1-1536x1152.jpeg 1536w, https:\/\/diariodominicano.com\/wp-content\/uploads\/2024\/03\/WhatsApp-Image-2024-03-29-at-11.11.42-AM-1-816x612.jpeg 816w, https:\/\/diariodominicano.com\/wp-content\/uploads\/2024\/03\/WhatsApp-Image-2024-03-29-at-11.11.42-AM-1.jpeg 1600w\" sizes=\"auto, (max-width: 1024px) 100vw, 1024px\" \/><\/figure>\n\n\n\n<figure class=\"wp-block-image size-large\"><img loading=\"lazy\" decoding=\"async\" width=\"1024\" height=\"681\" src=\"https:\/\/diariodominicano.com\/wp-content\/uploads\/2024\/03\/WhatsApp-Image-2024-03-29-at-11.11.45-AM-1024x681.jpeg\" alt=\"\" class=\"wp-image-519271\" srcset=\"https:\/\/diariodominicano.com\/wp-content\/uploads\/2024\/03\/WhatsApp-Image-2024-03-29-at-11.11.45-AM-1024x681.jpeg 1024w, https:\/\/diariodominicano.com\/wp-content\/uploads\/2024\/03\/WhatsApp-Image-2024-03-29-at-11.11.45-AM-300x199.jpeg 300w, https:\/\/diariodominicano.com\/wp-content\/uploads\/2024\/03\/WhatsApp-Image-2024-03-29-at-11.11.45-AM-768x511.jpeg 768w, https:\/\/diariodominicano.com\/wp-content\/uploads\/2024\/03\/WhatsApp-Image-2024-03-29-at-11.11.45-AM-816x543.jpeg 816w, https:\/\/diariodominicano.com\/wp-content\/uploads\/2024\/03\/WhatsApp-Image-2024-03-29-at-11.11.45-AM.jpeg 1280w\" sizes=\"auto, (max-width: 1024px) 100vw, 1024px\" \/><\/figure>\n\n\n\n<p>&nbsp;\u00abEn el interior del pa\u00eds\u00bb<\/p>\n\n\n\n<p>En el sur profundo personal militar de puesto en Azua, Ban\u00ed y Barahona reportaron un efectivo servicio preventivo y de supervisi\u00f3n.<\/p>\n\n\n\n<p>Mientras que en el Norte Mao, Provincia Duarte, Puerto Plata y Santiago.<\/p>\n\n\n\n<p>Asimismo en el Este La Altagracia, la Romana, Bayahibe y el Seibo, entre otras provincias contin\u00faan elevando los niveles de seguridad y el cumplimiento de m\u00faltiples tareas, entre ellas apoyar a la Polic\u00eda Nacional en su misi\u00f3n de velar por la seguridad ciudadana, mediante el combate a la delincuencia y el crimen organizado; en este caso en particular, apoyan en el desarrollo del operativo Semana Santa 2024.<br><br>Estas operaciones est\u00e1n dirigidas directamente por los comandantes de los comandos conjuntos, en el Este, el contralmirante Juan Gilberto N\u00fa\u00f1ez Abreu, ARD, en el Sur general de brigada Euler E. Sierra P\u00e9rez, FARD, Norte, general de brigada Rodolfo Reynoso Green, ERD, y el general de brigada Rafael Almonte Cid, ERD, Comandante del Comando Conjunto Metropolitano de las FFAA.<\/p>\n\n\n\n<p>Prensa Mide<\/p>\n\n\n\n<p><a target=\"_blank\" href=\"mailto:prensaj5mide@gmail.com\" rel=\"noreferrer noopener\">prensaj5mide@gmail.com<\/a><\/p>\n\n\n\n<p><br><\/p>\n\n\n\n<p><strong><em>Departamento de Prensa<\/em><\/strong><\/p>\n\n\n\n<p><em><strong>Direcci\u00f3n de Asuntos Civiles del Estado Mayor Conjunto, J5<\/strong><\/em><\/p>\n\n\n\n<p><em><strong>Ministerio de Defensa de Rep\u00fablica Dominicana<\/strong><\/em><\/p>\n","protected":false},"excerpt":{"rendered":"<p>Santo Domingo, RD.- Tras el lanzamiento oficial del plan preventivo \u201cOperativo de Semana Santa Conciencia Por la Vida 2024\u201d, \u00a0autoridades militares realizaron el despliegue de miles de agentes de servicio en la provincia Santo Domingo y en las distintas direcciones regionales, a los fines de reforzar las labores preventivas, disuasivas y operativas para garantizar la [&hellip;]<\/p>\n","protected":false},"author":28,"featured_media":519264,"comment_status":"closed","ping_status":"","sticky":true,"template":"","format":"standard","meta":{"footnotes":""},"categories":[20,27],"tags":[],"class_list":["post-519263","post","type-post","status-publish","format-standard","has-post-thumbnail","hentry","category-dominicana-hoy","category-portada"],"_links":{"self":[{"href":"https:\/\/diariodominicano.com\/index.php?rest_route=\/wp\/v2\/posts\/519263","targetHints":{"allow":["GET"]}}],"collection":[{"href":"https:\/\/diariodominicano.com\/index.php?rest_route=\/wp\/v2\/posts"}],"about":[{"href":"https:\/\/diariodominicano.com\/index.php?rest_route=\/wp\/v2\/types\/post"}],"author":[{"embeddable":true,"href":"https:\/\/diariodominicano.com\/index.php?rest_route=\/wp\/v2\/users\/28"}],"replies":[{"embeddable":true,"href":"https:\/\/diariodominicano.com\/index.php?rest_route=%2Fwp%2Fv2%2Fcomments&post=519263"}],"version-history":[{"count":3,"href":"https:\/\/diariodominicano.com\/index.php?rest_route=\/wp\/v2\/posts\/519263\/revisions"}],"predecessor-version":[{"id":519272,"href":"https:\/\/diariodominicano.com\/index.php?rest_route=\/wp\/v2\/posts\/519263\/revisions\/519272"}],"wp:featuredmedia":[{"embeddable":true,"href":"https:\/\/diariodominicano.com\/index.php?rest_route=\/wp\/v2\/media\/519264"}],"wp:attachment":[{"href":"https:\/\/diariodominicano.com\/index.php?rest_route=%2Fwp%2Fv2%2Fmedia&parent=519263"}],"wp:term":[{"taxonomy":"category","embeddable":true,"href":"https:\/\/diariodominicano.com\/index.php?rest_route=%2Fwp%2Fv2%2Fcategories&post=519263"},{"taxonomy":"post_tag","embeddable":true,"href":"https:\/\/diariodominicano.com\/index.php?rest_route=%2Fwp%2Fv2%2Ftags&post=519263"}],"curies":[{"name":"wp","href":"https:\/\/api.w.org\/{rel}","templated":true}]}}