{"id":519166,"date":"2024-03-28T22:30:59","date_gmt":"2024-03-29T02:30:59","guid":{"rendered":"https:\/\/diariodominicano.com\/?p=519166"},"modified":"2024-03-28T22:30:59","modified_gmt":"2024-03-29T02:30:59","slug":"experto-de-la-onu-considera-urgente-mision-de-seguridad-para-haiti","status":"publish","type":"post","link":"https:\/\/diariodominicano.com\/?p=519166","title":{"rendered":"Experto de la ONU considera urgente misi\u00f3n de seguridad para Hait\u00ed"},"content":{"rendered":"\n<p>Naciones Unidas, 28 mar (Prensa Latina) El despliegue de la fuerza de seguridad internacional en Hait\u00ed es fundamental y urgente junto al establecimiento de un consejo presidencial, asegur\u00f3 hoy William O&#8217;Neill, miembro de la Oficina de Derechos Humanos de la ONU.<\/p>\n\n\n\n<ul class=\"wp-block-list\">\n<li><a href=\"https:\/\/www.prensa-latina.cu\/2024\/03\/28\/\"><time>marzo 28, 2024 | 21:29<\/time><\/a><\/li>\n<\/ul>\n\n\n\n<p>En declaraciones a la prensa, el experto consider\u00f3 crucial la instalaci\u00f3n oficial del consejo presidencial de transici\u00f3n para consolidar el camino hacia la paz en esa naci\u00f3n caribe\u00f1a azotada por la violencia.<\/p>\n\n\n\n<p>El funcionario record\u00f3 las declaraciones recientes del presidente de Kenia, William Ruto, quien asegur\u00f3 que no desplegar\u00e1 polic\u00edas para dirigir la operaci\u00f3n de seguridad multinacional hasta que tenga un hom\u00f3logo haitiano.<\/p>\n\n\n\n<p>Kenia, cuyo Gobierno confirm\u00f3 la voluntad de liderar esa fuerza de paz, ahora espera por un gobierno de transici\u00f3n en Hait\u00ed para poner en marcha la misi\u00f3n aprobada por el Consejo de Seguridad desde octubre \u00faltimo.<\/p>\n\n\n\n<p>Sin embargo, la falta de financiamiento amenaza el despliegue de dicha agrupaci\u00f3n, as\u00ed como la respuesta humanitaria, un aspecto en el que tambi\u00e9n enfatiz\u00f3 el enviado de la Oficina de Derechos Humanos.<\/p>\n\n\n\n<p>O\u00b4Neill estim\u00f3 que el pa\u00eds necesita ahora entre cuatro mil y cinco mil efectivos internacionales para ayudar a abordar la violencia catastr\u00f3fica de las pandillas que apuntan a edificaciones civiles como hospitales, escuelas, bancos y edificios p\u00fablicos.<\/p>\n\n\n\n<p>\u201cLa situaci\u00f3n es mucho peor, por lo que se necesita duplicar esa cifra y m\u00e1s para ayudar a la Polic\u00eda Nacional a recuperar el control de la seguridad y frenar los abusos contra los derechos humanos\u201d, asever\u00f3.<\/p>\n\n\n\n<p>Como puntos cr\u00edticos de la \u00faltima oleada de la inseguridad, el experto reconoci\u00f3 los ataques de las pandillas contra instalaciones vitales de la infraestructura civil junto a defensores de derechos humanos, periodistas y personas que consideran amenazas a su control continuo del territorio.<\/p>\n\n\n\n<p>Al mismo tiempo, las bandas extienden el uso de ni\u00f1os no solo como mensajeros, vig\u00edas, esclavos sexuales y cocineros, sino que ahora los j\u00f3venes adolescentes est\u00e1n involucrados en actividades y ataques de primera l\u00ednea en cantidades nunca antes vistas.<\/p>\n\n\n\n<p>Otra preocupaci\u00f3n es el cierre del aeropuerto y de las carreteras que mantiene a cerca de 1,4 millones de haitianos al borde de la hambruna y cerca de 50 mil desplazados m\u00e1s que en junio pasado.<\/p>\n\n\n\n<p>Al menos 362 mil personas han dejado sus hogares en la naci\u00f3n caribe\u00f1a, una cifra que de acuerdo al experto, podr\u00eda llegar a 400 mil en cualquier momento.<\/p>\n\n\n\n<p>Algunos \u00edndices divulgados por la Oficina de Derechos Humanos de la ONU estiman que 686 civiles murieron, 371 resultaron heridos y 379 fueron secuestrados en Hait\u00ed entre enero y febrero del a\u00f1o en curso.<\/p>\n\n\n\n<p>En ese mismo per\u00edodo, 695 criminales organizados en bandas perdieron la vida o fueron lesionados mientras que la cifra total de personas con da\u00f1os por la violencia armada es de dos mil 131.<\/p>\n\n\n\n<p>rgh\/ebr<\/p>\n","protected":false},"excerpt":{"rendered":"<p>Naciones Unidas, 28 mar (Prensa Latina) El despliegue de la fuerza de seguridad internacional en Hait\u00ed es fundamental y urgente junto al establecimiento de un consejo presidencial, asegur\u00f3 hoy William O&#8217;Neill, miembro de la Oficina de Derechos Humanos de la ONU. En declaraciones a la prensa, el experto consider\u00f3 crucial la instalaci\u00f3n oficial del consejo [&hellip;]<\/p>\n","protected":false},"author":28,"featured_media":519167,"comment_status":"closed","ping_status":"","sticky":true,"template":"","format":"standard","meta":{"footnotes":""},"categories":[36,112,23,27],"tags":[],"class_list":["post-519166","post","type-post","status-publish","format-standard","has-post-thumbnail","hentry","category-hombresmujeresycosas","category-haiti","category-internacional","category-portada"],"_links":{"self":[{"href":"https:\/\/diariodominicano.com\/index.php?rest_route=\/wp\/v2\/posts\/519166","targetHints":{"allow":["GET"]}}],"collection":[{"href":"https:\/\/diariodominicano.com\/index.php?rest_route=\/wp\/v2\/posts"}],"about":[{"href":"https:\/\/diariodominicano.com\/index.php?rest_route=\/wp\/v2\/types\/post"}],"author":[{"embeddable":true,"href":"https:\/\/diariodominicano.com\/index.php?rest_route=\/wp\/v2\/users\/28"}],"replies":[{"embeddable":true,"href":"https:\/\/diariodominicano.com\/index.php?rest_route=%2Fwp%2Fv2%2Fcomments&post=519166"}],"version-history":[{"count":1,"href":"https:\/\/diariodominicano.com\/index.php?rest_route=\/wp\/v2\/posts\/519166\/revisions"}],"predecessor-version":[{"id":519168,"href":"https:\/\/diariodominicano.com\/index.php?rest_route=\/wp\/v2\/posts\/519166\/revisions\/519168"}],"wp:featuredmedia":[{"embeddable":true,"href":"https:\/\/diariodominicano.com\/index.php?rest_route=\/wp\/v2\/media\/519167"}],"wp:attachment":[{"href":"https:\/\/diariodominicano.com\/index.php?rest_route=%2Fwp%2Fv2%2Fmedia&parent=519166"}],"wp:term":[{"taxonomy":"category","embeddable":true,"href":"https:\/\/diariodominicano.com\/index.php?rest_route=%2Fwp%2Fv2%2Fcategories&post=519166"},{"taxonomy":"post_tag","embeddable":true,"href":"https:\/\/diariodominicano.com\/index.php?rest_route=%2Fwp%2Fv2%2Ftags&post=519166"}],"curies":[{"name":"wp","href":"https:\/\/api.w.org\/{rel}","templated":true}]}}