{"id":519135,"date":"2024-03-28T18:53:08","date_gmt":"2024-03-28T22:53:08","guid":{"rendered":"https:\/\/diariodominicano.com\/?p=519135"},"modified":"2024-03-28T18:53:08","modified_gmt":"2024-03-28T22:53:08","slug":"explorando-el-verdadero-significado-de-la-semana-santa-y-la-cuaresma-una-puerta-hacia-la-reflexion","status":"publish","type":"post","link":"https:\/\/diariodominicano.com\/?p=519135","title":{"rendered":"Explorando el verdadero significado de la Semana Santa y la Cuaresma: una puerta hacia la reflexi\u00f3n"},"content":{"rendered":"\n<p>Indira Ortiz<\/p>\n\n\n\n<p>La Semana Santa y la Cuaresma son momentos de profunda reflexi\u00f3n espiritual, donde la diversidad de expresiones religiosas enriquece a nivel cultural a las comunidades. Este per\u00edodo lit\u00fargico, arraigado en la tradici\u00f3n cat\u00f3lica, se ha expandido para abarcar una gama m\u00e1s amplia de pr\u00e1cticas y creencias, que reflejan la riqueza espiritual.<\/p>\n\n\n\n<p>Durante la Semana Santa, las calles de las ciudades y provincias se llenan de devoci\u00f3n, con procesiones que recuerdan la pasi\u00f3n y muerte de Jesucristo y algunas leyendas que cubren a una que otra esquina de una comunidad lejana. Sin embargo, m\u00e1s all\u00e1 de las manifestaciones p\u00fablicas, esta \u00e9poca invita a una introspecci\u00f3n personal y al fortalecimiento de la fe.<\/p>\n\n\n\n<p>La diversificaci\u00f3n de las pr\u00e1cticas durante la Semana Santa refleja la creciente apertura hacia diferentes expresiones espirituales en la sociedad dominicana. Desde retiros, hasta actividades de recreaci\u00f3n y encuentros familiares, cada individuo encuentra su propio camino para conectar con lo que entiende va m\u00e1s all\u00e1 de lo terrenal y aprovecha este tiempo para renovar su compromiso con valores fundamentales como la solidaridad, la empat\u00eda y la compasi\u00f3n, reflejada en el sacrificio del hijo de Dios.<\/p>\n\n\n\n<p>Aunque es de recogimiento para muchos tambi\u00e9n trae otra realidad que no podemos dejar atr\u00e1s y es el aumento de accidentes de tr\u00e1nsito. En el transcurso de la semana mayor miles de personas emprenden viajes fuera de la ciudad para disfrutar de un merecido descanso, lo que conlleva un aumento en los accidentes viales que pueden truncar vidas y dejar familias destrozadas. Es por ello la importancia de tomar conciencia de la prudencia al volante y el respeto de las leyes de tr\u00e1nsito.<\/p>\n\n\n\n<p>Es en el contexto de que, desde Parque Cementerio Puerta del Cielo, ofrecemos servicios de cementerio, funeraria e iglesia ecum\u00e9nica, que queremos hacer un llamado a la reflexi\u00f3n y prevenci\u00f3n como parte de nuestro compromiso con el pa\u00eds, que va m\u00e1s all\u00e1 de proporcionar servicios en momento dif\u00edciles. Reafirmando as\u00ed nuestros esfuerzos por promover una cultura de cuidado y valores familiares para vivir una vida plena y significativa.<\/p>\n\n\n\n<p>Como parte de nuestra misi\u00f3n de servir a la comunidad, nos unimos a esta reflexi\u00f3n colectiva y ofrecemos un espacio de serenidad y contemplaci\u00f3n para aquellos que deseen honrar esta temporada sagrada.<\/p>\n\n\n\n<p><strong>Parque Cementerio Puerta del Cielo<\/strong><\/p>\n\n\n\n<p><strong>Indira Ortiz<\/strong><\/p>\n\n\n\n<p><a href=\"mailto:amercadeo@puertadelcielo.com.do\"><strong>amercadeo@puertadelcielo.com.do<\/strong><\/a><strong><\/strong><\/p>\n\n\n\n<p><a href=\"mailto:indortz27@gmail.com\"><strong>indortz27@gmail.com<\/strong><\/a><strong><\/strong><\/p>\n\n\n\n<p><\/p>\n","protected":false},"excerpt":{"rendered":"<p>Indira Ortiz La Semana Santa y la Cuaresma son momentos de profunda reflexi\u00f3n espiritual, donde la diversidad de expresiones religiosas enriquece a nivel cultural a las comunidades. Este per\u00edodo lit\u00fargico, arraigado en la tradici\u00f3n cat\u00f3lica, se ha expandido para abarcar una gama m\u00e1s amplia de pr\u00e1cticas y creencias, que reflejan la riqueza espiritual. Durante la [&hellip;]<\/p>\n","protected":false},"author":28,"featured_media":519136,"comment_status":"closed","ping_status":"","sticky":false,"template":"","format":"standard","meta":{"footnotes":""},"categories":[21,36,25,19,27],"tags":[],"class_list":["post-519135","post","type-post","status-publish","format-standard","has-post-thumbnail","hentry","category-cultura","category-hombresmujeresycosas","category-gente","category-mi-voz","category-portada"],"_links":{"self":[{"href":"https:\/\/diariodominicano.com\/index.php?rest_route=\/wp\/v2\/posts\/519135","targetHints":{"allow":["GET"]}}],"collection":[{"href":"https:\/\/diariodominicano.com\/index.php?rest_route=\/wp\/v2\/posts"}],"about":[{"href":"https:\/\/diariodominicano.com\/index.php?rest_route=\/wp\/v2\/types\/post"}],"author":[{"embeddable":true,"href":"https:\/\/diariodominicano.com\/index.php?rest_route=\/wp\/v2\/users\/28"}],"replies":[{"embeddable":true,"href":"https:\/\/diariodominicano.com\/index.php?rest_route=%2Fwp%2Fv2%2Fcomments&post=519135"}],"version-history":[{"count":1,"href":"https:\/\/diariodominicano.com\/index.php?rest_route=\/wp\/v2\/posts\/519135\/revisions"}],"predecessor-version":[{"id":519137,"href":"https:\/\/diariodominicano.com\/index.php?rest_route=\/wp\/v2\/posts\/519135\/revisions\/519137"}],"wp:featuredmedia":[{"embeddable":true,"href":"https:\/\/diariodominicano.com\/index.php?rest_route=\/wp\/v2\/media\/519136"}],"wp:attachment":[{"href":"https:\/\/diariodominicano.com\/index.php?rest_route=%2Fwp%2Fv2%2Fmedia&parent=519135"}],"wp:term":[{"taxonomy":"category","embeddable":true,"href":"https:\/\/diariodominicano.com\/index.php?rest_route=%2Fwp%2Fv2%2Fcategories&post=519135"},{"taxonomy":"post_tag","embeddable":true,"href":"https:\/\/diariodominicano.com\/index.php?rest_route=%2Fwp%2Fv2%2Ftags&post=519135"}],"curies":[{"name":"wp","href":"https:\/\/api.w.org\/{rel}","templated":true}]}}