{"id":519098,"date":"2024-03-28T16:31:24","date_gmt":"2024-03-28T20:31:24","guid":{"rendered":"https:\/\/diariodominicano.com\/?p=519098"},"modified":"2024-03-28T16:32:34","modified_gmt":"2024-03-28T20:32:34","slug":"nuevo-programa-punto-medio-con-alofoke-y-tony-dandrades","status":"publish","type":"post","link":"https:\/\/diariodominicano.com\/?p=519098","title":{"rendered":"Nuevo Programa: \u00abPunto Medio con Alofoke y Tony Dandrades\u00bb"},"content":{"rendered":"\n<p>Santiago Mat\u00edas (Alofoke) y Tony Dandrades<\/p>\n\n\n\n<p>Miami, Florida&nbsp; &#8211; Los dominicanos Santiago Mat\u00edas (Alofoke) y Tony Dandrades se unen para presentar un nuevo programa que se suma a la parrilla de la comunicaci\u00f3n digital: \u00abPunto Medio con Alofoke y Tony Dandrades\u00bb.<\/p>\n\n\n\n<p>Alofoke, uno de los influencers m\u00e1s reconocidos de Latinoam\u00e9rica y Tony Dandrades, una figura ic\u00f3nica en la televisi\u00f3n en espa\u00f1ol en USA, se unen por primera vez para ofrecer una nueva experiencia a sus seguidores. Ambos provenientes de humildes or\u00edgenes, comparten un camino de lucha y esfuerzo que los han llevado a la cima del entretenimiento y la comunicaci\u00f3n.<\/p>\n\n\n\n<figure class=\"wp-block-image size-large\"><img loading=\"lazy\" decoding=\"async\" width=\"681\" height=\"1024\" src=\"https:\/\/diariodominicano.com\/wp-content\/uploads\/2024\/03\/IMG-20240327-WA0044-681x1024.jpg\" alt=\"\" class=\"wp-image-519101\" srcset=\"https:\/\/diariodominicano.com\/wp-content\/uploads\/2024\/03\/IMG-20240327-WA0044-681x1024.jpg 681w, https:\/\/diariodominicano.com\/wp-content\/uploads\/2024\/03\/IMG-20240327-WA0044-200x300.jpg 200w, https:\/\/diariodominicano.com\/wp-content\/uploads\/2024\/03\/IMG-20240327-WA0044-768x1155.jpg 768w, https:\/\/diariodominicano.com\/wp-content\/uploads\/2024\/03\/IMG-20240327-WA0044-1021x1536.jpg 1021w, https:\/\/diariodominicano.com\/wp-content\/uploads\/2024\/03\/IMG-20240327-WA0044-816x1227.jpg 816w, https:\/\/diariodominicano.com\/wp-content\/uploads\/2024\/03\/IMG-20240327-WA0044.jpg 1064w\" sizes=\"auto, (max-width: 681px) 100vw, 681px\" \/><\/figure>\n\n\n\n<p>El programa se transmitir\u00e1 en vivo todos los viernes a las 7 de la noche, a partir del Viernes Santo, 29 de marzo, exclusivamente en el canal de YouTube de Dandrades. Aunque los detalles del concepto del programa a\u00fan no han sido revelados, se promete una colaboraci\u00f3n interesante.<\/p>\n\n\n\n<p>\u00abSolo puedo decir que estamos emocionados de compartir nuestras historias y perspectivas con todos ustedes y mucho m\u00e1s\u00bb, mencion\u00f3 Tony.<\/p>\n\n\n\n<p>Por su parte, Alofoke coment\u00f3: \u00abEste programa marcar\u00e1 un hito en la colaboraci\u00f3n entre comunicadores dominicanos (local + el extranjero), y estoy ansioso por compartir este viaje con Tony y nuestra audiencia\u00bb.<\/p>\n\n\n\n<p>CM Comunicate<\/p>\n\n\n\n<p><a target=\"_blank\" href=\"mailto:cmcomunicaterd@gmail.com\" rel=\"noreferrer noopener\">cmcomunicaterd@gmail.com<\/a><\/p>\n","protected":false},"excerpt":{"rendered":"<p>Santiago Mat\u00edas (Alofoke) y Tony Dandrades Miami, Florida&nbsp; &#8211; Los dominicanos Santiago Mat\u00edas (Alofoke) y Tony Dandrades se unen para presentar un nuevo programa que se suma a la parrilla de la comunicaci\u00f3n digital: \u00abPunto Medio con Alofoke y Tony Dandrades\u00bb. Alofoke, uno de los influencers m\u00e1s reconocidos de Latinoam\u00e9rica y Tony Dandrades, una figura [&hellip;]<\/p>\n","protected":false},"author":28,"featured_media":519099,"comment_status":"closed","ping_status":"","sticky":false,"template":"","format":"standard","meta":{"footnotes":""},"categories":[36,25],"tags":[],"class_list":["post-519098","post","type-post","status-publish","format-standard","has-post-thumbnail","hentry","category-hombresmujeresycosas","category-gente"],"_links":{"self":[{"href":"https:\/\/diariodominicano.com\/index.php?rest_route=\/wp\/v2\/posts\/519098","targetHints":{"allow":["GET"]}}],"collection":[{"href":"https:\/\/diariodominicano.com\/index.php?rest_route=\/wp\/v2\/posts"}],"about":[{"href":"https:\/\/diariodominicano.com\/index.php?rest_route=\/wp\/v2\/types\/post"}],"author":[{"embeddable":true,"href":"https:\/\/diariodominicano.com\/index.php?rest_route=\/wp\/v2\/users\/28"}],"replies":[{"embeddable":true,"href":"https:\/\/diariodominicano.com\/index.php?rest_route=%2Fwp%2Fv2%2Fcomments&post=519098"}],"version-history":[{"count":4,"href":"https:\/\/diariodominicano.com\/index.php?rest_route=\/wp\/v2\/posts\/519098\/revisions"}],"predecessor-version":[{"id":519104,"href":"https:\/\/diariodominicano.com\/index.php?rest_route=\/wp\/v2\/posts\/519098\/revisions\/519104"}],"wp:featuredmedia":[{"embeddable":true,"href":"https:\/\/diariodominicano.com\/index.php?rest_route=\/wp\/v2\/media\/519099"}],"wp:attachment":[{"href":"https:\/\/diariodominicano.com\/index.php?rest_route=%2Fwp%2Fv2%2Fmedia&parent=519098"}],"wp:term":[{"taxonomy":"category","embeddable":true,"href":"https:\/\/diariodominicano.com\/index.php?rest_route=%2Fwp%2Fv2%2Fcategories&post=519098"},{"taxonomy":"post_tag","embeddable":true,"href":"https:\/\/diariodominicano.com\/index.php?rest_route=%2Fwp%2Fv2%2Ftags&post=519098"}],"curies":[{"name":"wp","href":"https:\/\/api.w.org\/{rel}","templated":true}]}}