{"id":519086,"date":"2024-03-28T16:07:29","date_gmt":"2024-03-28T20:07:29","guid":{"rendered":"https:\/\/diariodominicano.com\/?p=519086"},"modified":"2024-03-28T16:12:28","modified_gmt":"2024-03-28T20:12:28","slug":"realizan-presentacion-especial-del-documental-el-fotografo-de-la-40-de-erika-santelices-y-orlando-barria-en-fine-arts-novo-centro","status":"publish","type":"post","link":"https:\/\/diariodominicano.com\/?p=519086","title":{"rendered":"Realizan presentaci\u00f3n especial del documental \u201cEl Fot\u00f3grafo de La 40\u201d, de Erika Santelices y Orlando Barr\u00eda en Fine Arts Novo-Centro"},"content":{"rendered":"\n<p><em>El documental cuenta la historia del fot\u00f3grafo Pedro An\u00edbal Fuentes Berg y del h\u00e9roe nacional Jos\u00e9 Mes\u00f3n. Su estreno en cines ser\u00e1 el 28 de marzo.&nbsp;<\/em><\/p>\n\n\n\n<p>Santo Domingo, Rep\u00fablica Dominicana \u2013 La presentaci\u00f3n especial se realiz\u00f3 en Fine Arts Novo-Centro de Caribbean Cinemas, que junto con Downtown Center ser\u00e1n las salas oficiales donde a partir del 28 de marzo se exhibir\u00e1 el documental \u00ab<strong>El Fot\u00f3grafo de La 40&#8243;<\/strong>, \u00f3pera prima de sus directores Erika Santelices y Orlando Barr\u00eda y producci\u00f3n de Fernando Santos D\u00edaz, de G\u00fcas\u00e1bara Films.&nbsp;<\/p>\n\n\n\n<p><strong>\u201cEl Fot\u00f3grafo de La 40\u201d&nbsp;<\/strong>revela la historia del fot\u00f3grafo Pedro An\u00edbal Fuentes Berg y de las fotograf\u00edas que realiz\u00f3 en la c\u00e1rcel clandestina conocida como \u201cLa 40\u201d, tr\u00e1gico centro de torturas creado durante la dictadura de Rafael Le\u00f3nidas Trujillo (1930-1961). Fuentes Berg&nbsp; &nbsp;-en un acto heroico poco reconocido- contribuy\u00f3, gracias a la difusi\u00f3n de su trabajo, con la denuncia internacional de los dram\u00e1ticos hechos que viv\u00eda el pueblo dominicano.<\/p>\n\n\n\n<p>La producci\u00f3n cuenta con valiosos testimonios y sirve como recordatorio elocuente de la necesidad de preservar y honrar la memoria hist\u00f3rica del pa\u00eds. Su banda sonora estuvo a cargo del maestro Manuel Tejada y la direcci\u00f3n de fotograf\u00eda fue realizada por Jean Phillip Eversz y Orlando Barr\u00eda.<\/p>\n\n\n\n<p><strong>\u201cEl Fot\u00f3grafo de La 40\u201d&nbsp;<\/strong>fue selecci\u00f3n oficial en la categor\u00eda \u00d3pera Prima Documental \u201cFernando B\u00e1ez\u201d del Festival de Cine Global de Santo Domingo, donde recibi\u00f3 una menci\u00f3n especial. Tambi\u00e9n fue selecci\u00f3n oficial del Festival de Derechos Humanos de Vieques y el Festival de Cine de Bangladesh.<\/p>\n\n\n\n<p>Fernando Santos D\u00edaz expres\u00f3 su gratitud hacia las empresas que respaldaron el proyecto, como Magna, Innovacentro y Acromax; as\u00ed como a la Alcald\u00eda del Distrito Nacional y a FONPROCINE. \u201cInvitamos al p\u00fablico a encontrarse con esta historia, tan necesaria en nuestra vida para reconocernos y encontrarnos con lo que somos y c\u00f3mo hemos llegado hasta ac\u00e1\u201d, dijo el destacado productor.&nbsp;<\/p>\n\n\n\n<p>\u201cLa historia del Fot\u00f3grafo de La 40, no es solamente la historia de un fot\u00f3grafo, es la historia de un pa\u00eds que se reencuentra con sus personajes olvidados\u201d expres\u00f3 la directora Erika Santelices durante su intervenci\u00f3n.<\/p>\n\n\n\n<p><strong>Sobre \u00abEl Fot\u00f3grafo de La 40\u00bb<\/strong><\/p>\n\n\n\n<p><strong>Sinopsis<\/strong><\/p>\n\n\n\n<p>Revela la historia del fot\u00f3grafo Pedro An\u00edbal Fuentes Berg, quien es enviado a tomar im\u00e1genes en el penal clandestino de La 40, un centro de torturas creado durante la dictadura de Rafael Le\u00f3nidas Trujillo (1930-1961), en la Rep\u00fablica Dominicana. Fuentes Berg siente el inevitable compromiso de difundir internacionalmente estas im\u00e1genes para visibilizar los horrores que vivieron los opositores al r\u00e9gimen dentro de la prisi\u00f3n y decide publicarlas para que sean conocidas. Algunas de estas fotograf\u00edas se convirtieron en \u00edconos de la barbarie de la dictadura de Trujillo.<\/p>\n\n\n\n<p><strong>Ficha t\u00e9cnica<\/strong><\/p>\n\n\n\n<p>Direcci\u00f3n: Erika Santelices \u2013 Orlando Barr\u00eda<\/p>\n\n\n\n<p>Pa\u00eds: Rep\u00fablica Dominicana<\/p>\n\n\n\n<p>A\u00f1o: 2023<\/p>\n\n\n\n<p>Duraci\u00f3n: 76 minutos<\/p>\n\n\n\n<p>G\u00e9nero: Documental<\/p>\n\n\n\n<p>Productor: Fernando Santos D\u00edaz<\/p>\n\n\n\n<p>Productora: G\u00fcas\u00e1bara Cine<\/p>\n\n\n\n<p>Productores ejecutivos: Agust\u00edn Lama y Rafael Garc\u00eda Albizu<\/p>\n\n\n\n<p>Guion: Erika Santelices \u2013 Orlando Barr\u00eda<\/p>\n\n\n\n<p>Edici\u00f3n: Roc\u00edo Gattinoni&nbsp;<\/p>\n\n\n\n<p>Fotograf\u00eda: Jean Phillip Eversz \u2013 Orlando Barr\u00eda<\/p>\n\n\n\n<p>M\u00fasica: Manuel Tejada<\/p>\n\n\n\n<p>Taina Rodr\u00edguez<\/p>\n\n\n\n<p><a target=\"_blank\" href=\"mailto:info@cineate.com\" rel=\"noreferrer noopener\">info@cineate.com<\/a><\/p>\n","protected":false},"excerpt":{"rendered":"<p>El documental cuenta la historia del fot\u00f3grafo Pedro An\u00edbal Fuentes Berg y del h\u00e9roe nacional Jos\u00e9 Mes\u00f3n. Su estreno en cines ser\u00e1 el 28 de marzo.&nbsp; Santo Domingo, Rep\u00fablica Dominicana \u2013 La presentaci\u00f3n especial se realiz\u00f3 en Fine Arts Novo-Centro de Caribbean Cinemas, que junto con Downtown Center ser\u00e1n las salas oficiales donde a partir [&hellip;]<\/p>\n","protected":false},"author":28,"featured_media":0,"comment_status":"closed","ping_status":"","sticky":false,"template":"","format":"standard","meta":{"footnotes":""},"categories":[21,36,26],"tags":[],"class_list":["post-519086","post","type-post","status-publish","format-standard","hentry","category-cultura","category-hombresmujeresycosas","category-efemerides"],"_links":{"self":[{"href":"https:\/\/diariodominicano.com\/index.php?rest_route=\/wp\/v2\/posts\/519086","targetHints":{"allow":["GET"]}}],"collection":[{"href":"https:\/\/diariodominicano.com\/index.php?rest_route=\/wp\/v2\/posts"}],"about":[{"href":"https:\/\/diariodominicano.com\/index.php?rest_route=\/wp\/v2\/types\/post"}],"author":[{"embeddable":true,"href":"https:\/\/diariodominicano.com\/index.php?rest_route=\/wp\/v2\/users\/28"}],"replies":[{"embeddable":true,"href":"https:\/\/diariodominicano.com\/index.php?rest_route=%2Fwp%2Fv2%2Fcomments&post=519086"}],"version-history":[{"count":2,"href":"https:\/\/diariodominicano.com\/index.php?rest_route=\/wp\/v2\/posts\/519086\/revisions"}],"predecessor-version":[{"id":519088,"href":"https:\/\/diariodominicano.com\/index.php?rest_route=\/wp\/v2\/posts\/519086\/revisions\/519088"}],"wp:attachment":[{"href":"https:\/\/diariodominicano.com\/index.php?rest_route=%2Fwp%2Fv2%2Fmedia&parent=519086"}],"wp:term":[{"taxonomy":"category","embeddable":true,"href":"https:\/\/diariodominicano.com\/index.php?rest_route=%2Fwp%2Fv2%2Fcategories&post=519086"},{"taxonomy":"post_tag","embeddable":true,"href":"https:\/\/diariodominicano.com\/index.php?rest_route=%2Fwp%2Fv2%2Ftags&post=519086"}],"curies":[{"name":"wp","href":"https:\/\/api.w.org\/{rel}","templated":true}]}}