{"id":51907,"date":"2020-07-08T12:09:44","date_gmt":"2020-07-08T12:09:44","guid":{"rendered":"http:\/\/diariodominicano.ddns.net\/?p=51907"},"modified":"2020-07-08T12:09:44","modified_gmt":"2020-07-08T12:09:44","slug":"amlo-visita-monumentos-a-lincoln-y-juarez-en-washington","status":"publish","type":"post","link":"https:\/\/diariodominicano.com\/?p=51907","title":{"rendered":"AMLO visita monumentos a Lincoln y Ju\u00e1rez en Washington"},"content":{"rendered":"<p><body><\/p>\n<p><img decoding=\"async\" src=\"img3\/amlo en usa0807.jpg\" \/>  <\/p>\n<p><strong>AMLO visita monumentos a Lincoln y Ju\u00e1rez en Washington<\/strong><\/p>\n<p><strong>Por DEB RIECHMANN<\/strong><\/p>\n<p><strong>Fotograf\u00eda de archivo del 5 de abril de 2020 del presidente mexicano, Andr\u00e9s Manuel L\u00f3pez Obrador, hablando en el Palacio Nacional en la ciudad de M\u00e9xico. En su primer viaje al extranjero como presidente de M\u00e9xico, Andr\u00e9s Manuel L\u00f3pez Obrador viaja el martes 7 de julio de 2020 a Washington para reunirse con su hom\u00f3logo Donald Trump, un l\u00edder que ha utilizado repetidamente a M\u00e9xico como pi\u00f1ata para ganarse simpatizantes. (AP Foto\/Eduardo Verdugo, Archivo)<\/strong><\/p>\n<p><strong>WASHINGTON (AP)- <\/strong>El presidente de M\u00e9xico, Andr\u00e9s Manuel L\u00f3pez Obrador, inici\u00f3 su primer viaje al exterior como mandatario el mi\u00e9rcoles con visitas al monumento a Abraham Lincoln y la estatua del h\u00e9roe mexicano Benito Ju\u00e1rez en Washington.<\/p>\n<\/p>\n<p>En las pr\u00f3ximas horas se reunir\u00e1 en la Casa Blanca con el presidente Donald Trump, quien ha atacado reiteradamente a M\u00e9xico y los inmigrantes mexicanos para alentar a sus seguidores. Muchos mexicanos objetan la visita, apenas cuatro meses antes de las elecciones en Estados Unidos.<\/p>\n<\/p>\n<p>Trump ha insultado a los mexicanos, amenazado al pa\u00eds con aranceles para forzarlo a cumplir un papel ingrato en la pol\u00edtica de inmigraci\u00f3n de Washington e insiste que pagar\u00e1n por un muro que quiere erigir en la frontera para impedir el paso de los migrantes.<\/p>\n<\/p>\n<p>ADVERTISEMENT<\/p>\n<\/p>\n<p>Pero L\u00f3pez Obrador tiene una relaci\u00f3n sorprendentemente cordial con Trump. Se complace en destacar que Trump ayud\u00f3 a M\u00e9xico a alcanzar un acuerdo con otros pa\u00edses productores de petr\u00f3leo y tambi\u00e9n le consigui\u00f3 respiradores para enfrentar la pandemia de coronavirus. Los dos mandatarios, con programas de gobierno descaradamente nacionalistas, suelen hablar de su floreciente amistad.<\/p>\n<\/p>\n<p>Los dos presidentes tambi\u00e9n hablar\u00e1n sobre el acuerdo comercial entre Estados Unidos, M\u00e9xico y Canad\u00e1, conocido como T-MEC y que reemplaza al acuerdo anterior, llamado TLCAN, que seg\u00fan Trump era perjudicial por impulsar a las empresas estadounidenses a trasladar su manufactura a M\u00e9xico, donde el costo de la mano de obra es menor.<\/p>\n<\/p>\n<p>El asesor econ\u00f3mico de la Casa Blanca, Larry Kudlow, dijo que L\u00f3pez Obrador y Trump firmar\u00e1n una declaraci\u00f3n conjunta de amistad y cooperaci\u00f3n. Indic\u00f3 que el T-MEC impulsar\u00e1 la industria automotriz, la agricultura, los productos l\u00e1cteos y la ganader\u00eda.<\/p>\n<\/p>\n<p>\u00abEn la medida que los tres pa\u00edses respeten este acuerdo habr\u00e1 una explosi\u00f3n de emprendimientos y nueva innovaci\u00f3n en Am\u00e9rica del Norte\u00bb, dijo Kudlow al canal Fox News. \u00abUn punto porcentual del PIB anual cuando esto se ponga en marcha, un par de cientos de miles de empleos. No s\u00e9 por qu\u00e9 la gente no le presta m\u00e1s atenci\u00f3n. Anticipamos crecimiento despu\u00e9s de la pandemia\u00bb.<\/p>\n<\/p>\n<p>Aunque no es una visita de estado, se le brindar\u00e1 a L\u00f3pez Obrador una cena especial en la Casa Blanca a la que asistir\u00e1n empresarios de los dos pa\u00edses.<\/p>\n<\/p>\n<p>En momentos que Estados Unidos busca reducir su cadena de suministros en China, M\u00e9xico est\u00e1 en buena posici\u00f3n para ocupar ese vac\u00edo, dijeron altos funcionarios de Washington en una llamada sobre la visita. La cooperaci\u00f3n bilateral permiti\u00f3 que continuara el paso de mercanc\u00edas a trav\u00e9s de la frontera a pesar de las restricciones impuestas por la pandemia de COVID-19, dijeron bajo la condici\u00f3n de anonimato.<\/p>\n<\/p>\n<h6> 2020-07-08 12:09:44 <\/h6>\n<p><!--\n<link rel=\"stylesheet\" href=\"css\/bootstrap.min.css\">\n\n\n<ul class=\"pagination\">\n\t    \n\t\n\n<li >\n\t<a href='?page_no=429'>Previous<\/a>\n\t<\/li>\n\n\n       \n    \n\n<li><a href='?page_no=1'>1<\/a><\/li>\n\n\n\n<li><a href='?page_no=2'>2<\/a><\/li>\n\n\n\n<li><a>...<\/a><\/li>\n\n\n\n<li><a href='?page_no=428'>428<\/a><\/li>\n\n\n\n<li><a href='?page_no=429'>429<\/a><\/li>\n\n\n\n<li class='active'><a>430<\/a><\/li>\n\n\n\n<li><a href='?page_no=431'>431<\/a><\/li>\n\n\n\n<li><a href='?page_no=432'>432<\/a><\/li>\n\n\n\n<li><a>...<\/a><\/li>\n\n\n\n<li><a href='?page_no=22911'>22911<\/a><\/li>\n\n\n\n<li><a href='?page_no=22912'>22912<\/a><\/li>\n\n    \n\t\n\n<li >\n\t<a href='?page_no=431'>Next<\/a>\n\t<\/li>\n\n\n    \n\n<li><a href='?page_no=22912'>Last &rsaquo;&rsaquo;<\/a><\/li>\n\n<\/ul>\n\n\n--><br \/>\n<\/body><\/p>\n","protected":false},"excerpt":{"rendered":"<p>AMLO visita monumentos a Lincoln y Ju\u00e1rez en Washington Por DEB RIECHMANN Fotograf\u00eda de archivo del 5 de abril de 2020 del presidente mexicano, Andr\u00e9s Manuel L\u00f3pez Obrador, hablando en el Palacio Nacional en la ciudad de M\u00e9xico. En su primer viaje al extranjero como presidente de M\u00e9xico, Andr\u00e9s Manuel L\u00f3pez Obrador viaja el martes [&hellip;]<\/p>\n","protected":false},"author":3,"featured_media":0,"comment_status":"open","ping_status":"open","sticky":false,"template":"","format":"standard","meta":{"footnotes":""},"categories":[21],"tags":[],"class_list":["post-51907","post","type-post","status-publish","format-standard","hentry","category-cultura"],"_links":{"self":[{"href":"https:\/\/diariodominicano.com\/index.php?rest_route=\/wp\/v2\/posts\/51907","targetHints":{"allow":["GET"]}}],"collection":[{"href":"https:\/\/diariodominicano.com\/index.php?rest_route=\/wp\/v2\/posts"}],"about":[{"href":"https:\/\/diariodominicano.com\/index.php?rest_route=\/wp\/v2\/types\/post"}],"author":[{"embeddable":true,"href":"https:\/\/diariodominicano.com\/index.php?rest_route=\/wp\/v2\/users\/3"}],"replies":[{"embeddable":true,"href":"https:\/\/diariodominicano.com\/index.php?rest_route=%2Fwp%2Fv2%2Fcomments&post=51907"}],"version-history":[{"count":0,"href":"https:\/\/diariodominicano.com\/index.php?rest_route=\/wp\/v2\/posts\/51907\/revisions"}],"wp:attachment":[{"href":"https:\/\/diariodominicano.com\/index.php?rest_route=%2Fwp%2Fv2%2Fmedia&parent=51907"}],"wp:term":[{"taxonomy":"category","embeddable":true,"href":"https:\/\/diariodominicano.com\/index.php?rest_route=%2Fwp%2Fv2%2Fcategories&post=51907"},{"taxonomy":"post_tag","embeddable":true,"href":"https:\/\/diariodominicano.com\/index.php?rest_route=%2Fwp%2Fv2%2Ftags&post=51907"}],"curies":[{"name":"wp","href":"https:\/\/api.w.org\/{rel}","templated":true}]}}