{"id":51906,"date":"2020-11-17T13:46:07","date_gmt":"2020-11-17T13:46:07","guid":{"rendered":"http:\/\/diariodominicano.ddns.net\/?p=51906"},"modified":"2020-11-17T13:46:07","modified_gmt":"2020-11-17T13:46:07","slug":"agn-inaugura-con-exito-la-vii-feria-del-libro-de-historia-dominicana","status":"publish","type":"post","link":"https:\/\/diariodominicano.com\/?p=51906","title":{"rendered":"AGN inaugura con \u00e9xito la VII Feria del Libro de Historia Dominicana"},"content":{"rendered":"<p><body><\/p>\n<p><img decoding=\"async\" src=\"img3\/AGN17-11-20.jpg\" \/>  <\/p>\n<p><span class=\"text1noticias\"> <\/span><\/p>\n<p><span class=\"text1noticias\"> diariodominicano.com<\/span><\/p>\n<p><span class=\"text1noticias\">Santo Domingo, 16 de noviembre 2020.- Con casi 1800 vistas en YouTube, el Archivo General de la Naci\u00f3n (AGN), inici\u00f3 este lunes 16, la s\u00e9ptima edici\u00f3n de la Feria del Libro de Historia Dominicana, con una amplia propuesta de actividades dirigidas a todos los p\u00fablicos. <\/span><\/p>\n<\/p>\n<p><span class=\"text1noticias\">Desde conferencias hist\u00f3ricas hasta charlas sobre imagen p\u00fablica, el AGN ofrece un abanico de temas de inter\u00e9s general.<\/span><\/p>\n<\/p>\n<p><span class=\"text1noticias\">El acto inaugural cont\u00f3 con la participaci\u00f3n de la vicepresidenta de la Rep\u00fablica, Raquel Pe\u00f1a, el director del Archivo General de la Naci\u00f3n, Roberto Cass\u00e1, y las homenajeadas, Mu-Kien Adriana Sang Beng, Carmen Dur\u00e1n y Lusitania Mart\u00ednez.<\/span><\/p>\n<\/p>\n<p><span class=\"text1noticias\">En su intervenci\u00f3n, Roberto Cass\u00e1, ponder\u00f3 el aporte de las homenajeadas a la historiograf\u00eda nacional, \u00ablas tres tienen una producci\u00f3n que va m\u00e1s all\u00e1 de la historia femenina; una producci\u00f3n en la que, adem\u00e1s, resaltan aquellos textos que han contribuido de manera relevante a la construcci\u00f3n de lo que se conoce de esa historia en el pa\u00eds\u00bb.<\/span><\/p>\n<\/p>\n<p><span class=\"text1noticias\">En el acto celebrado de manera virtual, Mu-Kien Adriana Sang Ben, hizo un recuento de su trayectoria profesional y experiencia como maestra e investigadora \u00abdesde entonces no he parado de escribir, he escrito una veintena de libros y estar\u00e9 tecleando la computadora, hasta mi \u00faltimo aliento\u00bb. De su lado, Lusitania Mart\u00ednez, se\u00f1al\u00f3 algunos de sus trabajos, temas de estudio y teor\u00edas que ha abordado, adem\u00e1s agradeci\u00f3 al AGN por \u00abhaber abierto las puertas a la visibilizaci\u00f3n de las mujeres&#8230; Y sobre todo al tratamiento de otro punto de vista respecto a ellas\u00bb. Carmen Dur\u00e1n, mencion\u00f3 algunas de las mujeres que han marcado la historia del pa\u00eds, entre ellas, Rosa Duarte y las hermanas Mirabal y narr\u00f3 sus inicios como maestra. Todas agradecieron la distinci\u00f3n de ser homenajeadas y manifestaron su orgullo por compartir tal privilegio entre ellas.  <\/span><\/p>\n<\/p>\n<p><span class=\"text1noticias\">La Feria del Libro de Historia Dominicana se celebra del 16 al 20 de noviembre, y se ofrecen: exposiciones, presentaciones de nuevas publicaciones, conferencias, talleres, paneles, proyecci\u00f3n de documentales y largometrajes, totalmente gratis y en modalidad virtual a trav\u00e9s de www.agn.gob.do y en la cuenta de YouTube: AGN_RD<\/span>.<\/p>\n<h6> 2020-11-17 13:46:07 <\/h6>\n<p><!--\n<link rel=\"stylesheet\" href=\"css\/bootstrap.min.css\">\n\n\n<ul class=\"pagination\">\n\t    \n\t\n\n<li >\n\t<a href='?page_no=42'>Previous<\/a>\n\t<\/li>\n\n\n       \n    \n\n<li><a href='?page_no=1'>1<\/a><\/li>\n\n\n\n<li><a href='?page_no=2'>2<\/a><\/li>\n\n\n\n<li><a>...<\/a><\/li>\n\n\n\n<li><a href='?page_no=41'>41<\/a><\/li>\n\n\n\n<li><a href='?page_no=42'>42<\/a><\/li>\n\n\n\n<li class='active'><a>43<\/a><\/li>\n\n\n\n<li><a href='?page_no=44'>44<\/a><\/li>\n\n\n\n<li><a href='?page_no=45'>45<\/a><\/li>\n\n\n\n<li><a>...<\/a><\/li>\n\n\n\n<li><a href='?page_no=22911'>22911<\/a><\/li>\n\n\n\n<li><a href='?page_no=22912'>22912<\/a><\/li>\n\n    \n\t\n\n<li >\n\t<a href='?page_no=44'>Next<\/a>\n\t<\/li>\n\n\n    \n\n<li><a href='?page_no=22912'>Last &rsaquo;&rsaquo;<\/a><\/li>\n\n<\/ul>\n\n\n--><br \/>\n<\/body><\/p>\n","protected":false},"excerpt":{"rendered":"<p>diariodominicano.com Santo Domingo, 16 de noviembre 2020.- Con casi 1800 vistas en YouTube, el Archivo General de la Naci\u00f3n (AGN), inici\u00f3 este lunes 16, la s\u00e9ptima edici\u00f3n de la Feria del Libro de Historia Dominicana, con una amplia propuesta de actividades dirigidas a todos los p\u00fablicos. Desde conferencias hist\u00f3ricas hasta charlas sobre imagen p\u00fablica, el [&hellip;]<\/p>\n","protected":false},"author":3,"featured_media":0,"comment_status":"open","ping_status":"open","sticky":false,"template":"","format":"standard","meta":{"footnotes":""},"categories":[21],"tags":[],"class_list":["post-51906","post","type-post","status-publish","format-standard","hentry","category-cultura"],"_links":{"self":[{"href":"https:\/\/diariodominicano.com\/index.php?rest_route=\/wp\/v2\/posts\/51906","targetHints":{"allow":["GET"]}}],"collection":[{"href":"https:\/\/diariodominicano.com\/index.php?rest_route=\/wp\/v2\/posts"}],"about":[{"href":"https:\/\/diariodominicano.com\/index.php?rest_route=\/wp\/v2\/types\/post"}],"author":[{"embeddable":true,"href":"https:\/\/diariodominicano.com\/index.php?rest_route=\/wp\/v2\/users\/3"}],"replies":[{"embeddable":true,"href":"https:\/\/diariodominicano.com\/index.php?rest_route=%2Fwp%2Fv2%2Fcomments&post=51906"}],"version-history":[{"count":0,"href":"https:\/\/diariodominicano.com\/index.php?rest_route=\/wp\/v2\/posts\/51906\/revisions"}],"wp:attachment":[{"href":"https:\/\/diariodominicano.com\/index.php?rest_route=%2Fwp%2Fv2%2Fmedia&parent=51906"}],"wp:term":[{"taxonomy":"category","embeddable":true,"href":"https:\/\/diariodominicano.com\/index.php?rest_route=%2Fwp%2Fv2%2Fcategories&post=51906"},{"taxonomy":"post_tag","embeddable":true,"href":"https:\/\/diariodominicano.com\/index.php?rest_route=%2Fwp%2Fv2%2Ftags&post=51906"}],"curies":[{"name":"wp","href":"https:\/\/api.w.org\/{rel}","templated":true}]}}