{"id":519030,"date":"2024-03-28T09:29:31","date_gmt":"2024-03-28T13:29:31","guid":{"rendered":"https:\/\/diariodominicano.com\/?p=519030"},"modified":"2024-03-28T15:14:16","modified_gmt":"2024-03-28T19:14:16","slug":"hoy-inicia-operativo-conciencia-por-la-vida-semana-santa-2024","status":"publish","type":"post","link":"https:\/\/diariodominicano.com\/?p=519030","title":{"rendered":"Hoy inicia Operativo Conciencia por la Vida, Semana Santa 2024"},"content":{"rendered":"\n<p>diariodominicano.com<\/p>\n\n\n\n<p>Santo Domingo, R. D.,\u200228 de marzo, 2024.-\u2002Hoy inicia Operativo Conciencia por la Vida, Semana Santa 2024 Por disposici\u00f3n del presidente de la Rep\u00fablica, Luis Abinader Corona, el Centro de Operaciones de Emergencias (COE) pone en marcha este<br>jueves a las 2:00 pm el Operativo \u201cConciencia por la Vida, Semana Santa 2024\u00b4\u00b4, con el despliegue de 49,723 miembros de las 22 instituciones que conforman el organismo.<br>El director del COE, Juan Manuel M\u00e9ndez Garc\u00eda, indic\u00f3 que se<br>establecer\u00e1 un dispositivo de prevenci\u00f3n y seguridad vial en las<br>principales v\u00edas y autopistas, as\u00ed como en playas y balnearios permitidos, que terminar\u00e1 el domingo de resurrecci\u00f3n a las 6:00 pm.<br>Explic\u00f3 que las acciones estrat\u00e9gicas dise\u00f1adas para prevenir la asfixia por inmersi\u00f3n, los accidentes de tr\u00e1nsito e intoxicaci\u00f3n por alcohol y por alimentos, permitir\u00e1n responder a cualquier emergencia que tengan los ciudadanos que se trasladen hacia el interior del pa\u00eds durante el asueto de la semana mayor.<br>Asimismo, detall\u00f3 que ya est\u00e1n ubicados los 3,323 puestos de socorro, 603 ambulancias de la Direcci\u00f3n de Servicios de Atenci\u00f3n a Emergencias Extrahospitalarias (DAEH) y otras entidades del sector sanitario, 303<\/p>\n\n\n\n<p>unidades de respuestas Inmediata (URI), 51 puestos de Gr\u00faas, 20<br>Dispositivos de protecci\u00f3n y asistencia vial, 23 embarcaciones, 25 puestos con Carro- Taller y 3 helic\u00f3pteros, dispuesto por el ministro de Defensa, Teniente General Carlos Luciano D\u00edaz Morfa, E.R.D<br>Indic\u00f3 que tambi\u00e9n que la poblaci\u00f3n contar\u00e1 con 11 centros de Atenci\u00f3n Pre-hospitalarios, 3 hospitales m\u00f3viles, 47 autobuses de la OMSA, 21 Centros para la ubicaci\u00f3n y atenci\u00f3n de Ni\u00f1as\/os Extraviados y 09 Centro de Mandos Regionales.<\/p>\n\n\n\n<p>En ese sentido, M\u00e9ndez Garc\u00eda inst\u00f3 a la poblaci\u00f3n a escuchar y poner en pr\u00e1ctica las recomendaciones de los organismos de protecci\u00f3n civil dispuestos mediante este Operativo.<br>\u201cEstamos preparados para responder, pero apelamos a que por tu<br>Conciencia por la Vida estas unidades ser\u00e1n poco utilizadas y las<br>estad\u00edsticas reducir\u00e1n en esta ocasi\u00f3n, en comparaci\u00f3n con el a\u00f1o<br>pasado\u201d, dijo M\u00e9ndez Garc\u00eda.<br>Este dispositivo de seguridad es coordinado y ejecutado por el COE con la participaci\u00f3n de los Ministerios Administrativo de la Presidencia, de Defensa, de la Mujer, de Interior y Polic\u00eda, de Obras P\u00fablicas, de Medio Ambiente, Ministerio de Turismo y de Salud P\u00fablica.<br>Tambi\u00e9n, la Direcci\u00f3n de Servicios de Atenci\u00f3n a Emergencias<br>Extrahospitalaria (DAEH), el Instituto Nacional de Tr\u00e1nsito y Transporte Terrestre (Intrant), el Plan Social de la Presidencia, Direcci\u00f3n de<br>Comunicaci\u00f3n y Estrategia Gubernamental (DIECOM), el Sistema<br>Nacional de Atenci\u00f3n a Emergencias y Seguridad 9-1- 1, Comedores<br>Econ\u00f3micos, Defensa Civil, Servicio Nacional de Salud, Polic\u00eda Nacional (PN), Direcci\u00f3n General de Seguridad de Tr\u00e1nsito y Transporte Terrestre (Digesett), Politur, Inacif, Omsa, Promese, Ogtic, la Cruz Roja, los Cuerpos de bomberos, entre otros.<\/p>\n\n\n\n<figure class=\"wp-block-video\"><video controls src=\"blob:https:\/\/diariodominicano.com\/5466eb50-d67a-4cd7-a998-9f0bf1f4de2c\"><\/video><\/figure>\n\n\n\n<p><strong><em>DEPARTAMENTO DE GESTI\u00d3N&nbsp;DE&nbsp;INFORMACI\u00d3N&nbsp;<\/em><\/strong><\/p>\n\n\n\n<p><strong>Jos\u00e9 Luis&nbsp;Germ\u00e1n,<\/strong> Sub-director<\/p>\n\n\n\n<p>Comunicaciones e&nbsp;Informaci\u00f3n&nbsp;Digital,\u2002Divisi\u00f3n&nbsp;de&nbsp;Planificaci\u00f3n&nbsp;Operativa<\/p>\n","protected":false},"excerpt":{"rendered":"<p>diariodominicano.com Santo Domingo, R. D.,\u200228 de marzo, 2024.-\u2002Hoy inicia Operativo Conciencia por la Vida, Semana Santa 2024 Por disposici\u00f3n del presidente de la Rep\u00fablica, Luis Abinader Corona, el Centro de Operaciones de Emergencias (COE) pone en marcha estejueves a las 2:00 pm el Operativo \u201cConciencia por la Vida, Semana Santa 2024\u00b4\u00b4, con el despliegue de [&hellip;]<\/p>\n","protected":false},"author":5,"featured_media":519031,"comment_status":"closed","ping_status":"","sticky":true,"template":"","format":"standard","meta":{"footnotes":""},"categories":[20,27],"tags":[],"class_list":["post-519030","post","type-post","status-publish","format-standard","has-post-thumbnail","hentry","category-dominicana-hoy","category-portada"],"_links":{"self":[{"href":"https:\/\/diariodominicano.com\/index.php?rest_route=\/wp\/v2\/posts\/519030","targetHints":{"allow":["GET"]}}],"collection":[{"href":"https:\/\/diariodominicano.com\/index.php?rest_route=\/wp\/v2\/posts"}],"about":[{"href":"https:\/\/diariodominicano.com\/index.php?rest_route=\/wp\/v2\/types\/post"}],"author":[{"embeddable":true,"href":"https:\/\/diariodominicano.com\/index.php?rest_route=\/wp\/v2\/users\/5"}],"replies":[{"embeddable":true,"href":"https:\/\/diariodominicano.com\/index.php?rest_route=%2Fwp%2Fv2%2Fcomments&post=519030"}],"version-history":[{"count":3,"href":"https:\/\/diariodominicano.com\/index.php?rest_route=\/wp\/v2\/posts\/519030\/revisions"}],"predecessor-version":[{"id":519069,"href":"https:\/\/diariodominicano.com\/index.php?rest_route=\/wp\/v2\/posts\/519030\/revisions\/519069"}],"wp:featuredmedia":[{"embeddable":true,"href":"https:\/\/diariodominicano.com\/index.php?rest_route=\/wp\/v2\/media\/519031"}],"wp:attachment":[{"href":"https:\/\/diariodominicano.com\/index.php?rest_route=%2Fwp%2Fv2%2Fmedia&parent=519030"}],"wp:term":[{"taxonomy":"category","embeddable":true,"href":"https:\/\/diariodominicano.com\/index.php?rest_route=%2Fwp%2Fv2%2Fcategories&post=519030"},{"taxonomy":"post_tag","embeddable":true,"href":"https:\/\/diariodominicano.com\/index.php?rest_route=%2Fwp%2Fv2%2Ftags&post=519030"}],"curies":[{"name":"wp","href":"https:\/\/api.w.org\/{rel}","templated":true}]}}