{"id":51901,"date":"2018-06-17T08:50:14","date_gmt":"2018-06-17T08:50:14","guid":{"rendered":"http:\/\/diariodominicano.ddns.net\/?p=51901"},"modified":"2025-11-08T12:32:45","modified_gmt":"2025-11-08T16:32:45","slug":"san-francisco-de-macoris-patriotismo-arroz-cacao-y-cafe","status":"publish","type":"post","link":"https:\/\/diariodominicano.com\/?p=51901","title":{"rendered":"SAN FRANCISCO DE MACOR\u00cdS: PATRIOTISMO, ARROZ, CACAO Y CAF\u00c9"},"content":{"rendered":"<p><body><\/p>\n<p><img decoding=\"async\" src=\"img3\/macoris000.jpg\" \/><br \/><img decoding=\"async\" src=\"http:\/\/localhost:8080\/img3\/San-Francisco-de-Macor%C3%83%C2%ADs-Patriotismo,-Arroz,-Cacao-y-Caf%C3%83%C2%A9%20(1).jpg\" \/><br \/><img decoding=\"async\" src=\"img3\/cacao02.jpg\" \/>  <\/p>\n<\/p>\n<p><strong>POR TE\u00d3FILO LAPPOT ROBLES<\/strong><\/p>\n<p><strong>Historia de San Francisco de Macor\u00eds<\/strong><\/p>\n<\/p>\n<p>San Francisco de Macor\u00eds es hoy la principal ciudad de toda la zona del Nordeste dominicano. El t\u00edtulo le cabe bien por su desarrollo econ\u00f3mico, social y cultural.<\/p>\n<\/p>\n<p>En sus or\u00edgenes, como casi todos los pueblos de Am\u00e9rica Latina, S.F.M. fue una especie de Macondo, aquella villa ficticia creada por la f\u00e9rtil imaginaci\u00f3n del premio Nobel de Literatura Gabriel Garc\u00eda M\u00e1rquez, la cual estaba dotada de algunos boh\u00edos construidos con material vegetal, callejuelas sin ning\u00fan pavimento y muy pocas actividades de importancia econ\u00f3mica o social.<\/p>\n<\/p>\n<p>A la llegada de los espa\u00f1oles el territorio llamado Macorix estaba ocupado por los indios Macoriges, cuya fama de belicosos era conocida por los dem\u00e1s ind\u00edgenas de la isla que luego fue denominada La Espa\u00f1ola.<\/p>\n<\/p>\n<p><strong>Los Macoriges fueron, como etnia, los primeros en ser exterminados por los conquistadores.<\/strong><\/p>\n<\/p>\n<p>Crist\u00f3bal Col\u00f3n llam\u00f3 valle de la Vega Real a lo que era parte del Cacicazgo de Magu\u00e1 y en sus notas dej\u00f3 plasmado un amplio recuento de sus habitantes y sus inexplotadas riquezas naturales presentes a su vista.<\/p>\n<\/p>\n<p>\u00ab&#8230;La otra poblaci\u00f3n era la de los Macoriges, habitantes de la provincia de Macorix de Arriba que comprend\u00eda aquella parte de la Cordillera Septentrional que discurre entre el Monte Quita Espuela, frente a San Francisco de Macor\u00eds, y el r\u00edo Y\u00e1sica.\u00bb1<\/p>\n<\/p>\n<p>Desde la primera etapa exploratoria y de sojuzgamiento los conquistadores espa\u00f1oles fijaron su atenci\u00f3n en los habitantes que ocupaban a su llegada la tierra que hoy forma parte de la provincia Duarte.<\/p>\n<\/p>\n<p>Es por eso que el primer libro pensado y escrito en el continente americano (data de 1496) contiene referencia sobre ellos \u00ab&#8230; el se\u00f1or Almirante me dijo que Macorix, provincia de la Magdalena, ten\u00eda lengua distinta de la otra, y que no era usado su idioma en toda la isla&#8230;\u00bb2<\/p>\n<\/p>\n<p>Entre las palabras ind\u00edgenas recogidas por Emiliano Tejera en su obra de etimolog\u00eda y de ling\u00fc\u00edstica hist\u00f3rica figura Macorix, pero refiri\u00e9ndose a un \u00e1rbol que crec\u00eda silvestre en lomas y sabanas.<\/p>\n<\/p>\n<p>Otra opini\u00f3n se aleja de esa: \u00abDec\u00edase Macor\u00edx en la lengua de los indios m\u00e1s universal de esta isla, cuasi como lengua extra\u00f1a y b\u00e1rbara, porque la universal era m\u00e1s pulida y regular o clara.\u00bb3<\/p>\n<\/p>\n<p>Algunos consideran que el top\u00f3nimo de San Francisco de Macor\u00eds fue creado por el sacerdote franciscano Fray Juan Borgo\u00f1\u00f3n, combinando el nombre de su orden religiosa con el que ten\u00eda el territorio donde \u00e9l viv\u00eda.<\/p>\n<\/p>\n<p>Una tesis socorrida indica que S.F. de Macor\u00eds fue fundado, propiamente dicho, el 20 de septiembre de 1778.El lugar escogido fue el paraje El Rinc\u00f3n de Santa Ana de S.F. de M. Al lado estaba el r\u00edo Jaya, que forma parte de la red hidrogr\u00e1fica que surte al r\u00edo Cam\u00fa.<\/p>\n<\/p>\n<p>En sus documentos fundacionales figura como apoderado el General Juan de Alvarado.<\/p>\n<\/p>\n<p>Treinta y cuatro a\u00f1os despu\u00e9s apenas hab\u00eda en S.F.M., y nueve pobladitos que lo escoltaban, 1798 moradores. As\u00ed figura en un censo de 1812 ordenado por la iglesia cat\u00f3lica para explorar la posibilidad de crear otra ermita que acompa\u00f1ara a la de Santa Ana.<\/p>\n<\/p>\n<p>Cuando la hegemon\u00eda del entonces imperio espa\u00f1ol menguaba aqu\u00ed se realiz\u00f3 un censo general que arroj\u00f3 como dato revelador que en la zona de S.F.M. hab\u00eda 117 esclavos y como agregados contabilizaron 243 personas, que se distribu\u00edan en 341 n\u00facleos familiares, lo cual \u00abofrece una ventana para atisbar la estructura social dominicana al final de los tiempos coloniales, y para descubrir la existencia y formaci\u00f3n de grupos sociales con una historia desconocida hasta hoy.\u00bb4<\/p>\n<\/p>\n<p>S.F.M. primero perteneci\u00f3 a La Vega. A partir de 1885 hac\u00eda parte de Moca, pero en 1896 fue segregado de ella al crearse el Distrito Municipal de Pacificador, cuyo nombre surgi\u00f3 como una adulaci\u00f3n al entonces dictador Ulises Heureaux, el temible Lil\u00eds, quien se hac\u00eda llamar \u00abEl Pacificador de la Patria\u00bb.<\/p>\n<\/p>\n<p>Los investigadores de las interioridades pol\u00edticas criollas sostienen que el Distrito Pacificador surgi\u00f3 como una t\u00e1ctica para dividir y debilitar pol\u00edticamente a la zona de Moca, que era el centro de mayor oposici\u00f3n lilisista, lugar donde tres a\u00f1os despu\u00e9s el b\u00e1rbaro Lil\u00eds cay\u00f3 abatido por el fuego liberador de los mocanos.<\/p>\n<\/p>\n<p>Pacificador era visitado con frecuencia por el referido dictador, donde ten\u00eda grandes amigos que le ayudaban a sostener su desastroso r\u00e9gimen de opresi\u00f3n.<\/p>\n<\/p>\n<p>Incluso contaba con la colaboraci\u00f3n de figuras que jugaron un importante papel en las luchas restauradoras: \u00abManuel Mar\u00eda Castillo, comerciante importante de esa ciudad, propietario de una de las tiendas m\u00e1s pr\u00f3speras de la regi\u00f3n, y en cuyo negocio Heureaux ten\u00eda un cr\u00e9dito abierto. Recibi\u00f3 gratificaci\u00f3n por su defensa y apoyo al gobierno: en 1898 se le otorg\u00f3 en propiedad una tercera parte de los terrenos del Estado ubicados en Matanzas.\u00bb5<\/p>\n<\/p>\n<p><strong>Rebeld\u00eda de los francomacorisanos<\/strong><\/p>\n<\/p>\n<p>La rebeld\u00eda de los habitantes de S.F.M. contra la opresi\u00f3n es legendaria. Esa actitud ha quedado evidenciada desde que los espa\u00f1oles desembarcaron por La Isabela, y ha continuado as\u00ed en el curso de todos los a\u00f1os siguientes.<\/p>\n<\/p>\n<p>Expresiones concretas de ese comportamiento para actuar sin temor ni pavor frente a los intrusos ocurrieron cuando los Macoriges se enfrentaron a las tropas coloniales espa\u00f1olas, hasta que fueron extinguidos.<\/p>\n<\/p>\n<p>Luego, pero antes de la Independencia Nacional, los criollos de esa zona (muchos de ellos lanceros expertos en desjarretar vacas) hicieron honor a su bravura enfrentando a franceses e ingleses.<\/p>\n<\/p>\n<p>Cuando se produjo la oprobiosa ocupaci\u00f3n haitiana de 1822 los francomacorisanos demostraron, armas en manos, su desaprobaci\u00f3n a ese hecho.<\/p>\n<\/p>\n<p>Al proclamarse la Independencia del pa\u00eds, durante el largo per\u00edodo de 11 a\u00f1os de oleadas invasoras del pa\u00eds vecino, los moradores de San Francisco de Macor\u00eds tuvieron un papel de gran importancia b\u00e9lica.<\/p>\n<\/p>\n<p>Cuando Santana anexion\u00f3 la Rep\u00fablica a Espa\u00f1a los moradores de all\u00ed fueron los primeros en protestar y actuar en contra de ese matricidio.<\/p>\n<\/p>\n<p>Tambi\u00e9n se opusieron a los intentos de Buenaventura B\u00e1ez de entregar el pa\u00eds a los anglosajones del Norte.<\/p>\n<\/p>\n<p>Adem\u00e1s se opusieron a las invasiones que hicieron contra la soberan\u00eda nacional los Estados Unidos de Norteam\u00e9rica, tanto en el 1916 como en el 1965.<\/p>\n<\/p>\n<p><strong>Ante la ocupaci\u00f3n de 1822<\/strong><\/p>\n<\/p>\n<p>El 14 de enero de 1822 el entreguista comandante de Santiago, N\u00fa\u00f1ez Blanco, le informaba al presidente haitiano Jean-Pierre Boyer que al 3 y el 6 de dicho mes Cotu\u00ed y San Francisco de Macor\u00eds \u00aberan estos los \u00fanicos puntos del interior que no hab\u00edan adoptado a\u00fan la buena causa que nosotros seguimos con tanto fervor\u00bb.6<\/p>\n<\/p>\n<p>En la ocasi\u00f3n los invasores haitianos, combinados con malos dominicanos, impondr\u00edan finalmente su dominio, pero qued\u00f3 latente entre los francomacorisanos el esp\u00edritu de lucha, como qued\u00f3 posteriormente demostrado con hechos inocultables.<\/p>\n<p><strong>S.F. DE MACOR\u00cdS EN LA INDEPENDENCIA<\/strong><\/p>\n<\/p>\n<p>Al proclamarse el 27 de Febrero de 1844 la Independencia Nacional, los francomacorisanos participaron de forma militante en todas las actividades posteriores a fin de consolidar la soberan\u00eda del pa\u00eds. Las p\u00e1ginas de la historia as\u00ed lo revelan.<\/p>\n<\/p>\n<p>En S.F.M. pr\u00e1cticamente toda la poblaci\u00f3n se lanz\u00f3 en estado de euforia en apoyo a la Independencia, incluyendo al p\u00e1rroco de la iglesia Santa Ana, Roca y Casta\u00f1er.<\/p>\n<\/p>\n<p>El consagrado historiador Vetilio Alfau Dur\u00e1n escribi\u00f3 que el sacerdote Jos\u00e9 Salvador Pe\u00f1a \u00abdaba aliento a la feligres\u00eda en sus sermones en S.F.M.\u00bb Por sus acciones en favor del proyecto independentista fue apresado en el 1843 por \u00f3rdenes del presidente haitiano Charles H\u00e9rard.6b<\/p>\n<\/p>\n<p>De manera formal y expresa qued\u00f3 patentizado el esp\u00edritu independentista de S.F.M., mediante un pronunciamiento efectuado en la plaza p\u00fablica, el 17 de marzo de 1844, con todo el pueblo como parte activa.<\/p>\n<\/p>\n<p>As\u00ed actuaron los francomacorisanos: \u00abHoy d\u00eda 7 de Marzo del mil ochocientos cuarenta y cuatro, primero de la Separaci\u00f3n, se presentaron los que suscriben a prestar juramento de fidelidad a la Patria en la forma siguiente: ante Dios y los hombres sostener los principios de la revoluci\u00f3n de los dominicanos a precio de mi sangre por cuyo principio expirara considerando desde ahora perecer antes que permitir someternos al gobierno haitiano ni a ning\u00fan otro, lo cual fue hecho con toda solemnidad&#8230;\u00bb7<\/p>\n<p><strong>S.F. de Macor\u00eds en la Restauraci\u00f3n<\/strong><\/p>\n<\/p>\n<p>La Anexi\u00f3n a Espa\u00f1a se produjo el 18 de marzo de 1861 y ya el 23 de ese mes en S.F.de M. se produjo el primer pronunciamiento en contra. Cuando el 2 de mayo siguiente se produjo la acci\u00f3n armada en Moca, con Cayetano Germos\u00e9n, Jos\u00e9 Contreras y Jos\u00e9 Inocencio Reyes a la cabeza, all\u00ed estuvieron varios francomacorisanos.<\/p>\n<\/p>\n<p>El General Manuel Mar\u00eda Castillo Medrano jug\u00f3 un papel estelar combatiendo a los espa\u00f1oles y a los anexionistas criollos, y lo hizo tanto en su S.F.M. natal como en otros lugares de la geograf\u00eda nacional. Su posterior alianza con Lil\u00eds es otro tema.<\/p>\n<\/p>\n<p>Un ilustre dominicano relat\u00f3 lo ocurrido en la ciudad del Jaya de esta manera: \u00abEl \u00fanico lugar que hizo oposici\u00f3n a que la bandera espa\u00f1ola sustituyera la dominicana fue San Francisco de Macor\u00eds; el 23 de marzo, a cinco d\u00edas de la proclamaci\u00f3n en la capital, el pueblo se amotin\u00f3 y cuando izaron la bandera espa\u00f1ola le cayeron a tiros en la misma plaza de la comandancia, teniendo el General Juan Esteban Ariza que disparar un ca\u00f1onazo sobre los amotinados\u00bb.8<\/p>\n<\/p>\n<p>El 23 de agosto de 1863, luego del grito liberador del cerro de Capotillo, tropas anexionistas salieron de Santiago de los Caballeros con el prop\u00f3sito de recuperar a San Jos\u00e9 de las Matas, en poder de los gloriosos restauradores. En la ruta la compa\u00f1\u00eda de San Francisco de Macor\u00eds se rebel\u00f3 contra el coronel anexionista Tom\u00e1s Villanueva, a quien tuvieron a punto de fusilar.\u00bb9<\/p>\n<p><strong>Intento de anexi\u00f3n a los E.U.A.<\/strong><\/p>\n<\/p>\n<p>En un escrito de refutaci\u00f3n al informe preparado por los comisionados estadounidenses que en el a\u00f1o 1871 vinieron al pa\u00eds para explorar las riquezas nacionales con miras a anexionar a la Rep\u00fablica Dominicana, ofrecida como un pavo navide\u00f1o por el dictador Buenaventura B\u00e1ez, el historiador Jos\u00e9 Gabriel Garc\u00eda se preguntaba: \u00ab\u00bfPor qu\u00e9, en fin, no se decidieron los Comisionados a visitar otros puntos, a m\u00e1s de los que el gobierno anexionista les indicara de antemano?. \u00bfPor qu\u00e9 no fueron a San Francisco de Macor\u00eds, cuyos habitantes se negaron a tomar parte en el plebiscito de 1870?\u00bb<\/p>\n<\/p>\n<p><strong>S.F. de Macor\u00eds y la ocupaci\u00f3n del 1916-1924<\/strong><\/p>\n<\/p>\n<p>S.F. de Macor\u00eds siempre ha sido un campo de mina para los invasores que han osado profanar la tierra dominicana. No es una simple exclamaci\u00f3n. Es el resultado a que se arriba despu\u00e9s de estudiar todos los acontecimientos de trascendencia hist\u00f3rica en que han participado sus pobladores.<\/p>\n<\/p>\n<p>Un brillante historiador estadounidense (aunque olvidando otros hechos trascendentales como el enfrentamiento de La Barranquita, etc.) al referirse a la invasi\u00f3n del a\u00f1o 1916, dirigida por su poderoso pa\u00eds contra la Rep\u00fablica Dominicana, dijo que:<\/p>\n<\/p>\n<p>\u00ab&#8230;S\u00f3lo en San Francisco de Macor\u00eds, donde un grupo de soldados dominicanos dirigidos por el gobernador de la Provincia Pacificador ocupaban la fortaleza local, hubo siquiera una resistencia simb\u00f3lica&#8230;la \u00fanica reacci\u00f3n militar inmediata fue la del Gobernador Manuel de Jes\u00fas P\u00e9rez Sosa, apodado Lico, de la Provincia Pacificador, quien anteriormente hab\u00eda rehusado rendir la fortaleza de San Francisco de Macor\u00eds&#8230;el Gobernador P\u00e9rez y un grupo de conciudadanos declararon una rebeli\u00f3n.\u00bb10<\/p>\n<\/p>\n<p>Por esa y otras informaciones de igual tenor se concluye que el valeroso general P\u00e9rez Sosa estaba en el primer grupo de los descritos por el prosista y poeta Otilio Vigil D\u00edaz: \u00abHay dos arquetipos b\u00e9licos: el general de fuego que se sacrificaba por su causa pol\u00edtica y el general buscavida, prevenido, granuja, fanfarr\u00f3n, chaquetero, sin valor personal ni colectivo, pero ricamente equipado para la traici\u00f3n y el utilitarismo&#8230;\u00bb11<\/p>\n<p><strong>S.F de Macor\u00eds en la guerra de 1965<\/strong><\/p>\n<\/p>\n<p>El de S.F.M. fue uno de los comandos constitucionalistas m\u00e1s activos de los que operaban en la capital dominicana en el 1965, con motivo primero de la guerra fratricida, la que luego se transform\u00f3 en guerra patri\u00f3tica, cuando 42 mil tropas norteamericanas y m\u00e1s miles de otros pa\u00edses dirigidos por malos gobernantes invadieron el pa\u00eds, bajo una cascada de pretextos inconsistentes con la realidad. Muchos de los libros escritos sobre esa contienda b\u00e9lica, dividida en dos etapas, contienen detalles sustanciosos sobre la actuaci\u00f3n que en la ocasi\u00f3n tuvieron los francomacorisanos.<\/p>\n<\/p>\n<p>Cuando el alto mando constitucionalista opt\u00f3 por extender la guerra patri\u00f3tica a otras zonas del territorio nacional, como una t\u00e1ctica correcta para mejor enfrentar a los invasores estadounidenses y sus secuaces, S.F. de M. fue uno de los lugares escogidos para poner en pr\u00e1ctica esa decisi\u00f3n militar.<\/p>\n<\/p>\n<p>En ejecuci\u00f3n de esa medida, el 25 de junio de 1965 decenas de valientes francomacorisanos atacaron el Cuartel Policial y la Fortaleza Militar de esa ciudad. En t\u00e9rminos militares no triunfaron, pero dejaron una lecci\u00f3n moral de gran impacto en toda la sociedad dominicana.<\/p>\n<\/p>\n<p>Luego fueron apresados y asesinados a mansalva en distintos lugares de all\u00ed los j\u00f3venes patriotas Baldemiro Castro, Frank Sosa Duarte, Jimmy Vargas, Pasito Polanco, S\u00f3stenes Pe\u00f1a J\u00e1quez, L\u00e9pido Losada y Edmundo D\u00edaz Moreno. Otros fueron torturados de manera atroz.<\/p>\n<\/p>\n<p><strong>Opiniones sobre S.F.M desde la era colonial<\/strong><\/p>\n<\/p>\n<p>Los censos, las actas consistoriales y notariales, los memoriales y cr\u00f3nicas de moradores con inquietudes m\u00e1s all\u00e1 de su existencia terrenal, las anotaciones sueltas de autoridades, los libros parroquiales, as\u00ed como tambi\u00e9n los cuadernos de viaje de algunos investigadores, forasteros y turistas son ricas fuentes informativas para entender muchos hechos de raigambre hist\u00f3rica y especialmente para estudiar la evoluci\u00f3n de los pueblos.<\/p>\n<\/p>\n<p>Del pasado se nutre el presente y se desprenden algunas proyecciones hacia el futuro, con los consabidos matices.<\/p>\n<\/p>\n<p>Partiendo de lo anterior es importante saber c\u00f3mo era un pueblo en su estructura habitacional, cantidad de moradores, h\u00e1bitos de vida, medios de producci\u00f3n y particularmente su presencia en hechos necesarios para afincar su propia existencia, tal como lo han demostrado muchos, entre ellos el gran historiador griego Tuc\u00eddides en su obra Historia de la Guerra del Peloponeso.<\/p>\n<\/p>\n<p>Oportuno es, en consecuencia, hacer acopio de los comentarios dejados por algunos extranjeros que pasaron en distintas \u00e9pocas por S.F. de Macor\u00eds e interactuaron con sus pobladores.<\/p>\n<\/p>\n<p>\u00abUn poco lejos del Yuna, como a cuarenta millas al noroeste del Almac\u00e9n, donde dejamos el r\u00edo, est\u00e1 el pueblo de San Francisco de Macor\u00eds, que se compone como de doscientas casas y tiene cerca de mil habitaciones&#8230;\u00bb12<\/p>\n<\/p>\n<p>\u00ab&#8230;Indudablemente que este es el centro principal de las tierras agr\u00edcolas que tiene esta isla y que est\u00e1n todas adaptadas al cultivo del algod\u00f3n, el tabaco, el ma\u00edz la ca\u00f1a de az\u00facar y las frutas y legumbres principales de esa regi\u00f3n.\u00bb13<\/p>\n<\/p>\n<p>Un artista del pincel, experto en dibujar mapas y agudo observador de la riqueza natural del Cibao, escribi\u00f3 en el siglo XIX esto: \u00ab&#8230;vimos por agujeros en la maleza grupos de palmeras y otros \u00e1rboles extra\u00f1os en una pradera. En este inmenso valle est\u00e1n comprendidas las mejores tierras y las principales ciudades de la isla, incluyendo&#8230;..Macor\u00eds.\u00bb14<\/p>\n<\/p>\n<p>Cuando estaba en curso el a\u00f1o 14 del siglo pasado arrib\u00f3 al pa\u00eds un turista que se desplaz\u00f3 por el Nordeste y luego escribi\u00f3 un relato que en parte dice as\u00ed: \u00ab&#8230;S.F.M. Este es un pueblo peque\u00f1o, de unos treinta mil habitantes, acunado a la sombra de las monta\u00f1as del norte&#8230;Macor\u00eds est\u00e1 en un distrito maravillosamente f\u00e9rtil y rico en productos agr\u00edcolas, especialmente cacao, el cual cubre cada ladera de la vecindad\u00bb.15<\/p>\n<\/p>\n<p>Hace 97 a\u00f1os otro visitante acucioso dej\u00f3 plasmadas sus impresiones de este modo: \u00ab&#8230;San Francisco de Macor\u00eds. A diferencia de casi todos los pueblos de Santo Domingo, \u00e9ste es de origen moderno, apenas un mozuelo de un siglo de existencia&#8230;con extensas haciendas de cacao&#8230;Un pueblo llano de techos de hojalata, sus afueras disimuladas bajo los \u00e1rboles tropicales&#8230;\u00bb16<\/p>\n<p><strong>Producci\u00f3n agropecuaria de S.F. de Macor\u00eds<\/strong><\/p>\n<\/p>\n<p>El municipio de San Francisco de Macor\u00eds, y con \u00e9l todos los peque\u00f1os pueblos que giran en su entorno, tienen una alt\u00edsima tasa de producci\u00f3n de diversos rubros agropecuarios. Arroz, cacao, caf\u00e9, pl\u00e1tanos, guineos, auyamas, yuca, vegetales, ganado vacuno, leche en gran cantidad, caballos, etc.<\/p>\n<\/p>\n<p>Un culto patriota dominicano, que vivi\u00f3 gran parte de su vida y muri\u00f3 en S.F. de Macor\u00eds, pueblo con el que se sent\u00eda muy compenetrado, escribi\u00f3 el 8 de mayo del 1857 y tambi\u00e9n el 12 de diciembre de 1880 sobre su tierra de acogida, vaticinando que lo que en la primera fecha eran \u00abguaridas de animales montaraces de poco provecho&#8230;. Se convertir\u00edan en campos productivos&#8230; Los terrenos en ella se clasifican en sabanas, cejas y montes&#8230; de una feracidad maravillosa para todos los frutos de la zona t\u00f3rrida, y en la que el pl\u00e1tano, ca\u00f1a dulce, yuca, ma\u00edz y dem\u00e1s cereales, salvo el trigo y cebada que no se han podido cultivar, vienen de una manera extraordinaria&#8230;.\u00bb.17<\/p>\n<\/p>\n<p>El periodista y educador Enrique Deschamps tambi\u00e9n dej\u00f3 bien asentado, a principios del siglo pasado, su concepto sobre esa pr\u00f3diga tierra dominicana: \u00abSan Francisco de Macor\u00eds, Capital del Distrito de su nombre. Es uno de los departamentos del pa\u00eds de riqueza agr\u00edcola m\u00e1s convenientemente fomentada, pues por excepci\u00f3n se encuentra en el Distrito quien no tenga un pedazo de tierra consagrado a alg\u00fan cultivo. Su producci\u00f3n de cacao es de las m\u00e1s importantes as\u00ed por la calidad como por la cantidad del fruto, pues todos sus terrenos son propicios al desarrollo de esa rica planta\u00bb.18<\/p>\n<\/p>\n<p>De manera preponderante el cacao ha sido el producto agr\u00edcola que m\u00e1s ha perdurado en la vida econ\u00f3mica de San Francisco de Macor\u00eds y comunidades que est\u00e1n a su alrededor.<\/p>\n<\/p>\n<p>El Sendero del Cacao, trazado sobre varias \u00e1reas de la campi\u00f1a de la provincia Duarte, tiene una gran importancia did\u00e1ctica, pues permite a los visitantes tener una visi\u00f3n casi completa de la siembra, cultivo, cosecha y procesamiento de ese \u00abalimento de los dioses\u00bb que es el theobroma cacao.<\/p>\n<\/p>\n<p>Las estad\u00edsticas m\u00e1s confiables indican que un 60% del cacao dominicano se produce en la zona del Nordeste, con \u00e9nfasis en San Francisco de Macor\u00eds y otros pueblos y municipios de la provincia Duarte, como Castillo, Pimentel, Las Gu\u00e1ranas, Bomba de Cenov\u00ed, Porquero, Hostos, Caobete, La Enea, Los Lanos, Rinc\u00f3n Hondo, Jaya, Villa Riva, La Joya , Arenoso y otros. Su industrializaci\u00f3n en el pa\u00eds comenz\u00f3 en el 1927.<\/p>\n<\/p>\n<p>La fertilidad de la tierra francomacorisana contribuy\u00f3 con los cambios significativos producidos en su paisaje humano y social a trav\u00e9s de los siglos.<\/p>\n<\/p>\n<p>Esa realidad, que perdura, no escap\u00f3 a la visi\u00f3n de un sabio antrop\u00f3logo social holand\u00e9s que viaj\u00f3 muchas veces al pa\u00eds, a partir del 1957, y que dej\u00f3 una obra fundamental para conocer al pueblo dominicano: \u00abEn el Cibao la creciente importancia del cultivo de cacao y caf\u00e9 provoc\u00f3 un aumento poblacional. Una com\u00fan como San Francisco de Macor\u00eds, que en 1849 s\u00f3lo ten\u00eda 8,000 almas, ten\u00eda en 1881 30,000&#8230;\u00bb19<\/p>\n<\/p>\n<p>La tradici\u00f3n francomacorisana de utilizar la tierra como fuente para producir riqueza y generar empleo a miles de sus moradores se remonta a varios siglos atr\u00e1s. En cr\u00f3nicas informativas sobre realidades coloniales del siglo XVII figura una nota del capit\u00e1n colonial S\u00e1nchez Calder\u00f3n, en su calidad de alcalde de Santiago de los Caballeros, que dice as\u00ed: \u00abhabitados por monteros y orejanos, Macor\u00eds ten\u00eda ya ganado vacuno y porcino en abundancia, mayormente en los montes circundantes, cuyos animales se denominaban alzados, extravagantes u orejanos, por no tener marcas en las orejas.\u00bb<\/p>\n<\/p>\n<p>La disposici\u00f3n al sacrificio en aras de la libertad, el protagonismo en momentos estelares de la vida nacional y el esp\u00edritu de permanente alerta que ha caracterizado siempre a la gente de S.F. M. no le ha quitado la vocaci\u00f3n del cultivo de su tierra feraz.<\/p>\n<\/p>\n<p>En palabras de un insigne historiador dominicano: \u00ab&#8230;Fue el macorisano el hombre criollo m\u00e1s belicoso, aunque trabajador encari\u00f1ado con el cultivo de la tierra&#8230;San Francisco de Macor\u00eds ha venido a ser una de las sociedades dominicanas que coordinan el sosiego y el bienestar asentados en los frutos del trabajo&#8230;\u00bb20<\/p>\n<p><strong>Provincia Duarte<\/strong><\/p>\n<\/p>\n<p>Lo que hoy es la vibrante provincia Duarte, antes fue llamada Pacificador, con el rango de Distrito Mar\u00edtimo, de conformidad con la Ley 3623, promulgada el 5 de junio de 1896. Dicho nombre, impuesto como homenaje al tirano Lil\u00eds, a quien adjetivaban como el Pacificador de la Patria.<\/p>\n<\/p>\n<p>En 1907 fue convertida en provincia, pero con el mismo nombre. Un cuarto de siglo despu\u00e9s de haber sido muerto en Moca el s\u00e1trapa puertoplate\u00f1o fue que se borr\u00f3 aquello de Pacificador y se design\u00f3 como Provincia Duarte, en honor al Padre de la Patria Juan Pablo Duarte, en virtud de lo dispuesto por la Ley 329 del 16 de diciembre del 1925.<\/p>\n<\/p>\n<p>San Francisco de Macor\u00eds es la capital de esa provincia. Es, por igual, como indiqu\u00e9 al principio, la ciudad m\u00e1s grande y activa del Nordeste.<\/p>\n<\/p>\n<p>Al a\u00f1o 2015 la Provincia Duarte ten\u00eda cerca de 340 mil habitantes, seg\u00fan las estad\u00edsticas estatales, de los cuales casi dos terceras partes viven en la parte urbana y el resto en las zonas rurales.<\/p>\n<\/p>\n<p>Otros municipios y distritos municipales de la Provincia Duarte (tambi\u00e9n altamente productivos, con sus propias historias y potencialidades, y que ser\u00e1n rese\u00f1ados en otra entrega) son: Villa Riva, Las Gu\u00e1ranas, Arenoso, Pimentel, Castillo, Las Taranas, Eugenio Mar\u00eda de Hostos, Cenov\u00ed, La Pe\u00f1a, Barraquito, Las Coles, Jaya, El Aguacate, Antonio Guzm\u00e1n Fern\u00e1ndez, Agua Santa del Yuna, Sabana Grande, Cristo Rey de Guaraguao,.<\/p>\n<\/p>\n<p>En la provincia Duarte hay alrededor de 220 mil tareas sembradas de arroz, con 4,436 arroceros. Es, conjuntamente con Mar\u00eda Trinidad S\u00e1nchez y Juan S\u00e1nchez Ram\u00edrez, la zona del pa\u00eds mayor productora de ese cereal; b\u00e1sico en la dieta de los dominicanos.<\/p>\n<\/p>\n<p>Estudios realizados por expertos en la materia indican que m\u00e1s del 70% del \u00e1rea rural de esa provincia est\u00e1 bajo cultivo o utilizada en el pastoreo de ganado vacuno, caballar y de otras especies de animales.<\/p>\n<\/p>\n<p>En una amplia y esclarecedora investigaci\u00f3n de campo, apoyada en fuentes estad\u00edsticas, el Ing. Agr\u00f3n. y experto investigador en patrimonio, transformaciones y desarrollo rurales Ram\u00f3n Arturo Guerrero Valera, escribi\u00f3 en el 1986 lo siguiente: \u00bb El 67% del cultivo del cacao est\u00e1 concentrado en el Noreste del pa\u00eds, correspondiendo 52 % a San Francisco de Macor\u00eds. En San Francisco tambi\u00e9n hay considerables extensiones de caf\u00e9 y la ciudad es, despu\u00e9s de la Capital, el principal centro de negocios de exportaci\u00f3n de caf\u00e9 y cacao&#8230; la provincia figura entre las mayores productoras y procesadoras de arroz.\u00bb21<\/p>\n<p><strong>\u00c1reas Protegidas<\/strong><\/p>\n<\/p>\n<p>Las \u00e1reas protegidas son espacios escogidos por sus caracter\u00edsticas particulares para evitar la degradaci\u00f3n de la biodiversidad. Para que esas zonas especiales sean efectivas se requiere la implementaci\u00f3n de comportamientos humanos correctos que impidan la deforestaci\u00f3n y el maltrato de los animales; y en los casos de zonas especiales por su inter\u00e9s geol\u00f3gico como cavernas, dunas o humedales brindan un marco de seguridad a las mismas.<\/p>\n<\/p>\n<p>La provincia Duarte tiene varias \u00e1reas protegidas, siendo la m\u00e1s conocida la Reserva Cient\u00edfica Loma Quita Espuela, creada en el a\u00f1o 1992, mediante el Decreto 82, el cual fue absorbido y ampliado en sus alcances por la Ley 64-00, promulgada el 18 de agosto del a\u00f1o 2000, que estableci\u00f3 el marco legal sobre el Medio Ambiente y los Recursos Naturales de la Rep\u00fablica Dominicana y cre\u00f3 el Ministerio que lleva ese nombre. El 75% de la referida zona protegida est\u00e1 en la demarcaci\u00f3n territorial de esa provincia.<\/p>\n<\/p>\n<p>De igual manera una parte considerable de la Reserva Cient\u00edfica Guaconejo est\u00e1 en su territorio. As\u00ed como tambi\u00e9n una porci\u00f3n del Parque Nacional Los Haitises y de los Manglares del Bajo Yuna.<\/p>\n<p><strong>Personalidades de la Provincia Duarte<\/strong><\/p>\n<\/p>\n<p>Son muchas las personalidades que nacieron en el territorio que cubre la Provincia Duarte. Como es obvio muchos de los que descollaron ya fallecieron; pero otros que a\u00fan viven se destacan en distintas actividades, tales como las artes en sus m\u00faltiples variantes, las letras, la ciencia militar, la escritura, el emprendimiento empresarial, la religi\u00f3n, los deportes, el ejercicio de la medicina, la abogac\u00eda, la ingenier\u00eda en sus diversas ramas, as\u00ed como en otras profesiones acad\u00e9micas y en diferentes oficios t\u00e9cnicos.<\/p>\n<\/p>\n<p>Mencionar a tantas personas sobresalientes ser\u00eda imposible, pero necesario es resaltar las figuras de Hilma Contreras Castillo, Ildefonso Mella, Manuel Mar\u00eda Castillo Medrano, Luis Kalaf, Juan Bautista Dom\u00ednguez Alvarado, Elsa N\u00fa\u00f1ez Lantigua, Freddy Ortiz Landr\u00f3n, Mariano Germ\u00e1n Mej\u00eda, Melba Marrero de Munn\u00e9, Antera Mota, Reynaldo Alm\u00e1nzar Henr\u00edquez, Francisco Sim\u00f3 Damir\u00f3n.<\/p>\n<\/p>\n<p>As\u00ed como tambi\u00e9n Manuel Mora Serrano, Iv\u00e1n Tobar, Andr\u00e9s Napole\u00f3n Romero C\u00e1rdenas, Fausto Burgos Brisman, Bienvenido Brens, Gaspar Mario Cruz, Mariano Eckert, Alfredo Fern\u00e1ndez Sim\u00f3, Billo Fr\u00f3meta, Angel Viloria, Cayo Claudio Espinal, F\u00e9lix del Rosario, Sonny Ovalle, Adalgisa Pantale\u00f3n, Juli\u00e1n Javier, Eladio Romero Santos, Nin\u00ed Germ\u00e1n, Francisco Nolasco Cordero, Porfirio Rubirosa, Pura Luz Betances Ricart.<\/p>\n<\/p>\n<p><strong>Variedades de S. F.M.<\/strong><\/p>\n<\/p>\n<p>1- \u00abEl 7 de julio de 1895, el restaurador don Pedro F. Bon\u00f3 dio principio a la publicaci\u00f3n de una Revista intitulada Congreso Extra-Parlamentario. Este Congreso, que solamente existi\u00f3 en la fecunda imaginaci\u00f3n del gran patriota, hizo c\u00e9lebre La Mata del Borrego de la Sabana de San Diego, en San Francisco de Macor\u00eds, donde se supon\u00eda haberse reunido&#8230; Las deliberaciones de ese congreso imaginario eran una cr\u00edtica fina y sutil de la mala administraci\u00f3n y de la corrupci\u00f3n implantada en aquellos d\u00edas&#8230;\u00bb22<\/p>\n<\/p>\n<p>2-Muchos inmigrantes espa\u00f1oles se establecieron en San Francisco de Macor\u00eds. Varios fueron los motivos. \u00ab&#8230;el que tra\u00eda dinero pudo irse directamente hacia la capital, el resto nos enviaron nada m\u00e1s llegar a \u00abla colonia General\u00edsimo, en San Francisco de Macor\u00eds. All\u00ed nos dieron un boh\u00edo (con piso de tierra), una colchoneta muy fina, una colombina, un mosquitero y un rancho de comida\u00bb, as\u00ed opin\u00f3 en 1994 Do\u00f1a Mar\u00eda Bernaldo de Quir\u00f3s.23<\/p>\n<\/p>\n<p>3-El Club Esperanza Macorisana se fund\u00f3 el 16 de febrero de 1884.Fue \u00abconstituida por personas progresistas, pose\u00eddas de un regionalismo tan fecundo como sensato.\u00bb, tal y como certeramente dijo hace m\u00e1s de cien a\u00f1os el periodista y diplom\u00e1tico Enrique Deschamps.<\/p>\n<\/p>\n<p>4-El banilejo Carlos Mej\u00eda hijo fue quien instal\u00f3 la primera planta el\u00e9ctrica en S.F.M. Eso fue en los a\u00f1os 20 del siglo pasado. Se acu\u00f1aron dos frases que todav\u00eda resuenan: Se fue Mej\u00eda, cuando apagaban dicha planta, y lleg\u00f3 Mej\u00eda cuando la encend\u00edan.<\/p>\n<\/p>\n<p>5- El principal parque se llama Juan Pablo Duarte y la biblioteca municipal lleva el nombre de Hilma Contreras.<\/p>\n<\/p>\n<p>6-La Catedral est\u00e1 dedicada a Santa Ana. Por diferentes razones ha sido modificada en el transcurso de los a\u00f1os. Su actual construcci\u00f3n es ecl\u00e9ptica, con elementos arquitect\u00f3nicos modernos y aspectos del estilo g\u00f3tico. Es la sede del Obispado de S.F.M.<\/p>\n<\/p>\n<p>7- El estadio Juli\u00e1n Javier sirve de base al equipo m\u00e1s joven del beisbol dominicano: Los Gigantes del Cibao.<\/p>\n<\/p>\n<p>8- En S.F.M. hay dos universidades: El Recinto de la UASD y la Universidad Cat\u00f3lica Nordestana (UCNE).<\/p>\n<\/p>\n<p>9-Los indios Macoriges usaron como refugio las grutas denominadas Cuevas del Loro, Loma de la Casa del Indio y Caverna de Las Gu\u00e1ranas.<\/p>\n<\/p>\n<p>10-En 1805 los haitianos en hu\u00edda saquearon primero y quemaron despu\u00e9s la ciudad de S.F.M.<\/p>\n<\/p>\n<p>Bibliograf\u00eda:<\/p>\n<\/p>\n<p>1- La Otra Historia Dominicana.p30.Editora B\u00faho 2008 Frank Moya Pons.<\/p>\n<\/p>\n<p>2-Relaci\u00f3n acerca de las antig\u00fcedades de los indios. p66. Editora Corripio, 22 de<\/p>\n<\/p>\n<p>mayo 1988.Fray Ram\u00f3n Pan\u00e9.<\/p>\n<\/p>\n<p>3- Brev\u00edsima relaci\u00f3n de la destrucci\u00f3n de las Indias. Editada por la Real<\/p>\n<\/p>\n<p>Academia Espa\u00f1ola. Fray Bartolom\u00e9 De las Casas.<\/p>\n<\/p>\n<p>4- Ibidem. p340. Frank Moya Pons.<\/p>\n<\/p>\n<p>5-Ulises Heureaux. Biograf\u00eda de un dictador.p64. Editora Corripio, febrero<\/p>\n<\/p>\n<p>1989. Mu-kien A. Sang.<\/p>\n<\/p>\n<p>6- Espigas Hist\u00f3ricas. P71. Editora Arte y Cine, 1972. V\u00edctor Garrido.<\/p>\n<\/p>\n<p>6 b- Escritos (1) Vetilio Alfau Dur\u00e1n en el L.D. Editora Corripio, 1994. pp 4, 512 y 517.<\/p>\n<\/p>\n<p>7- Guerra dom\u00ednico-haitiana. Pp 17, 50 y 51. Impresora Dominicana 1957. Emilio<\/p>\n<\/p>\n<p>Rodr\u00edguez Demorizi.<\/p>\n<\/p>\n<p>8- Guerra de la Restauraci\u00f3n.p12.Publicado en 1996. Juan Bosch.<\/p>\n<\/p>\n<p>9-Hojas de Servicios del Ej\u00e9rcito Dominicano (1844-1865). Volumen I.p322. Editora del Caribe, 1968. Editor Emilio Rodr\u00edguez Demorizi.<\/p>\n<\/p>\n<p>10- El impacto de la intervenci\u00f3n. La Rep\u00fablica Dominicana durante la ocupaci\u00f3n<\/p>\n<\/p>\n<p>norteamericana de 1916-1924. Editora Taller, agosto 1989. Pp13 y 27.Bruce<\/p>\n<\/p>\n<p>J. Calder.<\/p>\n<\/p>\n<p>11-Lil\u00eds y Alejandrito. p47.Editora Montalvo, 1956. p47. Vigil D\u00edaz.<\/p>\n<\/p>\n<p>12-Viaje de Elwin Weller, inserto en el Informe de la comisi\u00f3n de investigaci\u00f3n de<\/p>\n<\/p>\n<p>los E.U.A. en Santo Domingo, 1871. p195.Editora Montalvo 1960.<\/p>\n<\/p>\n<p>13- Ibidem.pp202, 203.Viaje del bot\u00e1nico H. Brummel.<\/p>\n<\/p>\n<p>14- Santo Domingo, su pasado y presente. Editora Serigraf, 2012. p289. Samuel<\/p>\n<\/p>\n<p>Hazard.<\/p>\n<\/p>\n<p>15- Los primeros turistas en Santo Domingo. Editora Amigo del Hogar,2011.p169.<\/p>\n<\/p>\n<p>Relato de Hyatt Verril del 1914.<\/p>\n<\/p>\n<p>16- Andando por las Indias Occidentales, 1921. Harry A. Frank.p284 del libro de<\/p>\n<\/p>\n<p>la nota anterior.<\/p>\n<\/p>\n<p>17- Pedro Francisco Bon\u00f3, ensayos sociohist\u00f3ricos. Editora Corripio, 2000.pp133<\/p>\n<\/p>\n<p>y 134.<\/p>\n<\/p>\n<p>18- La Rep\u00fablica Dominicana. Directorio y gu\u00eda general. Publicaci\u00f3n original en<\/p>\n<\/p>\n<p>1907- Editor Sociedad Dominicana de Bibli\u00f3filos, 2003.Enrique Deschamps.<\/p>\n<\/p>\n<p>19- El Pueblo Dominicano (1850-1900). Editor UCMM 1985.p238. Harry Hoetink.<\/p>\n<\/p>\n<p>20- Diccionario Biogr\u00e1fico-hist\u00f3rico Dominicano 1821-1930. Editora de la USAD,<\/p>\n<\/p>\n<p>1971. Rufino Mart\u00ednez.<\/p>\n<\/p>\n<p>21- La Coyuntura Agraria Dominicana 1976-1990.Editora Amigo del Hogar,<\/p>\n<\/p>\n<p>agosto 2017.pp. 275 y 276. Ram\u00f3n Arturo Guerrero Valera.<\/p>\n<\/p>\n<p>22- Resumen de historia de Santo Domingo. Libro 3.p207. Manuel Ubaldo G\u00f3mez<\/p>\n<\/p>\n<p>Moya.<\/p>\n<\/p>\n<p>23-La Inmigraci\u00f3n Espa\u00f1ola en Rep\u00fablica Dominicana. Editora Corripio 2016.<\/p>\n<\/p>\n<p>p147.Juan Manuel Romero Valiente.<\/p>\n<h6> 2018-06-17 08:50:14 <\/h6>\n<p><!--\n<link rel=\"stylesheet\" href=\"css\/bootstrap.min.css\">\n\n\n<ul class=\"pagination\">\n\t    \n\t\n\n<li >\n\t<a href='?page_no=4294'>Previous<\/a>\n\t<\/li>\n\n\n       \n    \n\n<li><a href='?page_no=1'>1<\/a><\/li>\n\n\n\n<li><a href='?page_no=2'>2<\/a><\/li>\n\n\n\n<li><a>...<\/a><\/li>\n\n\n\n<li><a href='?page_no=4293'>4293<\/a><\/li>\n\n\n\n<li><a href='?page_no=4294'>4294<\/a><\/li>\n\n\n\n<li class='active'><a>4295<\/a><\/li>\n\n\n\n<li><a href='?page_no=4296'>4296<\/a><\/li>\n\n\n\n<li><a href='?page_no=4297'>4297<\/a><\/li>\n\n\n\n<li><a>...<\/a><\/li>\n\n\n\n<li><a href='?page_no=22911'>22911<\/a><\/li>\n\n\n\n<li><a href='?page_no=22912'>22912<\/a><\/li>\n\n    \n\t\n\n<li >\n\t<a href='?page_no=4296'>Next<\/a>\n\t<\/li>\n\n\n    \n\n<li><a href='?page_no=22912'>Last &rsaquo;&rsaquo;<\/a><\/li>\n\n<\/ul>\n\n\n--><br \/>\n<\/body><\/p>\n","protected":false},"excerpt":{"rendered":"<p>POR TE\u00d3FILO LAPPOT ROBLES Historia de San Francisco de Macor\u00eds San Francisco de Macor\u00eds es hoy la principal ciudad de toda la zona del Nordeste dominicano. El t\u00edtulo le cabe bien por su desarrollo econ\u00f3mico, social y cultural. En sus or\u00edgenes, como casi todos los pueblos de Am\u00e9rica Latina, S.F.M. fue una especie de Macondo, [&hellip;]<\/p>\n","protected":false},"author":3,"featured_media":0,"comment_status":"open","ping_status":"open","sticky":false,"template":"","format":"standard","meta":{"footnotes":""},"categories":[21],"tags":[177],"class_list":["post-51901","post","type-post","status-publish","format-standard","hentry","category-cultura","tag-teofilo-lappot-robles"],"_links":{"self":[{"href":"https:\/\/diariodominicano.com\/index.php?rest_route=\/wp\/v2\/posts\/51901","targetHints":{"allow":["GET"]}}],"collection":[{"href":"https:\/\/diariodominicano.com\/index.php?rest_route=\/wp\/v2\/posts"}],"about":[{"href":"https:\/\/diariodominicano.com\/index.php?rest_route=\/wp\/v2\/types\/post"}],"author":[{"embeddable":true,"href":"https:\/\/diariodominicano.com\/index.php?rest_route=\/wp\/v2\/users\/3"}],"replies":[{"embeddable":true,"href":"https:\/\/diariodominicano.com\/index.php?rest_route=%2Fwp%2Fv2%2Fcomments&post=51901"}],"version-history":[{"count":1,"href":"https:\/\/diariodominicano.com\/index.php?rest_route=\/wp\/v2\/posts\/51901\/revisions"}],"predecessor-version":[{"id":648103,"href":"https:\/\/diariodominicano.com\/index.php?rest_route=\/wp\/v2\/posts\/51901\/revisions\/648103"}],"wp:attachment":[{"href":"https:\/\/diariodominicano.com\/index.php?rest_route=%2Fwp%2Fv2%2Fmedia&parent=51901"}],"wp:term":[{"taxonomy":"category","embeddable":true,"href":"https:\/\/diariodominicano.com\/index.php?rest_route=%2Fwp%2Fv2%2Fcategories&post=51901"},{"taxonomy":"post_tag","embeddable":true,"href":"https:\/\/diariodominicano.com\/index.php?rest_route=%2Fwp%2Fv2%2Ftags&post=51901"}],"curies":[{"name":"wp","href":"https:\/\/api.w.org\/{rel}","templated":true}]}}