{"id":519005,"date":"2024-03-28T01:03:40","date_gmt":"2024-03-28T05:03:40","guid":{"rendered":"https:\/\/diariodominicano.com\/?p=519005"},"modified":"2024-03-28T09:35:49","modified_gmt":"2024-03-28T13:35:49","slug":"consejo-de-transicion-de-haiti-casi-listo-para-asumir-funciones-emite-primera-declaracion","status":"publish","type":"post","link":"https:\/\/diariodominicano.com\/?p=519005","title":{"rendered":"Consejo de transici\u00f3n de Hait\u00ed, casi listo para asumir funciones, emite primera declaraci\u00f3n"},"content":{"rendered":"\n<p>ARCHIVO: Un trabajador de salud le da medicamentos a un hombre en una cl\u00ednica de salud m\u00f3vil organizada por UNICEF y Medecins du Monde para personas desplazadas por la violencia de las pandillas, en Puerto Pr\u00edncipe, Hait\u00ed, el 26 de marzo de 2024. REUTERS\/<\/p>\n\n\n\n<p>marzo 27, 2024<\/p>\n\n\n\n<ul class=\"wp-block-list\">\n<li><a href=\"https:\/\/www.vozdeamerica.com\/author\/associated-press\/v_kyr\">Associated Press<\/a><\/li>\n<\/ul>\n\n\n\n<ul class=\"wp-block-list\">\n<li><a href=\"https:\/\/facebook.com\/sharer.php?u=https%3a%2f%2fwww.vozdeamerica.com%2fa%2fconsejo-transicion-haiti-casi-listo-para-asumir-funciones%2f7546380.html\" target=\"_blank\" rel=\"noreferrer noopener\"><\/a><\/li>\n\n\n\n<li><a href=\"https:\/\/twitter.com\/share?url=https%3a%2f%2fwww.vozdeamerica.com%2fa%2fconsejo-transicion-haiti-casi-listo-para-asumir-funciones%2f7546380.html&amp;text=Consejo+de+transici%c3%b3n+de+Hait%c3%ad%2c+casi+listo+para+asumir+funciones%2c+emite+primera+declaraci%c3%b3n\" target=\"_blank\" rel=\"noreferrer noopener\"><\/a><\/li>\n\n\n\n<li><\/li>\n\n\n\n<li><a href=\"mailto:?body=https%3a%2f%2fwww.vozdeamerica.com%2fa%2fconsejo-transicion-haiti-casi-listo-para-asumir-funciones%2f7546380.html&amp;subject=Consejo%20de%20transici%C3%B3n%20de%20Hait%C3%AD,%20casi%20listo%20para%20asumir%20funciones,%20emite%20primera%20declaraci%C3%B3n\"><\/a><\/li>\n<\/ul>\n\n\n\n<p><a href=\"https:\/\/www.vozdeamerica.com\/a\/consejo-transicion-haiti-casi-listo-para-asumir-funciones\/7546380.html#comments\">&nbsp;Vea comentarios<\/a><\/p>\n\n\n\n<p>Los integrantes del consejo se\u00f1alaron que, en cuanto se instale oficialmente, ayudar\u00e1n a \u00abreencaminar a Hait\u00ed por la v\u00eda de la legitimidad democr\u00e1tica, la estabilidad y la dignidad\u201d.<\/p>\n\n\n\n<p>PUERTO PR\u00cdNCIPE \u2014&nbsp;<\/p>\n\n\n\n<p>Los integrantes de un consejo de transici\u00f3n presidencial que se encargar\u00e1 de seleccionar a un nuevo primer ministro emitieron su primera declaraci\u00f3n oficial el mi\u00e9rcoles, en la que comprometieron a restaurar el \u201corden p\u00fablico y democr\u00e1tico\u201d en Hait\u00ed.<\/p>\n\n\n\n<p>La declaraci\u00f3n, aunque firmada por ocho de los nueve miembros del consejo, se considera una se\u00f1al de que el pol\u00e9mico y prolongado proceso de nombramiento est\u00e1 llegando a su fin y que el consejo podr\u00eda asumir pronto sus funciones oficiales.<\/p>\n\n\n\n<p>\u201cEstamos decididos a aliviar el sufrimiento del pueblo haitiano, atrapado durante demasiado tiempo entre el mal gobierno, la&nbsp;<em><strong><a href=\"https:\/\/www.vozdeamerica.com\/a\/la-crisis-en-hait%C3%AD-aumenta-mientras-la-violencia-alcanza-zonas-residenciales-\/7538303.html\" target=\"_blank\" rel=\"noreferrer noopener\">violencia<\/a><\/strong><\/em>&nbsp;multifac\u00e9tica y el desprecio por sus opiniones y necesidades\u201d, afirmaron.<\/p>\n\n\n\n<p>Los integrantes del consejo se\u00f1alaron que, en cuanto se instale oficialmente, ayudar\u00e1n a \u00abreencaminar a Hait\u00ed por la v\u00eda de la legitimidad democr\u00e1tica, la estabilidad y la dignidad\u201d.<\/p>\n\n\n\n<p>La declaraci\u00f3n se hizo p\u00fablica casi un mes despu\u00e9s de que las pandillas empezaron a atacar infraestructura gubernamental clave en toda la capital, Puerto Pr\u00edncipe.<\/p>\n\n\n\n<p>La violencia se ha atenuado en cierta medida desde que comenzaron los ataques el 29 de febrero. Anteriormente, las pandillas hab\u00edan quemado comisar\u00edas de polic\u00eda, baleado el principal aeropuerto internacional, que permanece cerrado, y asaltado las dos mayores prisiones de Hait\u00ed, liberando a m\u00e1s de 4.000 reclusos.<\/p>\n\n\n\n<p><a href=\"https:\/\/www.vozdeamerica.com\/a\/violencia-haiti-desplaza-33000-personas-\/7538819.html\"><\/a><\/p>\n\n\n\n<p><a href=\"https:\/\/www.vozdeamerica.com\/a\/violencia-haiti-desplaza-33000-personas-\/7538819.html\">TAMBI\u00c9N LEA<\/a><\/p>\n\n\n\n<h4 class=\"wp-block-heading\"><a href=\"https:\/\/www.vozdeamerica.com\/a\/violencia-haiti-desplaza-33000-personas-\/7538819.html\">La violencia en Hait\u00ed desplaza a m\u00e1s de 33.000 personas fuera de la capital<\/a><\/h4>\n\n\n\n<p>Decenas de personas han muerto y unas 17.000 se han quedado sin casa.<\/p>\n\n\n\n<p>En los \u00faltimos d\u00edas, la violencia se ha concentrado sobre todo en el centro de Puerto Pr\u00edncipe.<\/p>\n\n\n\n<p>Los miembros del consejo se comprometieron a \u201cejecutar un plan de acci\u00f3n claro destinado a restaurar el orden p\u00fablico y democr\u00e1tico mediante el restablecimiento de la seguridad de la vida y los bienes de la poblaci\u00f3n, el alivio de la pobreza y la celebraci\u00f3n de elecciones libres, as\u00ed como las reformas necesarias para el progreso de la naci\u00f3n\u00bb.<\/p>\n\n\n\n<p>Los miembros dijeron que han desarrollado los criterios y mecanismos para elegir un presidente del consejo, un nuevo primer ministro y un gabinete ministerial.<\/p>\n\n\n\n<p>El primer ministro Ariel Henry, quien sigue fuera de Hait\u00ed, ha dicho que dimitir\u00e1 una vez que se establezca formalmente el consejo.<\/p>\n","protected":false},"excerpt":{"rendered":"<p>ARCHIVO: Un trabajador de salud le da medicamentos a un hombre en una cl\u00ednica de salud m\u00f3vil organizada por UNICEF y Medecins du Monde para personas desplazadas por la violencia de las pandillas, en Puerto Pr\u00edncipe, Hait\u00ed, el 26 de marzo de 2024. REUTERS\/ marzo 27, 2024 &nbsp;Vea comentarios Los integrantes del consejo se\u00f1alaron que, [&hellip;]<\/p>\n","protected":false},"author":28,"featured_media":519006,"comment_status":"closed","ping_status":"","sticky":true,"template":"","format":"standard","meta":{"footnotes":""},"categories":[112,23,27],"tags":[],"class_list":["post-519005","post","type-post","status-publish","format-standard","has-post-thumbnail","hentry","category-haiti","category-internacional","category-portada"],"_links":{"self":[{"href":"https:\/\/diariodominicano.com\/index.php?rest_route=\/wp\/v2\/posts\/519005","targetHints":{"allow":["GET"]}}],"collection":[{"href":"https:\/\/diariodominicano.com\/index.php?rest_route=\/wp\/v2\/posts"}],"about":[{"href":"https:\/\/diariodominicano.com\/index.php?rest_route=\/wp\/v2\/types\/post"}],"author":[{"embeddable":true,"href":"https:\/\/diariodominicano.com\/index.php?rest_route=\/wp\/v2\/users\/28"}],"replies":[{"embeddable":true,"href":"https:\/\/diariodominicano.com\/index.php?rest_route=%2Fwp%2Fv2%2Fcomments&post=519005"}],"version-history":[{"count":1,"href":"https:\/\/diariodominicano.com\/index.php?rest_route=\/wp\/v2\/posts\/519005\/revisions"}],"predecessor-version":[{"id":519007,"href":"https:\/\/diariodominicano.com\/index.php?rest_route=\/wp\/v2\/posts\/519005\/revisions\/519007"}],"wp:featuredmedia":[{"embeddable":true,"href":"https:\/\/diariodominicano.com\/index.php?rest_route=\/wp\/v2\/media\/519006"}],"wp:attachment":[{"href":"https:\/\/diariodominicano.com\/index.php?rest_route=%2Fwp%2Fv2%2Fmedia&parent=519005"}],"wp:term":[{"taxonomy":"category","embeddable":true,"href":"https:\/\/diariodominicano.com\/index.php?rest_route=%2Fwp%2Fv2%2Fcategories&post=519005"},{"taxonomy":"post_tag","embeddable":true,"href":"https:\/\/diariodominicano.com\/index.php?rest_route=%2Fwp%2Fv2%2Ftags&post=519005"}],"curies":[{"name":"wp","href":"https:\/\/api.w.org\/{rel}","templated":true}]}}