{"id":518974,"date":"2024-03-28T00:21:08","date_gmt":"2024-03-28T04:21:08","guid":{"rendered":"https:\/\/diariodominicano.com\/?p=518974"},"modified":"2024-03-28T00:21:08","modified_gmt":"2024-03-28T04:21:08","slug":"presidente-de-cuba-firma-libro-de-condolencias-por-atentado-en-rusia","status":"publish","type":"post","link":"https:\/\/diariodominicano.com\/?p=518974","title":{"rendered":"Presidente de Cuba firma libro de condolencias por atentado en Rusia"},"content":{"rendered":"\n<p>La Habana, 27 mar (Prensa Latina) El presidente de Cuba, Miguel D\u00edaz-Canel, firm\u00f3 hoy el libro de condolencias abierto en la embajada de Rusia en esta capital, con motivo del sangriento ataque terrorista contra la sala de conciertos Crocus City Hall.<\/p>\n\n\n\n<ul class=\"wp-block-list\">\n<li><a href=\"https:\/\/www.prensa-latina.cu\/2024\/03\/27\/\"><time>marzo 27, 2024 | 12:44<\/time><\/a><\/li>\n<\/ul>\n\n\n\n<p>\u201cCon profundo dolor conocimos del atentado ocurrido el pasado 22 de marzo en un centro cultural de la regi\u00f3n de Mosc\u00fa, con un saldo lamentable de p\u00e9rdidas de vidas humanas y numerosos heridos\u201d, escribi\u00f3 el jefe de Estado.<\/p>\n\n\n\n<p>Adem\u00e1s reiter\u00f3 la condena a este barb\u00e1rico hecho, que tanto dolor y sufrimiento ha causado al pueblo ruso, convencidos de que la unidad de la Federaci\u00f3n de Rusia no se ver\u00e1 resquebrajada.<\/p>\n\n\n\n<figure class=\"wp-block-image\"><img decoding=\"async\" src=\"https:\/\/www.prensa-latina.cu\/wp-content\/uploads\/2024\/03\/GJsH2t6WoAA-2Wa-500x375.jpg\" alt=\"\" class=\"wp-image-789146\"\/><\/figure>\n\n\n\n<p>Igualmente expres\u00f3 las m\u00e1s sentidas condolencias del pueblo y Gobierno cubanos a los familiares y allegados de las v\u00edctimas y el deseo de la pronta recuperaci\u00f3n de los heridos.<\/p>\n\n\n\n<p>Recalc\u00f3 que el pueblo y el Gobierno rusos pueden contar siempre con la solidaridad y el apoyo de la naci\u00f3n caribe\u00f1a.<\/p>\n\n\n\n<p>La sede diplom\u00e1tica del gigante eslavo en La Habana agradeci\u00f3 sinceramente la amistad, la solidaridad y el apoyo de los amigos cubanos.<\/p>\n\n\n\n<figure class=\"wp-block-image\"><img decoding=\"async\" src=\"https:\/\/www.prensa-latina.cu\/wp-content\/uploads\/2024\/03\/GJsH2t7XsAAPMuh-500x338.jpg\" alt=\"\" class=\"wp-image-789200\"\/><\/figure>\n\n\n\n<p>Acompa\u00f1aron al mandatario el presidente de la Asamblea Nacional del Poder Popular (parlamento), Esteban Lazo; el primer ministro Manuel Marrero; y el vicepresidente Salvador Vald\u00e9s.<\/p>\n\n\n\n<p>El 22 de marzo, un comando de hombres armados dispar\u00f3 contra una multitud reunida para un concierto de rock en la sala Crocus City Hall, situada en la provincia de Mosc\u00fa.<\/p>\n\n\n\n<p>El tiroteo fue seguido por un incendio, que, seg\u00fan el Ministerio de Emergencias, afect\u00f3 un \u00e1rea de casi 13 mil metros cuadrados.<\/p>\n\n\n\n<p>De acuerdo con los \u00faltimos datos oficiales, el ataque terrorista caus\u00f3 139 muertos y 182 heridos.<\/p>\n\n\n\n<p>Hasta ahora fueron detenidos 11 implicados en el atentado, incluidos los cuatro atacantes que abrieron fuego en Crocus City Hall.<\/p>\n\n\n\n<p>rgh\/mpp<\/p>\n","protected":false},"excerpt":{"rendered":"<p>La Habana, 27 mar (Prensa Latina) El presidente de Cuba, Miguel D\u00edaz-Canel, firm\u00f3 hoy el libro de condolencias abierto en la embajada de Rusia en esta capital, con motivo del sangriento ataque terrorista contra la sala de conciertos Crocus City Hall. \u201cCon profundo dolor conocimos del atentado ocurrido el pasado 22 de marzo en un [&hellip;]<\/p>\n","protected":false},"author":28,"featured_media":518975,"comment_status":"closed","ping_status":"","sticky":false,"template":"","format":"standard","meta":{"footnotes":""},"categories":[26,23],"tags":[],"class_list":["post-518974","post","type-post","status-publish","format-standard","has-post-thumbnail","hentry","category-efemerides","category-internacional"],"_links":{"self":[{"href":"https:\/\/diariodominicano.com\/index.php?rest_route=\/wp\/v2\/posts\/518974","targetHints":{"allow":["GET"]}}],"collection":[{"href":"https:\/\/diariodominicano.com\/index.php?rest_route=\/wp\/v2\/posts"}],"about":[{"href":"https:\/\/diariodominicano.com\/index.php?rest_route=\/wp\/v2\/types\/post"}],"author":[{"embeddable":true,"href":"https:\/\/diariodominicano.com\/index.php?rest_route=\/wp\/v2\/users\/28"}],"replies":[{"embeddable":true,"href":"https:\/\/diariodominicano.com\/index.php?rest_route=%2Fwp%2Fv2%2Fcomments&post=518974"}],"version-history":[{"count":1,"href":"https:\/\/diariodominicano.com\/index.php?rest_route=\/wp\/v2\/posts\/518974\/revisions"}],"predecessor-version":[{"id":518976,"href":"https:\/\/diariodominicano.com\/index.php?rest_route=\/wp\/v2\/posts\/518974\/revisions\/518976"}],"wp:featuredmedia":[{"embeddable":true,"href":"https:\/\/diariodominicano.com\/index.php?rest_route=\/wp\/v2\/media\/518975"}],"wp:attachment":[{"href":"https:\/\/diariodominicano.com\/index.php?rest_route=%2Fwp%2Fv2%2Fmedia&parent=518974"}],"wp:term":[{"taxonomy":"category","embeddable":true,"href":"https:\/\/diariodominicano.com\/index.php?rest_route=%2Fwp%2Fv2%2Fcategories&post=518974"},{"taxonomy":"post_tag","embeddable":true,"href":"https:\/\/diariodominicano.com\/index.php?rest_route=%2Fwp%2Fv2%2Ftags&post=518974"}],"curies":[{"name":"wp","href":"https:\/\/api.w.org\/{rel}","templated":true}]}}