{"id":518967,"date":"2024-03-28T00:09:10","date_gmt":"2024-03-28T04:09:10","guid":{"rendered":"https:\/\/diariodominicano.com\/?p=518967"},"modified":"2024-03-28T00:10:29","modified_gmt":"2024-03-28T04:10:29","slug":"fallecio-duran-fajardo-ex-procurador-fiscal-del-dn-y-de-la-corte-de-apelacion-de-santo-domingo","status":"publish","type":"post","link":"https:\/\/diariodominicano.com\/?p=518967","title":{"rendered":"Falleci\u00f3 Dur\u00e1n Fajardo, ex procurador fiscal del DN y de la Corte de Apelaci\u00f3n de Santo Domingo"},"content":{"rendered":"\n<p><strong>La historia lo registra como primer fiscal que proces\u00f3 penalmente al ex presidente Jorge Blanco<\/strong><\/p>\n\n\n\n<p>El destacado jurista y ex procurador fiscal y ex procurador general de la Corte de Apelaci\u00f3n de Santo Domingo, doctor Jos\u00e9 Leonardo Dur\u00e1n Fajardo, falleci\u00f3 en la madrugada del lunes 24 de marzo, luego de varios a\u00f1os afectado de salud y en continuo cuidado m\u00e9dico en el Mayo Clinic, Rochester, Minnesota, Estados Unidos.<\/p>\n\n\n\n<p>Dur\u00e1n Fajardo, un hist\u00f3rico ex procurador fiscal del&nbsp; Distrito Nacional, egres\u00f3 como doctor en derecho de la Universidad Aut\u00f3noma de Santo Domingo (UASD). Adem\u00e1s de procurador fiscal del Distrito Nacional (1990-1992) Dur\u00e1n Fajardo ocup\u00f3 otras funciones relevantes, como fueron<\/p>\n\n\n\n<p>Procurador general de la Corte de Apelaci\u00f3n de Santo Domingo, Director de Migraci\u00f3n, entre otras.<\/p>\n\n\n\n<p>Sus restos est\u00e1n siendo expuestos en la Capilla Blandino Columbarios, de la avenida Gregorio Luper\u00f3n del Distrito Nacional y ser\u00e1n trasladados a las 12:00 del mediod\u00eda de este mi\u00e9rcoles 27 de marzo hacia el cementerio Puerta del Cielo.<\/p>\n\n\n\n<p>Al doctor Dur\u00e1n Fajardo se le recuerda tambi\u00e9n por ser el primer Fiscal en procesar penalmente por la comisi\u00f3n de actos de corrupci\u00f3n a un ex presidente de la Rep\u00fablica, como registra la historia el juicio al doctor Salvador Jorge Blanco.<\/p>\n\n\n\n<p>Jos\u00e9 Leonardo era hijo de Joaqu\u00edn Dur\u00e1n y Mar\u00eda Lorenza Fajardo, oriundos de Arenoso, municipio de La Vega, quienes formaron un hogar ejemplar, de hombres y mujeres de bien, de alta estima en la comunidad.<\/p>\n\n\n\n<p>\u201cEl pa\u00eds ha perdido un gran hombre, de trato afable y alta sensibilidad humana, de extraordinaria formaci\u00f3n y trayectoria profesional, que honr\u00f3 la toga y el birrete, que supo servir con integridad y excelencia las responsabilidades p\u00fablicas puestas a su cargo. No obstante su partida, su legado seguir\u00e1 vivo\u201d, afirmaron abogados y familiares.<\/p>\n\n\n\n<p>Emiliano Reyes<\/p>\n\n\n\n<p><a target=\"_blank\" href=\"mailto:ere.prensa@gmail.com\" rel=\"noreferrer noopener\">ere.prensa@gmail.com<\/a><\/p>\n\n\n\n<p><strong>27 de marzo de 2024.<\/strong><\/p>\n","protected":false},"excerpt":{"rendered":"<p>La historia lo registra como primer fiscal que proces\u00f3 penalmente al ex presidente Jorge Blanco El destacado jurista y ex procurador fiscal y ex procurador general de la Corte de Apelaci\u00f3n de Santo Domingo, doctor Jos\u00e9 Leonardo Dur\u00e1n Fajardo, falleci\u00f3 en la madrugada del lunes 24 de marzo, luego de varios a\u00f1os afectado de salud [&hellip;]<\/p>\n","protected":false},"author":28,"featured_media":518968,"comment_status":"closed","ping_status":"","sticky":false,"template":"","format":"standard","meta":{"footnotes":""},"categories":[36,26],"tags":[],"class_list":["post-518967","post","type-post","status-publish","format-standard","has-post-thumbnail","hentry","category-hombresmujeresycosas","category-efemerides"],"_links":{"self":[{"href":"https:\/\/diariodominicano.com\/index.php?rest_route=\/wp\/v2\/posts\/518967","targetHints":{"allow":["GET"]}}],"collection":[{"href":"https:\/\/diariodominicano.com\/index.php?rest_route=\/wp\/v2\/posts"}],"about":[{"href":"https:\/\/diariodominicano.com\/index.php?rest_route=\/wp\/v2\/types\/post"}],"author":[{"embeddable":true,"href":"https:\/\/diariodominicano.com\/index.php?rest_route=\/wp\/v2\/users\/28"}],"replies":[{"embeddable":true,"href":"https:\/\/diariodominicano.com\/index.php?rest_route=%2Fwp%2Fv2%2Fcomments&post=518967"}],"version-history":[{"count":2,"href":"https:\/\/diariodominicano.com\/index.php?rest_route=\/wp\/v2\/posts\/518967\/revisions"}],"predecessor-version":[{"id":518970,"href":"https:\/\/diariodominicano.com\/index.php?rest_route=\/wp\/v2\/posts\/518967\/revisions\/518970"}],"wp:featuredmedia":[{"embeddable":true,"href":"https:\/\/diariodominicano.com\/index.php?rest_route=\/wp\/v2\/media\/518968"}],"wp:attachment":[{"href":"https:\/\/diariodominicano.com\/index.php?rest_route=%2Fwp%2Fv2%2Fmedia&parent=518967"}],"wp:term":[{"taxonomy":"category","embeddable":true,"href":"https:\/\/diariodominicano.com\/index.php?rest_route=%2Fwp%2Fv2%2Fcategories&post=518967"},{"taxonomy":"post_tag","embeddable":true,"href":"https:\/\/diariodominicano.com\/index.php?rest_route=%2Fwp%2Fv2%2Ftags&post=518967"}],"curies":[{"name":"wp","href":"https:\/\/api.w.org\/{rel}","templated":true}]}}