{"id":518962,"date":"2024-03-28T00:00:02","date_gmt":"2024-03-28T04:00:02","guid":{"rendered":"https:\/\/diariodominicano.com\/?p=518962"},"modified":"2024-03-28T00:02:40","modified_gmt":"2024-03-28T04:02:40","slug":"dr-anthony-fauci-junto-al-dr-alejandro-baez-presentan-conferencia-magistral-en-honor-al-dr-alejandro-emilio-baez-van-epps","status":"publish","type":"post","link":"https:\/\/diariodominicano.com\/?p=518962","title":{"rendered":"Dr. Anthony Fauci junto al Dr. Alejandro B\u00e1ez presentan conferencia magistral en honor al Dr. Alejandro Emilio B\u00e1ez-Van-Epps"},"content":{"rendered":"\n<p>La Universidad Nacional Pedro Henr\u00edquez Ure\u00f1a (UNPHU), en coordinaci\u00f3n con el Instituto de Dominicanos en el Exterior (INDEX), el Ministerio de Relaciones Exteriores y el Comit\u00e9 Salud del INDEX (INDEX-SALUD), realiz\u00f3 el acto de inauguraci\u00f3n de la C\u00e1tedra Magistral Dr. Alejandro Emilio B\u00e1ez-Van-Epps, en honor al destacado profesor, con la conferencia titulada \u201cDe Ciencia Ficci\u00f3n a Pura Ciencia: Navegando la Intersecci\u00f3n entre Biolog\u00eda y Tecnolog\u00eda\u201d, impartida por el Dr. Alejandro B\u00e1ez hijo del doctor Baez-Van-Epps, profesor investigador de la UNPHU, y asesor de salud y bienestar del Poder Ejecutivo.<\/p>\n\n\n\n<p><\/p>\n\n\n\n<p>La introducci\u00f3n a la actividad estuvo a cargo del mundialmente reconocido cient\u00edfico Dr. Anthony Fauci, ex asesor m\u00e9dico en jefe del presidente de los Estados Unidos, experto en inmunolog\u00eda, reumatolog\u00eda y VIH\/Sida, a trav\u00e9s de conexi\u00f3n virtual. &nbsp;El Dr. Fauci destac\u00f3 las lecciones aprendidas del COVID y la importancia ahora m\u00e1s que nunca del rol de las ciencias m\u00e9dicas b\u00e1sicas. Expres\u00f3 la necesidad de hacer un llamado a la acci\u00f3n para combatir la desinformaci\u00f3n y fortalecer el apoyo a la ciencia y el descubrimiento cient\u00edfico. Asimismo, manifest\u00f3 su admiraci\u00f3n por la vida del Dr. B\u00e1ez Van- Epps y c\u00f3mo su muerte por complicaciones del COVID-19 y su vida dedicada a las ciencias m\u00e9dicas b\u00e1sicas hicieron que esta conferencia inaugural fuese muy meritoria para llevar su nombre.<\/p>\n\n\n\n<p>El Dr. Alejandro B\u00e1ez Hern\u00e1ndez expres\u00f3 durante su intervenci\u00f3n: \u00bb Esta Conferencia Magistral de Ciencias B\u00e1sicas trasciende de un evento acad\u00e9mico; es una actividad que toca profundamente el coraz\u00f3n de nuestra familia. Mi padre, un hombre sencillo de la \u00abguardia vieja\u00bb, empez\u00f3 a trabajar a los 16 a\u00f1os en el Laboratorio Nacional, junto a mi abuelo, Amadeo B\u00e1ez. Setenta a\u00f1os despu\u00e9s, en 2021, en una iron\u00eda de la vida, falleci\u00f3 a los 86 a\u00f1os debido a complicaciones del COVID-19, a\u00fan en pleno ejercicio de su profesi\u00f3n. Continu\u00f3: Pap\u00e1 fue profesor de Ciencias B\u00e1sicas en la UNPHU durante 30 a\u00f1os. Con amor a la academia, todas las ma\u00f1anas lo ve\u00eda preparar minuciosamente su clase, sin importar cu\u00e1ntas veces la hubiera impartido\u00bb.<\/p>\n\n\n\n<p>La conferencia tuvo por finalidad explorar la intersecci\u00f3n entre Biolog\u00eda y Tecnolog\u00eda, proporcionando una visi\u00f3n integral de la importancia de las Ciencias B\u00e1sicas en la medicina moderna y destacando las oportunidades para la innovaci\u00f3n biom\u00e9dica en la Rep\u00fablica Dominicana. Tambi\u00e9n hubo un Panel sobre Innovaci\u00f3n Biom\u00e9dica en Rep\u00fablica Dominicana que estuvo conformado por cient\u00edficos expertos de la di\u00e1spora dominicana como la Lcda. Daisy B\u00e1ez, el Dr. Dioscaris Garc\u00eda y el Dr. Robert Paulino.<\/p>\n\n\n\n<p>El evento fue organizado por la Facultad de Ciencias de la Salud y la Escuela de Medicina de la UNPHU; se llev\u00f3 a cabo el 11 de marzo de 2024, en la Sala Max Henr\u00edquez Ure\u00f1a de la Universidad.<\/p>\n\n\n\n<p><strong>Sobre el Doctor Alejandro Emilio B\u00e1ez-Van-Eps<\/strong><\/p>\n\n\n\n<p>El Dr. Alejandro Emilio B\u00e1ez-Van-Epps, esposo de Victoria Hern\u00e1ndez y padre de Hellen Alexandra y Amado Alejandro; naci\u00f3 en Santo Domingo el 10 de marzo de 1934. A los 16 a\u00f1os inici\u00f3 sus trabajos en medicina como asistente de su padre Amadeo B\u00e1ez, subdirector y fundador del Laboratorio Nacional de Rep\u00fablica Dominicana. Se gradu\u00f3 de Medicina en la UASD en 1958, presentando su tesis sobre las mutaciones gen\u00e9ticas asociadas a la anemia falciforme. Luego de completar su pasant\u00eda, pas\u00f3 a hacer estudios de especializaci\u00f3n en el antiguo Hospital Mari\u00f3n. En 1967 inici\u00f3 como docente de la UNPHU, donde por 30 a\u00f1os imparti\u00f3 clases de ciencias b\u00e1sicas (Biolog\u00eda, Gen\u00e9tica y Microbiolog\u00eda). Ejerci\u00f3 la medicina por 63 a\u00f1os, jubil\u00e1ndose del Instituto Dominicano de Seguros Sociales y en pr\u00e1ctica privada hasta el momento de su fallecimiento por complicaciones del COVID-19, el 1ero de enero del 2021.<\/p>\n\n\n\n<p><strong>Sobre Anthony Stephen Fauci<\/strong><\/p>\n\n\n\n<p>Anthony Stephen Fauci, naci\u00f3 el 24 de diciembre de 1940. Es un m\u00e9dico, cient\u00edfico e inmun\u00f3logo estadounidense que se desempe\u00f1\u00f3 como director del Instituto Nacional de Alergias y Enfermedades Infecciosas (NIAID) de 1984 a 2022 y fue asesor m\u00e9dico principal del presidente desde 2021 al 2022. Fauci fue uno de los cient\u00edficos m\u00e1s citados del mundo en todas las revistas cient\u00edficas entre 1983 y 2002. En 2008, el presidente George W. Bush le otorg\u00f3 la Medalla Presidencial de la Libertad, el premio civil m\u00e1s alto de los Estados Unidos, por su trabajo en el programa de ayuda contra el SIDA PEPFAR.<\/p>\n\n\n\n<p><strong>Sobre Amado Alejandro B\u00e1ez<\/strong><\/p>\n\n\n\n<p>Amado Alejandro B\u00e1ez, egresado con honores de la Escuela de Medicina de la UNPHU, completa su fellowship en investigaci\u00f3n sobre epidemiolog\u00eda del trauma en Albert Einstein, residencia de Medicina de Emergencias en el Mayo Clinic y Medicina Cr\u00edtica y Trauma en la Universidad de Harvard\/BWH. Posee maestr\u00edas y postgrados en Gerencia de Salud, Salud P\u00fablica, Investigaci\u00f3n Cl\u00ednica, Liderazgo e Inform\u00e1tica del New York Medical College, Cornell y Harvard. Doctorado (PhD con honores) en Investigaci\u00f3n Traslacional en la Universidad de Barcelona. Actualmente es Profesor (full) adjunto la Escuela de Salud P\u00fablica de la Universidad de Texas Houston, profesor investigador de la UNPHU y Asesor del Poder Ejecutivo en Salud y Bienestar. En EEUU es Jefe de Gabinete Asociado para Investigaci\u00f3n y Desarrollo en el Gobierno Federal (maneja un equipo de 32 investigadores) y profesor de Medicina y Epidemiolog\u00eda con tres libros editados y m\u00e1s de 100 publicaciones cient\u00edficas como autor-investigador.<\/p>\n\n\n\n<p>Yajaira Soriano Victoriano<\/p>\n\n\n\n<p><a target=\"_blank\" href=\"mailto:ysoriano@unphu.edu.do\" rel=\"noreferrer noopener\">ysoriano@unphu.edu.do<\/a><\/p>\n","protected":false},"excerpt":{"rendered":"<p>La Universidad Nacional Pedro Henr\u00edquez Ure\u00f1a (UNPHU), en coordinaci\u00f3n con el Instituto de Dominicanos en el Exterior (INDEX), el Ministerio de Relaciones Exteriores y el Comit\u00e9 Salud del INDEX (INDEX-SALUD), realiz\u00f3 el acto de inauguraci\u00f3n de la C\u00e1tedra Magistral Dr. Alejandro Emilio B\u00e1ez-Van-Epps, en honor al destacado profesor, con la conferencia titulada \u201cDe Ciencia Ficci\u00f3n [&hellip;]<\/p>\n","protected":false},"author":28,"featured_media":0,"comment_status":"closed","ping_status":"","sticky":true,"template":"","format":"standard","meta":{"footnotes":""},"categories":[36,20,26,27],"tags":[],"class_list":["post-518962","post","type-post","status-publish","format-standard","hentry","category-hombresmujeresycosas","category-dominicana-hoy","category-efemerides","category-portada"],"_links":{"self":[{"href":"https:\/\/diariodominicano.com\/index.php?rest_route=\/wp\/v2\/posts\/518962","targetHints":{"allow":["GET"]}}],"collection":[{"href":"https:\/\/diariodominicano.com\/index.php?rest_route=\/wp\/v2\/posts"}],"about":[{"href":"https:\/\/diariodominicano.com\/index.php?rest_route=\/wp\/v2\/types\/post"}],"author":[{"embeddable":true,"href":"https:\/\/diariodominicano.com\/index.php?rest_route=\/wp\/v2\/users\/28"}],"replies":[{"embeddable":true,"href":"https:\/\/diariodominicano.com\/index.php?rest_route=%2Fwp%2Fv2%2Fcomments&post=518962"}],"version-history":[{"count":4,"href":"https:\/\/diariodominicano.com\/index.php?rest_route=\/wp\/v2\/posts\/518962\/revisions"}],"predecessor-version":[{"id":518966,"href":"https:\/\/diariodominicano.com\/index.php?rest_route=\/wp\/v2\/posts\/518962\/revisions\/518966"}],"wp:attachment":[{"href":"https:\/\/diariodominicano.com\/index.php?rest_route=%2Fwp%2Fv2%2Fmedia&parent=518962"}],"wp:term":[{"taxonomy":"category","embeddable":true,"href":"https:\/\/diariodominicano.com\/index.php?rest_route=%2Fwp%2Fv2%2Fcategories&post=518962"},{"taxonomy":"post_tag","embeddable":true,"href":"https:\/\/diariodominicano.com\/index.php?rest_route=%2Fwp%2Fv2%2Ftags&post=518962"}],"curies":[{"name":"wp","href":"https:\/\/api.w.org\/{rel}","templated":true}]}}