{"id":51895,"date":"2020-07-09T07:03:04","date_gmt":"2020-07-09T07:03:04","guid":{"rendered":"http:\/\/diariodominicano.ddns.net\/?p=51895"},"modified":"2020-07-09T07:03:04","modified_gmt":"2020-07-09T07:03:04","slug":"espana-derrotada-en-la-guerra-de-la-restauracion-se-alista-para-sacar-su-ejercito-de-republica-dominicana","status":"publish","type":"post","link":"https:\/\/diariodominicano.com\/?p=51895","title":{"rendered":"Espa\u00f1a derrotada en la Guerra de la Restauraci\u00f3n se alista para sacar su Ej\u00e9rcito de Rep\u00fablica Dominicana"},"content":{"rendered":"<p><body><\/p>\n<p><img decoding=\"async\" src=\"img3\/La Gandara.jpg\" \/><br \/><img decoding=\"async\" src=\"img3\/Pedro Ant Pimentel00.jpg.jpg\" \/>  <\/p>\n<p><strong><span class=\"text1noticias\">Diariodominicano.com<\/span><\/strong><\/p>\n<p><strong><span class=\"text1noticias\">Espa\u00f1a derrotada en la Guerra de la Restauraci\u00f3n se alista para sacar su Ej\u00e9rcito de Rep\u00fablica Dominicana <\/span><\/strong><\/p>\n<p><strong><span class=\"text1noticias\"> En efecto, el d\u00eda 3 de marzo de 1865 la Reina de Espa\u00f1a firm\u00f3 el decreto derogando la Anexi\u00f3n, pero su \u00faltimo jefe militar  en el pa\u00eds, general Jos\u00e9 de la G\u00e1ndara, trat\u00f3 de llevar al Gobierno dominicano a firmar un acuerdo que limitaba la soberan\u00eda dominicana, lo que fue rechazado por el Presidente Pimentel.<\/span><\/strong><\/p>\n<p><strong><span class=\"text1noticias\">Por H\u00e9ctor Tineo Nolasco<\/span><\/strong><\/p>\n<p><strong><span class=\"text1noticias\">Diariodominicano.com<\/span><\/strong><\/p>\n<\/p>\n<p><strong><span class=\"text1noticias\">SANTO DOMINGO, el  9 de julio de 1865,<\/span><\/strong><span class=\"text1noticias\"> los militares espa\u00f1oles del Gobierno de la Anexi\u00f3n,  que a\u00fan permanec\u00edan en  Rep\u00fablica Dominicana, se organizaron para salir del pa\u00eds el d\u00eda 10 de julio.<\/span><\/p>\n<\/p>\n<p><span class=\"text1noticias\">   <strong> Los espa\u00f1oles comandados por el general Jos\u00e9 de la G\u00e1ndara, trataron de crear incidentes para continuar en el territorio nacional, pero fueron rechazados por el Gobierno Restaurador del Presidente Pedro Antonio Pimentel Chamorro, a quien le toc\u00f3  defender la soberan\u00eda nacional durante las discusiones con Espa\u00f1a, para lograr que aceptara la Restauraci\u00f3n de la  Independencia de Rep\u00fablica y sacara del pa\u00eds los militares del Gobierno de la Anexi\u00f3n que permanec\u00edan en algunos  puntos del territorio nacional.<\/strong><\/span><\/p>\n<p><strong> <\/strong><\/p>\n<p><span class=\"text1noticias\">   En efecto, el d\u00eda 3 de marzo de 1865 la Reina de Espa\u00f1a firm\u00f3 el decreto derogando la Anexi\u00f3n, pero su \u00faltimo jefe militar  en el pa\u00eds, general Jos\u00e9 de la G\u00e1ndara, trat\u00f3 de llevar al Gobierno dominicano a firmar un acuerdo que limitaba la soberan\u00eda dominicana, lo que fue rechazado por el Presidente Pimentel.<\/span><\/p>\n<\/p>\n<p><span class=\"text1noticias\">   Los espa\u00f1oles no tuvieron otro camino que salir de Rep\u00fablica Dominicana. El d\u00eda 10 de julio del a\u00f1o 1865, iniciaron el embarque de sus tropas, con  lo que terminar\u00eda  la Guerra de la Restauraci\u00f3n.<\/span><\/p>\n<\/p>\n<p><span class=\"text1noticias\">    La Rep\u00fablica Dominicana hab\u00eda sido anexada a Espa\u00f1a el 18 de marzo de 1861 por disposici\u00f3n del Gobierno del Presidente, general Pedro Santana, pero la decisi\u00f3n fue rechazada por el pueblo dominicano desde el primer momento.<\/span><\/p>\n<\/p>\n<p><span class=\"text1noticias\">    En esa lucha cayeron decenas de dominicanos, incluidos el general Jos\u00e9 Contreras, comandante de la gesta del 2 de mayo de 1861, en Moca, y el pr\u00f3cer Francisco del Rosario S\u00e1nchez, el 4 de julio de 1861, en el Cercado.<\/span><\/p>\n<\/p>\n<p><span class=\"text1noticias\">    Los actos de represi\u00f3n y los fusilamientos de patriotas no detuvieron el movimiento restaurador. El 16 de agosto de 1863, en Capotillo, los dominicanos proclamaron La Restauraci\u00f3n de la Rep\u00fablica, con lo que comenz\u00f3 la  guerra que se prolong\u00f3 hasta 1865.<\/span><\/p>\n<\/p>\n<\/p>\n<\/p>\n<\/p>\n<\/p>\n<h6> 2020-07-09 07:03:04 <\/h6>\n<p><!--\n<link rel=\"stylesheet\" href=\"css\/bootstrap.min.css\">\n\n\n<ul class=\"pagination\">\n\t    \n\t\n\n<li >\n\t<a href='?page_no=428'>Previous<\/a>\n\t<\/li>\n\n\n       \n    \n\n<li><a href='?page_no=1'>1<\/a><\/li>\n\n\n\n<li><a href='?page_no=2'>2<\/a><\/li>\n\n\n\n<li><a>...<\/a><\/li>\n\n\n\n<li><a href='?page_no=427'>427<\/a><\/li>\n\n\n\n<li><a href='?page_no=428'>428<\/a><\/li>\n\n\n\n<li class='active'><a>429<\/a><\/li>\n\n\n\n<li><a href='?page_no=430'>430<\/a><\/li>\n\n\n\n<li><a href='?page_no=431'>431<\/a><\/li>\n\n\n\n<li><a>...<\/a><\/li>\n\n\n\n<li><a href='?page_no=22911'>22911<\/a><\/li>\n\n\n\n<li><a href='?page_no=22912'>22912<\/a><\/li>\n\n    \n\t\n\n<li >\n\t<a href='?page_no=430'>Next<\/a>\n\t<\/li>\n\n\n    \n\n<li><a href='?page_no=22912'>Last &rsaquo;&rsaquo;<\/a><\/li>\n\n<\/ul>\n\n\n--><br \/>\n<\/body><\/p>\n","protected":false},"excerpt":{"rendered":"<p>Diariodominicano.com Espa\u00f1a derrotada en la Guerra de la Restauraci\u00f3n se alista para sacar su Ej\u00e9rcito de Rep\u00fablica Dominicana En efecto, el d\u00eda 3 de marzo de 1865 la Reina de Espa\u00f1a firm\u00f3 el decreto derogando la Anexi\u00f3n, pero su \u00faltimo jefe militar en el pa\u00eds, general Jos\u00e9 de la G\u00e1ndara, trat\u00f3 de llevar al Gobierno [&hellip;]<\/p>\n","protected":false},"author":3,"featured_media":0,"comment_status":"open","ping_status":"open","sticky":false,"template":"","format":"standard","meta":{"footnotes":""},"categories":[21],"tags":[],"class_list":["post-51895","post","type-post","status-publish","format-standard","hentry","category-cultura"],"_links":{"self":[{"href":"https:\/\/diariodominicano.com\/index.php?rest_route=\/wp\/v2\/posts\/51895","targetHints":{"allow":["GET"]}}],"collection":[{"href":"https:\/\/diariodominicano.com\/index.php?rest_route=\/wp\/v2\/posts"}],"about":[{"href":"https:\/\/diariodominicano.com\/index.php?rest_route=\/wp\/v2\/types\/post"}],"author":[{"embeddable":true,"href":"https:\/\/diariodominicano.com\/index.php?rest_route=\/wp\/v2\/users\/3"}],"replies":[{"embeddable":true,"href":"https:\/\/diariodominicano.com\/index.php?rest_route=%2Fwp%2Fv2%2Fcomments&post=51895"}],"version-history":[{"count":0,"href":"https:\/\/diariodominicano.com\/index.php?rest_route=\/wp\/v2\/posts\/51895\/revisions"}],"wp:attachment":[{"href":"https:\/\/diariodominicano.com\/index.php?rest_route=%2Fwp%2Fv2%2Fmedia&parent=51895"}],"wp:term":[{"taxonomy":"category","embeddable":true,"href":"https:\/\/diariodominicano.com\/index.php?rest_route=%2Fwp%2Fv2%2Fcategories&post=51895"},{"taxonomy":"post_tag","embeddable":true,"href":"https:\/\/diariodominicano.com\/index.php?rest_route=%2Fwp%2Fv2%2Ftags&post=51895"}],"curies":[{"name":"wp","href":"https:\/\/api.w.org\/{rel}","templated":true}]}}