{"id":518929,"date":"2024-03-27T22:40:12","date_gmt":"2024-03-28T02:40:12","guid":{"rendered":"https:\/\/diariodominicano.com\/?p=518929"},"modified":"2024-03-27T22:42:33","modified_gmt":"2024-03-28T02:42:33","slug":"director-ejecutivo-de-la-dc-llama-a-la-poblacion-a-mantener-la-prudencia-durante-el-asueto-de-la-semana-mayor","status":"publish","type":"post","link":"https:\/\/diariodominicano.com\/?p=518929","title":{"rendered":"Director Ejecutivo de la DC llama a la poblaci\u00f3n a mantener la prudencia durante el asueto de la Semana Mayor"},"content":{"rendered":"\n<p><strong>Santo Domingo, RD.- <\/strong>El director ejecutivo de la Defensa Civil, Juan Salas, encabez\u00f3 este mi\u00e9rcoles santo los bandereos preventivos que realiz\u00f3 el organismo en el Distrito Nacional, como parte del operativo \u201cConciencia por la Vida, Semana Santa 2024\u201d, donde hizo un llamado a la poblaci\u00f3n a mantener la prudencia durante el asueto de la Semana Mayor.<\/p>\n\n\n\n<figure class=\"wp-block-image size-large\"><img loading=\"lazy\" decoding=\"async\" width=\"682\" height=\"1024\" src=\"https:\/\/diariodominicano.com\/wp-content\/uploads\/2024\/03\/Foto-PRENSA-02-682x1024.jpeg\" alt=\"\" class=\"wp-image-518931\" srcset=\"https:\/\/diariodominicano.com\/wp-content\/uploads\/2024\/03\/Foto-PRENSA-02-682x1024.jpeg 682w, https:\/\/diariodominicano.com\/wp-content\/uploads\/2024\/03\/Foto-PRENSA-02-200x300.jpeg 200w, https:\/\/diariodominicano.com\/wp-content\/uploads\/2024\/03\/Foto-PRENSA-02-768x1153.jpeg 768w, https:\/\/diariodominicano.com\/wp-content\/uploads\/2024\/03\/Foto-PRENSA-02-1023x1536.jpeg 1023w, https:\/\/diariodominicano.com\/wp-content\/uploads\/2024\/03\/Foto-PRENSA-02-816x1225.jpeg 816w, https:\/\/diariodominicano.com\/wp-content\/uploads\/2024\/03\/Foto-PRENSA-02.jpeg 1066w\" sizes=\"auto, (max-width: 682px) 100vw, 682px\" \/><\/figure>\n\n\n\n<p>Desde la avenida 27 de Febrero con M\u00e1ximo G\u00f3mez, Salas detall\u00f3 que, durante el operativo la instituci\u00f3n naranja desplegar\u00e1 unos 10 mil 844 miembros, (10 mil 392 voluntarios y 452 empleados) que estar\u00e1n ubicados en 866 puestos de socorro y de carreteras en puntos estrat\u00e9gicos de las 32 provincias del pa\u00eds.<\/p>\n\n\n\n<p>Dijo que para esta jornada dispondr\u00e1n de nueve unidades m\u00f3viles de rescate equipadas con herramientas de extricaci\u00f3n vehicular; siete puestos de atenci\u00f3n pre-hospitalaria; 313 m\u00e9dicos, param\u00e9dicos y t\u00e9cnicos en emergencias m\u00e9dicas; 17 ambulancias dotadas de medicamentos; 19 embarcaciones; 31 buzos y 557 salvavidas.<\/p>\n\n\n\n<p>Explic\u00f3 que la Defensa Civil cuenta con un c\u00f3digo \u201cQR\u201d preparado por t\u00e9cnicos del Sistema Integrado Nacional de Informaci\u00f3n (SINI), que tiene georeferenciados los balnearios habilitados y puestos de socorro a nivel nacional.<\/p>\n\n\n\n<p>\u201cLa tecnolog\u00eda es nuestra aliada en esta Semana Santa. Con s\u00f3lo escanear este c\u00f3digo QR las personas podr\u00e1n saber a qu\u00e9 lugares pueden ir para disfrutar en familia del asueto. Como siempre apelamos a la prevenci\u00f3n como forma de garantizar un retorno seguro\u201d dijo el tambi\u00e9n presidente de la Comisi\u00f3n Nacional de Emergencias.<\/p>\n\n\n\n<figure class=\"wp-block-image size-large\"><img loading=\"lazy\" decoding=\"async\" width=\"1024\" height=\"682\" src=\"https:\/\/diariodominicano.com\/wp-content\/uploads\/2024\/03\/FOTO-PRENSA-04-1024x682.jpeg\" alt=\"\" class=\"wp-image-518935\" srcset=\"https:\/\/diariodominicano.com\/wp-content\/uploads\/2024\/03\/FOTO-PRENSA-04-1024x682.jpeg 1024w, https:\/\/diariodominicano.com\/wp-content\/uploads\/2024\/03\/FOTO-PRENSA-04-300x200.jpeg 300w, https:\/\/diariodominicano.com\/wp-content\/uploads\/2024\/03\/FOTO-PRENSA-04-768x512.jpeg 768w, https:\/\/diariodominicano.com\/wp-content\/uploads\/2024\/03\/FOTO-PRENSA-04-1536x1023.jpeg 1536w, https:\/\/diariodominicano.com\/wp-content\/uploads\/2024\/03\/FOTO-PRENSA-04-816x544.jpeg 816w, https:\/\/diariodominicano.com\/wp-content\/uploads\/2024\/03\/FOTO-PRENSA-04.jpeg 1600w\" sizes=\"auto, (max-width: 1024px) 100vw, 1024px\" \/><\/figure>\n\n\n\n<p>Asegur\u00f3 que lograremos tener una \u201cSemana Santa m\u00e1s Preventiva\u201d si seguimos los diferentes consejos que emiten las instituciones de respuesta a emergencias tales como: Usar el cintur\u00f3n de seguridad, respetar a los peatones, cumplir los l\u00edmites de velocidad, respetar las se\u00f1ales de tr\u00e1nsito, no ingerir bebidas alcoh\u00f3licas ni usar el tel\u00e9fono celular mientras conducen, guardar una distancia prudente entre los veh\u00edculos, entre otros.<\/p>\n\n\n\n<figure class=\"wp-block-image size-large\"><img loading=\"lazy\" decoding=\"async\" width=\"1024\" height=\"619\" src=\"https:\/\/diariodominicano.com\/wp-content\/uploads\/2024\/03\/FOTO-PRENSA-03-1024x619.jpeg\" alt=\"\" class=\"wp-image-518933\" srcset=\"https:\/\/diariodominicano.com\/wp-content\/uploads\/2024\/03\/FOTO-PRENSA-03-1024x619.jpeg 1024w, https:\/\/diariodominicano.com\/wp-content\/uploads\/2024\/03\/FOTO-PRENSA-03-300x181.jpeg 300w, https:\/\/diariodominicano.com\/wp-content\/uploads\/2024\/03\/FOTO-PRENSA-03-768x464.jpeg 768w, https:\/\/diariodominicano.com\/wp-content\/uploads\/2024\/03\/FOTO-PRENSA-03-1536x928.jpeg 1536w, https:\/\/diariodominicano.com\/wp-content\/uploads\/2024\/03\/FOTO-PRENSA-03-816x493.jpeg 816w, https:\/\/diariodominicano.com\/wp-content\/uploads\/2024\/03\/FOTO-PRENSA-03.jpeg 1600w\" sizes=\"auto, (max-width: 1024px) 100vw, 1024px\" \/><\/figure>\n\n\n\n<p><strong><em>Apoyo de Adecor<\/em><\/strong><\/p>\n\n\n\n<p>En el lugar el presidente de la Asociaci\u00f3n dominicana de establecimientos de comida casual y de servicio r\u00e1pido (Adecor) Etienne S\u00e1nchez, Anunci\u00f3 al pa\u00eds que varias de las empresas que la componen, van a apoyar las labores del voluntariado de la Defensa Civil, enviando almuerzos tipo Snacks a diferentes Puestos de Socorro.<\/p>\n\n\n\n<p>\u201cHoy estamos apoyando esta loable labor de la Defensa Civil, una instituci\u00f3n compuesta por verdaderos h\u00e9roes y hero\u00ednas naranja, que con mucho amor prestan su servicio al pa\u00eds, en fechas como la Semana Mayor\u201d, dijo el se\u00f1or Sanchez.<\/p>\n\n\n\n<p>Aclar\u00f3 que los comestibles ser\u00e1n distribuidos en coordinaci\u00f3n con la sede central naranja.<\/p>\n\n\n\n<p>Defensa Civil Dominicana<\/p>\n\n\n\n<p><a target=\"_blank\" href=\"mailto:redesdefensacivil@gmail.com\" rel=\"noreferrer noopener\">redesdefensacivil@gmail.com<\/a><\/p>\n","protected":false},"excerpt":{"rendered":"<p>Santo Domingo, RD.- El director ejecutivo de la Defensa Civil, Juan Salas, encabez\u00f3 este mi\u00e9rcoles santo los bandereos preventivos que realiz\u00f3 el organismo en el Distrito Nacional, como parte del operativo \u201cConciencia por la Vida, Semana Santa 2024\u201d, donde hizo un llamado a la poblaci\u00f3n a mantener la prudencia durante el asueto de la Semana [&hellip;]<\/p>\n","protected":false},"author":28,"featured_media":518930,"comment_status":"closed","ping_status":"","sticky":true,"template":"","format":"standard","meta":{"footnotes":""},"categories":[36,20,27],"tags":[],"class_list":["post-518929","post","type-post","status-publish","format-standard","has-post-thumbnail","hentry","category-hombresmujeresycosas","category-dominicana-hoy","category-portada"],"_links":{"self":[{"href":"https:\/\/diariodominicano.com\/index.php?rest_route=\/wp\/v2\/posts\/518929","targetHints":{"allow":["GET"]}}],"collection":[{"href":"https:\/\/diariodominicano.com\/index.php?rest_route=\/wp\/v2\/posts"}],"about":[{"href":"https:\/\/diariodominicano.com\/index.php?rest_route=\/wp\/v2\/types\/post"}],"author":[{"embeddable":true,"href":"https:\/\/diariodominicano.com\/index.php?rest_route=\/wp\/v2\/users\/28"}],"replies":[{"embeddable":true,"href":"https:\/\/diariodominicano.com\/index.php?rest_route=%2Fwp%2Fv2%2Fcomments&post=518929"}],"version-history":[{"count":3,"href":"https:\/\/diariodominicano.com\/index.php?rest_route=\/wp\/v2\/posts\/518929\/revisions"}],"predecessor-version":[{"id":518936,"href":"https:\/\/diariodominicano.com\/index.php?rest_route=\/wp\/v2\/posts\/518929\/revisions\/518936"}],"wp:featuredmedia":[{"embeddable":true,"href":"https:\/\/diariodominicano.com\/index.php?rest_route=\/wp\/v2\/media\/518930"}],"wp:attachment":[{"href":"https:\/\/diariodominicano.com\/index.php?rest_route=%2Fwp%2Fv2%2Fmedia&parent=518929"}],"wp:term":[{"taxonomy":"category","embeddable":true,"href":"https:\/\/diariodominicano.com\/index.php?rest_route=%2Fwp%2Fv2%2Fcategories&post=518929"},{"taxonomy":"post_tag","embeddable":true,"href":"https:\/\/diariodominicano.com\/index.php?rest_route=%2Fwp%2Fv2%2Ftags&post=518929"}],"curies":[{"name":"wp","href":"https:\/\/api.w.org\/{rel}","templated":true}]}}