{"id":51884,"date":"2020-07-09T14:25:04","date_gmt":"2020-07-09T14:25:04","guid":{"rendered":"http:\/\/diariodominicano.ddns.net\/?p=51884"},"modified":"2020-07-09T14:25:04","modified_gmt":"2020-07-09T14:25:04","slug":"alerta-roja-para-los-lemures-el-hamster-europeo-y-la-ballena-negra","status":"publish","type":"post","link":"https:\/\/diariodominicano.com\/?p=51884","title":{"rendered":"Alerta roja para los l\u00e9mures, el h\u00e1mster europeo y la ballena negra"},"content":{"rendered":"<p><body><\/p>\n<p><img decoding=\"async\" src=\"img3\/504f8d5c2ba6b4065250522e59c34224575178e2.jpg\" \/><br \/><img decoding=\"async\" src=\"img3\/1f830e8368398d4a03c0e16ebadca2184249b2d7.jpg\" \/><br \/><img decoding=\"async\" src=\"img3\/3d0f81ed451c50a7e9a1ca287a8c4d1c9af84525.jpg\" \/>  <\/p>\n<p>Alerta roja para los l\u00e9mures, el h\u00e1mster europeo y la ballena negra<\/p>\n<\/p>\n<p>AFP\/Archivos \/ Rijasolo<\/p>\n<p>Un l\u00e9mur descansa en la rama de un \u00e1rbol el 23 de marzo de 2019 en la selva de Vohibola, al este de Madagascar<\/p>\n<p>Los l\u00e9mures de Madagascar, el h\u00e1mster europeo y la ballena negra del Atl\u00e1ntico dieron un nuevo paso hacia la extinci\u00f3n a causa de las actividades humanas, seg\u00fan la nueva lista roja de la Uni\u00f3n Internacional para la Conservaci\u00f3n de la Naturaleza (UICN).<\/p>\n<\/p>\n<p>Seg\u00fan los expertos en biodiversidad de la ONU (IPBES), alrededor de un mill\u00f3n de especies animales y vegetales de un total de ocho millones estimadas en la Tierra corren peligro de extinci\u00f3n, de las cuales \u00abmuchas en las pr\u00f3ximas d\u00e9cadas\u00bb.<\/p>\n<\/p>\n<p>Pero estas cifras son extrapolaciones basadas en las evaluaciones de solo parte de las especies, en particular las que integran la lista roja de la UICN, un referente en la materia que cada a\u00f1o se alimenta con el estudio de nuevas especies.<\/p>\n<\/p>\n<p>De las 120.372 especies examinadas, 32.441 est\u00e1n amenazadas de extinci\u00f3n (13.898 vulnerables, 11.732 en peligro y 6.811 en peligro cr\u00edtico), es decir, un 25%.<\/p>\n<\/p>\n<p>\u00abEl mundo debe actuar r\u00e1pidamente para poner fin al declive de las poblaciones e impedir las extinciones causadas por el hombre\u00bb, abog\u00f3 Jane Smart, que dirige el grupo sobre la conservaci\u00f3n de la biodiversidad de la UICN.<\/p>\n<\/p>\n<p>La lista roja de 2020 completa en especial la evaluaci\u00f3n de los primates africanos y llama la atenci\u00f3n sobre los l\u00e9mures, end\u00e9micos de Madagascar.<\/p>\n<\/p>\n<p>AFP \/ John SAEKI<\/p>\n<p>Los l\u00e9mures en v\u00edas de extinci\u00f3n<\/p>\n<p>As\u00ed, 103 de las 107 especies de l\u00e9mures est\u00e1n amenazadas \u00abprincipalmente debido a la desforestaci\u00f3n y a la caza\u00bb y 33 de ellas se hallan en peligro cr\u00edtico, \u00faltima categor\u00eda antes de la extinci\u00f3n.<\/p>\n<\/p>\n<p>Sin los importantes esfuerzos humanos y financieros desplegados para su conservaci\u00f3n (\u00e1reas protegidas, reforestaci\u00f3n, ecoturismo&#8230;) algunos, como el lepil\u00e9mur septentrional, \u00abhabr\u00edan podido extinguirse\u00bb, seg\u00fan Russ Mittermeier, especialista de primates de la UICN.<\/p>\n<\/p>\n<p>Pero estas campa\u00f1as no impidieron que 13 especies de l\u00e9mures pasaran a la categor\u00eda \u00abpeligro cr\u00edtico\u00bb, como el sifaca de Verreaux y el l\u00e9mur rat\u00f3n gris, el primate m\u00e1s peque\u00f1o del mundo. Ambos son v\u00edctimas de la destrucci\u00f3n de su h\u00e1bitat debido a la quema agr\u00edcola y a la explotaci\u00f3n forestal.<\/p>\n<\/p>\n<p>En el resto de \u00c1frica, m\u00e1s de la mitad de especies de primates (54 de 103) est\u00e1n igualmente amenazadas, como el colobo rey, en peligro cr\u00edtico.<\/p>\n<\/p>\n<p>&#8211; El hongo \u00abm\u00e1s caro del mundo\u00bb &#8211;<\/p>\n<\/p>\n<p>\u00abEsto demuestra que el homo sapiens debe cambiar radicalmente su relaci\u00f3n con otros primates, y con la naturaleza en su conjunto\u00bb, destac\u00f3 Grethel Aguilar, directora general interina de la UICN, cuyo congreso que deb\u00eda celebrarse en Marsella (sureste de Francia) en junio fue aplazado a enero de 2021 a causa de la covid-19.<\/p>\n<\/p>\n<p>AFP \/ Jonathan WALTER<\/p>\n<p>Especies amenazadas<\/p>\n<p>La UICN muestra su preocupaci\u00f3n adem\u00e1s por el h\u00e1mster de Europa, ahora tambi\u00e9n en peligro cr\u00edtico. \u00abSi nada cambia, la especie podr\u00eda extinguirse en 30 a\u00f1os\u00bb.<\/p>\n<\/p>\n<p>Este roedor, anta\u00f1o abundante en Europa, desapareci\u00f3 de tres cuartas partes de su h\u00e1bitat original en Alsacia (este de Francia) y Europa del Este.<\/p>\n<\/p>\n<p>Una regresi\u00f3n provocada por una tasa de reproducci\u00f3n en ca\u00edda libre: hoy en d\u00eda, una hembra da a luz a 5 o 6 reto\u00f1os por a\u00f1o, frente a 20 durante la mayor parte del siglo XX. Esto se debe a razones m\u00faltiples relacionadas seg\u00fan parece a la extensi\u00f3n del monocultivo, el desarrollo industrial, el cambio clim\u00e1tico y la contaminaci\u00f3n lum\u00ednica.<\/p>\n<\/p>\n<p>La lista roja estima igualmente \u00abvulnerable\u00bb el hongo oruga, el \u00abm\u00e1s caro del mundo\u00bb.<\/p>\n<\/p>\n<p>AFP \/ Simon MALFATTO<\/p>\n<p>762 especies animales extintas, 14.735 amenazadas<\/p>\n<p>Apodado \u00abel viagra del Himalaya\u00bb, este par\u00e1sito, que crece fuera del cuerpo de una oruga tras haberla colonizado y acabado con ella, es muy apreciada en la medicina tradicional china. Pero para satisfacer la demanda, su recolecta en la meseta tibetana donde crece se dispar\u00f3 en los \u00faltimos 15 a\u00f1os, provocando una disminuci\u00f3n de al menos 30% de la poblaci\u00f3n.<\/p>\n<\/p>\n<p>Tambi\u00e9n est\u00e1n en peligro las ballenas negras (o ballenas francas del Atl\u00e1ntico norte), de las que a finales de 2018 quedaban menos de 250 adultos (-15% desde 2011). V\u00edctimas de colisiones con nav\u00edos y redes de pesca, pero tambi\u00e9n del cambio clim\u00e1tico, estos cet\u00e1ceos est\u00e1n muy cerca de la extinci\u00f3n.<\/p>\n<\/p>\n<p>\u00abLa lista roja es un bar\u00f3metro de la vida sobre la Tierra\u00bb, coment\u00f3 Andrew Terry, de la Sociedad Zool\u00f3gica de Londres, mientras muchos cient\u00edficos estiman que la sexta extinci\u00f3n de masa ya empez\u00f3.<\/p>\n<\/p>\n<p>Por tanto \u00abdebemos escuchar estas advertencias y actuar de forma audaz para permitir un futuro donde la vida salvaje y la humanidad puedan prosperar\u00bb, seg\u00fan Terry.<\/p>\n<\/p>\n<p>9<\/p>\n<p>JUL 2020 <\/p>\n<\/p>\n<p>0<\/p>\n<p>Compartir<\/p>\n<p>AnteriorRetornar<\/p>\n<h6> 2020-07-09 14:25:04 <\/h6>\n<p><!--\n<link rel=\"stylesheet\" href=\"css\/bootstrap.min.css\">\n\n\n<ul class=\"pagination\">\n\t    \n\t\n\n<li >\n\t<a href='?page_no=427'>Previous<\/a>\n\t<\/li>\n\n\n       \n    \n\n<li><a href='?page_no=1'>1<\/a><\/li>\n\n\n\n<li><a href='?page_no=2'>2<\/a><\/li>\n\n\n\n<li><a>...<\/a><\/li>\n\n\n\n<li><a href='?page_no=426'>426<\/a><\/li>\n\n\n\n<li><a href='?page_no=427'>427<\/a><\/li>\n\n\n\n<li class='active'><a>428<\/a><\/li>\n\n\n\n<li><a href='?page_no=429'>429<\/a><\/li>\n\n\n\n<li><a href='?page_no=430'>430<\/a><\/li>\n\n\n\n<li><a>...<\/a><\/li>\n\n\n\n<li><a href='?page_no=22911'>22911<\/a><\/li>\n\n\n\n<li><a href='?page_no=22912'>22912<\/a><\/li>\n\n    \n\t\n\n<li >\n\t<a href='?page_no=429'>Next<\/a>\n\t<\/li>\n\n\n    \n\n<li><a href='?page_no=22912'>Last &rsaquo;&rsaquo;<\/a><\/li>\n\n<\/ul>\n\n\n--><br \/>\n<\/body><\/p>\n","protected":false},"excerpt":{"rendered":"<p>Alerta roja para los l\u00e9mures, el h\u00e1mster europeo y la ballena negra AFP\/Archivos \/ Rijasolo Un l\u00e9mur descansa en la rama de un \u00e1rbol el 23 de marzo de 2019 en la selva de Vohibola, al este de Madagascar Los l\u00e9mures de Madagascar, el h\u00e1mster europeo y la ballena negra del Atl\u00e1ntico dieron un nuevo [&hellip;]<\/p>\n","protected":false},"author":3,"featured_media":0,"comment_status":"open","ping_status":"open","sticky":false,"template":"","format":"standard","meta":{"footnotes":""},"categories":[21],"tags":[],"class_list":["post-51884","post","type-post","status-publish","format-standard","hentry","category-cultura"],"_links":{"self":[{"href":"https:\/\/diariodominicano.com\/index.php?rest_route=\/wp\/v2\/posts\/51884","targetHints":{"allow":["GET"]}}],"collection":[{"href":"https:\/\/diariodominicano.com\/index.php?rest_route=\/wp\/v2\/posts"}],"about":[{"href":"https:\/\/diariodominicano.com\/index.php?rest_route=\/wp\/v2\/types\/post"}],"author":[{"embeddable":true,"href":"https:\/\/diariodominicano.com\/index.php?rest_route=\/wp\/v2\/users\/3"}],"replies":[{"embeddable":true,"href":"https:\/\/diariodominicano.com\/index.php?rest_route=%2Fwp%2Fv2%2Fcomments&post=51884"}],"version-history":[{"count":0,"href":"https:\/\/diariodominicano.com\/index.php?rest_route=\/wp\/v2\/posts\/51884\/revisions"}],"wp:attachment":[{"href":"https:\/\/diariodominicano.com\/index.php?rest_route=%2Fwp%2Fv2%2Fmedia&parent=51884"}],"wp:term":[{"taxonomy":"category","embeddable":true,"href":"https:\/\/diariodominicano.com\/index.php?rest_route=%2Fwp%2Fv2%2Fcategories&post=51884"},{"taxonomy":"post_tag","embeddable":true,"href":"https:\/\/diariodominicano.com\/index.php?rest_route=%2Fwp%2Fv2%2Ftags&post=51884"}],"curies":[{"name":"wp","href":"https:\/\/api.w.org\/{rel}","templated":true}]}}