{"id":518719,"date":"2024-03-27T07:52:03","date_gmt":"2024-03-27T11:52:03","guid":{"rendered":"https:\/\/diariodominicano.com\/?p=518719"},"modified":"2024-03-27T08:04:41","modified_gmt":"2024-03-27T12:04:41","slug":"acosta-moreta-pide-apoyo-para-presidente-abinader-para-mantener-rechazo-a-campamentos-de-refugiados-y-deportacion-ilegales","status":"publish","type":"post","link":"https:\/\/diariodominicano.com\/?p=518719","title":{"rendered":"Acosta Moreta pide apoyar a Presidente Abinader para mantener rechazo a campamentos\u00a0refugiados y deportaci\u00f3n de ilegales"},"content":{"rendered":"\n<p>diariodominicano.com<\/p>\n\n\n\n<p><strong>Santo Domingo, R. D.,<\/strong>\u2002<strong>27 de marzo, 2024.-<\/strong>\u2002El presidente de la Uni\u00f3n Dem\u00f3crata Cristiana UDC-, Luis Acosta Moreta, Luis \u201cEl Gallo\u201d, pidi\u00f3 hoy a todo el pueblo dominicano que de su apoyo a la pol\u00edtica nacionalista y democr\u00e1tica del presidente Luis Abinader, en relaci\u00f3n a las provocaciones de los haitianos.<\/p>\n\n\n\n<p>A\u00f1adi\u00f3 que el presidente Abinader ha rechazado todas las presiones de organismos internacionales, Estados Unidos y Canad\u00e1,&nbsp;&nbsp;que quieren echar la crisis haitiana sobre los hombros de los dominicanos.<\/p>\n\n\n\n<p>Adem\u00e1s, se\u00f1al\u00f3, el presidente Abinader ha sido claro de que en el pa\u00eds no se van a permitir los campamentos de refugiados haitianos, que es una de las grandes presiones de las Naciones Unidas.<\/p>\n\n\n\n<p>La UDC desde hace meses levanta la bandera de que es inaceptable que en la Rep\u00fablica Dominicana se abran campamentos para refugiar a haitianos, como lo tienen planificado los organismos internacionales.<\/p>\n\n\n\n<p>Asegur\u00f3 que esa presi\u00f3n de los Estados Unidos y las Naciones Unidas no ha bajado de intensidad, sino que el presidente Abinader sigue siendo firme de que ni un solo metro del territorio nacional se va a destinar a campamentos de refugiados..<\/p>\n\n\n\n<p>Si La ONU y los norteamericanos quieren campamentos de refugiados los pueden establecer en Hait\u00ed, o sencillamente llev\u00e1rselo a territorios inhabitados que hay en los Estados Unidos y Canad\u00e1.<\/p>\n\n\n\n<p>Tambi\u00e9n pidi\u00f3 que el pueblo respalde la pol\u00edtica migratoria del presidente Abinader, que es claro y tajante de que se deportar\u00e1 a todos los extranjeros indocumentados que hay en el pa\u00eds.<\/p>\n\n\n\n<p>Destac\u00f3 que los organismos migratorios de las Naciones Unidas est\u00e1n presionando al gobierno para que detengan las deportaciones de los haitianos ilegales, y que los convierte en una opci\u00f3n que va desde refugiados hasta exiliados.<\/p>\n\n\n\n<p>En la Rep\u00fablica Dominicana no se debe permitir un solo indocumentado y se debe ejercer el derecho a aplicar nuestras leyes migratorias, y lo que manda la Constituci\u00f3n.<\/p>\n\n\n\n<p>luis \u00abEl Gallo\u00bb informa&#8230;<\/p>\n\n\n\n<p><a target=\"_blank\" href=\"mailto:notixias2000-luiselgalloinforma@yahoo.com\" rel=\"noreferrer noopener\">notixias2000-luiselgalloinforma@yahoo.com<\/a><\/p>\n","protected":false},"excerpt":{"rendered":"<p>diariodominicano.com Santo Domingo, R. D.,\u200227 de marzo, 2024.-\u2002El presidente de la Uni\u00f3n Dem\u00f3crata Cristiana UDC-, Luis Acosta Moreta, Luis \u201cEl Gallo\u201d, pidi\u00f3 hoy a todo el pueblo dominicano que de su apoyo a la pol\u00edtica nacionalista y democr\u00e1tica del presidente Luis Abinader, en relaci\u00f3n a las provocaciones de los haitianos. A\u00f1adi\u00f3 que el presidente Abinader [&hellip;]<\/p>\n","protected":false},"author":5,"featured_media":499292,"comment_status":"closed","ping_status":"","sticky":true,"template":"","format":"standard","meta":{"footnotes":""},"categories":[20,27],"tags":[],"class_list":["post-518719","post","type-post","status-publish","format-standard","has-post-thumbnail","hentry","category-dominicana-hoy","category-portada"],"_links":{"self":[{"href":"https:\/\/diariodominicano.com\/index.php?rest_route=\/wp\/v2\/posts\/518719","targetHints":{"allow":["GET"]}}],"collection":[{"href":"https:\/\/diariodominicano.com\/index.php?rest_route=\/wp\/v2\/posts"}],"about":[{"href":"https:\/\/diariodominicano.com\/index.php?rest_route=\/wp\/v2\/types\/post"}],"author":[{"embeddable":true,"href":"https:\/\/diariodominicano.com\/index.php?rest_route=\/wp\/v2\/users\/5"}],"replies":[{"embeddable":true,"href":"https:\/\/diariodominicano.com\/index.php?rest_route=%2Fwp%2Fv2%2Fcomments&post=518719"}],"version-history":[{"count":3,"href":"https:\/\/diariodominicano.com\/index.php?rest_route=\/wp\/v2\/posts\/518719\/revisions"}],"predecessor-version":[{"id":518726,"href":"https:\/\/diariodominicano.com\/index.php?rest_route=\/wp\/v2\/posts\/518719\/revisions\/518726"}],"wp:featuredmedia":[{"embeddable":true,"href":"https:\/\/diariodominicano.com\/index.php?rest_route=\/wp\/v2\/media\/499292"}],"wp:attachment":[{"href":"https:\/\/diariodominicano.com\/index.php?rest_route=%2Fwp%2Fv2%2Fmedia&parent=518719"}],"wp:term":[{"taxonomy":"category","embeddable":true,"href":"https:\/\/diariodominicano.com\/index.php?rest_route=%2Fwp%2Fv2%2Fcategories&post=518719"},{"taxonomy":"post_tag","embeddable":true,"href":"https:\/\/diariodominicano.com\/index.php?rest_route=%2Fwp%2Fv2%2Ftags&post=518719"}],"curies":[{"name":"wp","href":"https:\/\/api.w.org\/{rel}","templated":true}]}}