{"id":518627,"date":"2024-03-26T22:21:02","date_gmt":"2024-03-27T02:21:02","guid":{"rendered":"https:\/\/diariodominicano.com\/?p=518627"},"modified":"2024-03-26T22:21:02","modified_gmt":"2024-03-27T02:21:02","slug":"desesperacion-en-haiti-la-cruda-realidad-de-marie-therese-reflejo-de-los-desafios-del-pais","status":"publish","type":"post","link":"https:\/\/diariodominicano.com\/?p=518627","title":{"rendered":"Desesperaci\u00f3n en Hait\u00ed: la cruda realidad de Marie Th\u00e9r\u00e8se, reflejo de los desaf\u00edos del pa\u00eds"},"content":{"rendered":"\n<p>Transe\u00fantes camina por una calle vac\u00eda cerca de la Catedral de Puerto Pr\u00edncipe destruida por el terremoto de 2010, el 25 de marzo de 2024.<\/p>\n\n\n\n<p>marzo 26, 2024<\/p>\n\n\n\n<ul class=\"wp-block-list\">\n<li><a href=\"https:\/\/www.vozdeamerica.com\/author\/sandrine-exil\/qyit_\">Sandrine Exil<\/a><\/li>\n<\/ul>\n\n\n\n<ul class=\"wp-block-list\">\n<li><a href=\"https:\/\/facebook.com\/sharer.php?u=https%3a%2f%2fwww.vozdeamerica.com%2fa%2fdesesperacion-en-haiti-la-cruda-realidad-de-marie-therese-un-espejo-de-los-desafios-del-pais%2f7543620.html\" target=\"_blank\" rel=\"noreferrer noopener\"><\/a><\/li>\n\n\n\n<li><a href=\"https:\/\/twitter.com\/share?url=https%3a%2f%2fwww.vozdeamerica.com%2fa%2fdesesperacion-en-haiti-la-cruda-realidad-de-marie-therese-un-espejo-de-los-desafios-del-pais%2f7543620.html&amp;text=Desesperaci%c3%b3n+en+Hait%c3%ad%3a+la+cruda+realidad+de+Marie+Th%c3%a9r%c3%a8se%2c+reflejo+de+los+desaf%c3%ados+del+pa%c3%ads\" target=\"_blank\" rel=\"noreferrer noopener\"><\/a><\/li>\n\n\n\n<li><\/li>\n\n\n\n<li><a href=\"mailto:?body=https%3a%2f%2fwww.vozdeamerica.com%2fa%2fdesesperacion-en-haiti-la-cruda-realidad-de-marie-therese-un-espejo-de-los-desafios-del-pais%2f7543620.html&amp;subject=Desesperaci%C3%B3n%20en%20Hait%C3%AD:%20la%20cruda%20realidad%20de%20Marie%20Th%C3%A9r%C3%A8se,%20reflejo%20de%20los%20desaf%C3%ADos%20del%20pa%C3%ADs\"><\/a><\/li>\n<\/ul>\n\n\n\n<p><a href=\"https:\/\/www.vozdeamerica.com\/a\/desesperacion-en-haiti-la-cruda-realidad-de-marie-therese-un-espejo-de-los-desafios-del-pais\/7543620.html#comments\">&nbsp;Vea comentarios<\/a><\/p>\n\n\n\n<p>La lucha de Marie Th\u00e9r\u00e8se y su familia por sobrevivir en un campamento abarrotado subraya las duras realidades que enfrentan los haitianos mientras intentan encontrar seguridad y estabilidad en un pa\u00eds sacudido por la violencia y la escasez.<\/p>\n\n\n\n<p>PUERTO PR\u00cdNCIPE \u2014&nbsp;<\/p>\n\n\n\n<p>\u201cNo vivimos bien aqu\u00ed, no tenemos nada en nuestras manos, cuando llegamos aqu\u00ed, no ten\u00edamos ropa. Cuando llegamos a este campo, compramos ropa y empezamos de cero con muy poco dinero\u201d. La vida de Marie Th\u00e9r\u00e8se Delimar es un fiel reflejo de los desaf\u00edos que enfrenta Hait\u00ed.<\/p>\n\n\n\n<p>Hace apenas un a\u00f1o, esta mujer de 52 a\u00f1os estaba inmersa en su comercio como vendedora ambulante, y disfrutaba de la vida en la capital haitiana, Puerto Pr\u00edncipe. Sin embargo, la situaci\u00f3n en el pa\u00eds caribe\u00f1o ha dado un vuelco dram\u00e1tico, especialmente para los ni\u00f1os y las mujeres como ella.<\/p>\n\n\n\n<p>Tras el tr\u00e1gico&nbsp;<em><strong><a href=\"https:\/\/www.vozdeamerica.com\/a\/haiti-dos-anos-asesinato-presidente-moise-\/7171652.html\" target=\"_blank\" rel=\"noreferrer noopener\">asesinato del presidente Jovenel Mo\u00efse&nbsp;<\/a><\/strong><\/em>en julio de 2021, Hait\u00ed se ha visto envuelto en meses de agitaci\u00f3n pol\u00edtica y una creciente violencia de pandillas. Esta crisis ha dejado a miles de personas como Marie Th\u00e9r\u00e8se y su familia en una situaci\u00f3n desesperada.<\/p>\n\n\n\n<p>Obligados a abandonar su hogar, ahora se encuentran viviendo en un campamento improvisado en la escuela Liceo de Ni\u00f1as J\u00f3venes, antiguo local del Ministerio de Educaci\u00f3n. Su familia, se encuentra junto a m\u00e1s de 1.500 personas, en condiciones que distan mucho de ser adecuadas.<\/p>\n\n\n\n<p><a href=\"https:\/\/www.vozdeamerica.com\/a\/haiti-pandillas-atacan-barrios-ricos-de-la-capital-con-sedes-diplomaticas\/7536726.html\"><\/a><\/p>\n\n\n\n<p><a href=\"https:\/\/www.vozdeamerica.com\/a\/haiti-pandillas-atacan-barrios-ricos-de-la-capital-con-sedes-diplomaticas\/7536726.html\">TAMBI\u00c9N LEA<\/a><\/p>\n\n\n\n<h4 class=\"wp-block-heading\"><a href=\"https:\/\/www.vozdeamerica.com\/a\/haiti-pandillas-atacan-barrios-ricos-de-la-capital-con-sedes-diplomaticas\/7536726.html\">Pandillas atacan barrios ricos de la capital de Hait\u00ed, evac\u00faan embajadas y hoteles<\/a><\/h4>\n\n\n\n<p>Hasta no verlo, no lo pod\u00edamos creer, Marie Th\u00e9r\u00e8se nos lleva a su dormitorio. Solo en su habitaci\u00f3n de 15 metros cuadrados, hay 33 personas. Duermen apilados, uno encima de otro.<\/p>\n\n\n\n<p>\u201cLa cantidad de comida que tenemos no siempre es suficiente para 33 personas. La situaci\u00f3n es muy complicada para nosotros, no es f\u00e1cil\u2026 Hay agua para ba\u00f1arnos, pero para beber no tenemos, porque el agua no es potable.\u201d<\/p>\n\n\n\n<p>\u00abAlgunos d\u00edas conseguimos algo para comer, otros no\u00bb, cuenta Marie Th\u00e9r\u00e8se con una voz cansada. El desespero y la incertidumbre con la que viven el d\u00eda a d\u00eda se ha vuelto el diario vivir de los m\u00e1s de 10 millones de habitantes que habitan Puerto Pr\u00edncipe. \u00abVend\u00eda sopas todas las ma\u00f1anas en P\u00e9tion-Ville \u2013el centro de capital-, pero pas\u00e1bamos el d\u00eda con hambre y nos acost\u00e1bamos igual\u00bb, a\u00f1ade.<\/p>\n\n\n\n<p>La Organizaci\u00f3n Internacional para las Migraciones (OIM) arroj\u00f3 luz sobre la situaci\u00f3n de desplazamiento interno en Hait\u00ed. El nuevo fen\u00f3meno que azota el pa\u00eds desde 2021 ha obligado a m\u00e1s de 362.000 a abandonar sus hogares debido a la creciente inseguridad y la violencia.<\/p>\n\n\n\n<p>Este n\u00famero representa un aumento del 15 % desde el comienzo del a\u00f1o, evidenciando la magnitud del desaf\u00edo al que se enfrentan las comunidades afectadas.<\/p>\n\n\n\n<figure class=\"wp-block-image\"><img decoding=\"async\" src=\"https:\/\/gdb.voanews.com\/581b8c5e-836b-4b87-9ade-069edd1741ef_cx0_cy9_cw100_w650_r1_s.jpg\" alt=\"La gente pasa frente al Palacio Nacional en Puerto Pr\u00edncipe, Hait\u00ed, el lunes 25 de marzo de 2024. (Foto AP\/Odelyn Joseph)\"\/><figcaption class=\"wp-element-caption\">La gente pasa frente al Palacio Nacional en Puerto Pr\u00edncipe, Hait\u00ed, el lunes 25 de marzo de 2024.<\/figcaption><\/figure>\n\n\n\n<p>\u201cLos ancianos no encuentran comida y los ni\u00f1os son los m\u00e1s afectados por la situaci\u00f3n.\u201d dice Maxi Ez\u00e9quiel, desplazado interno como Marie Th\u00e9r\u00e8se y colaborador en el centro de refugio. Entre los desplazados, m\u00e1s de la mitad son ni\u00f1os, un grupo especialmente vulnerable en esta crisis.<\/p>\n\n\n\n<p>La escasez de recursos b\u00e1sicos agrava una situaci\u00f3n econ\u00f3mica ya precaria, mientras que cada nuevo lugar de refugio plantea desaf\u00edos adicionales, como el acceso al agua y a servicios esenciales.<\/p>\n\n\n\n<p>Desde el inicio de los violentos ataques por parte de las pandillas, la Organizaci\u00f3n Internacional de Migraciones estima que m\u00e1s de 15.000 personas han tenido que buscar nuevamente refugio o salir de sus hogares.<\/p>\n\n\n\n<p>\u201cLos desplazamientos implican riesgos significativos, ya que las rutas est\u00e1n controladas por las pandillas, la gente que hace la ley en este pa\u00eds nos ech\u00f3 de nuestras casas\u201d, susurra entre llanto Marie Th\u00e9r\u00e8se, quien se ha tenido que desplazar 3 veces previamente.<\/p>\n\n\n\n<h3 class=\"wp-block-heading\">\u201cA veces nos sentimos humillados cuando recibimos ayuda\u201d<\/h3>\n\n\n\n<p>La falta de alimentos y medicinas es un problema constante. Marie Th\u00e9r\u00e8se y los dem\u00e1s residentes del improvisado campamento se enfrentan a enfermedades y dificultades financieras.<\/p>\n\n\n\n<p>\u00abA veces nos sentimos humillados cuando recibimos ayuda\u00bb, confiesa Sarah. \u00abParece que nos est\u00e1n haciendo un favor en lugar de brindarnos apoyo, siempre quedamos en deuda\u00bb.<\/p>\n\n\n\n<p>En 2024, UNICEF estim\u00f3 que 3 millones de ni\u00f1os en Hait\u00ed requer\u00edan ayuda humanitaria debido a la creciente violencia, la desnutrici\u00f3n, el resurgimiento del c\u00f3lera y el colapso de los servicios b\u00e1sicos. M\u00e1s de un tercio necesit\u00f3 protecci\u00f3n urgentemente, y se anticip\u00f3 que este n\u00famero aumentar\u00eda si las condiciones empeoraban.<\/p>\n\n\n\n<p><a href=\"https:\/\/www.vozdeamerica.com\/a\/violencia-haiti-desplaza-33000-personas-\/7538819.html\"><\/a><\/p>\n\n\n\n<p><a href=\"https:\/\/www.vozdeamerica.com\/a\/violencia-haiti-desplaza-33000-personas-\/7538819.html\">TAMBI\u00c9N LEA<\/a><\/p>\n\n\n\n<h4 class=\"wp-block-heading\"><a href=\"https:\/\/www.vozdeamerica.com\/a\/violencia-haiti-desplaza-33000-personas-\/7538819.html\">La violencia en Hait\u00ed desplaza a m\u00e1s de 33.000 personas fuera de la capital<\/a><\/h4>\n\n\n\n<p>Hait\u00ed, ya considerada la naci\u00f3n m\u00e1s pobre del hemisferio occidental, enfrent\u00f3 vulnerabilidades profundizadas en medio de esta crisis.<\/p>\n\n\n\n<p>Las condiciones de vida en Hait\u00ed se volvieron cada vez m\u00e1s dif\u00edciles. La guerra de pandillas cobr\u00f3 m\u00e1s de 1.100 v\u00edctimas en el pa\u00eds desde el comienzo del a\u00f1o, con m\u00e1s de 530 muertes, 300 heridos y 277 secuestros reportados hasta el 15 de marzo.<\/p>\n\n\n\n<p>Marzo fue particularmente mort\u00edfero, ya que las pandillas armadas ganaron un poder significativo. Durante las primeras dos semanas del mes, la violencia result\u00f3 en la muerte de al menos 208 personas, 164 heridos y m\u00e1s de un centenar de secuestros, seg\u00fan datos recopilados por el Servicio de Derechos Humanos de la BINUH.<\/p>\n\n\n\n<p>Adem\u00e1s de la violencia armada, el pa\u00eds enfrent\u00f3 una crisis alimentaria catastr\u00f3fica. Germaine Boudaut, directora de la Coordinaci\u00f3n Nacional de Seguridad Alimentaria (CNSA) indic\u00f3 que, para el per\u00edodo de enero a marzo de 2024, cerca de 5 millones de personas fueron clasificadas como \u00aben inseguridad alimentaria aguda\u00bb y, por lo tanto, necesitaron \u00abuna acci\u00f3n urgente para cubrir sus d\u00e9ficits de consumo alimentario y proteger sus medios de vida durante el per\u00edodo mencionado\u00bb.<\/p>\n\n\n\n<figure class=\"wp-block-image\"><img decoding=\"async\" src=\"https:\/\/gdb.voanews.com\/01000000-0aff-0242-93fe-08dc4a8a8ab8_w650_r1.png\" alt=\"\u00bfQu\u00e9 ocurre en Hait\u00ed y cu\u00e1les son las consecuencias para la regi\u00f3n?\" title=\"\u00bfQu\u00e9 ocurre en Hait\u00ed y cu\u00e1les son las consecuencias para la regi\u00f3n?\"\/><\/figure>\n\n\n\n<p><video poster=\"https:\/\/gdb.voanews.com\/01000000-0aff-0242-93fe-08dc4a8a8ab8_w650_r1.png\" src=\"blob:https:\/\/www.vozdeamerica.com\/e8539daa-5a78-4647-9583-3130153ebf3e\"><\/video><\/p>\n\n\n\n<p>&nbsp;INSERTAR&nbsp;SHARE<\/p>\n\n\n\n<h5 class=\"wp-block-heading\"><a href=\"https:\/\/www.vozdeamerica.com\/a\/7538641.html\" target=\"_blank\" rel=\"noreferrer noopener\">\u00bfQu\u00e9 ocurre en Hait\u00ed y cu\u00e1les son las consecuencias para la regi\u00f3n?<\/a><\/h5>\n\n\n\n<p>&nbsp;INSERTAR&nbsp;SHARE<\/p>\n\n\n\n<p>El c\u00f3digo se ha copiado en su portapapeles.<\/p>\n\n\n\n<hr class=\"wp-block-separator has-alpha-channel-opacity\"\/>\n\n\n\n<p>Ancho&nbsp;&nbsp;pxAltura&nbsp;&nbsp;px<\/p>\n\n\n\n<ul class=\"wp-block-list\">\n<li><a href=\"https:\/\/facebook.com\/sharer.php?u=https%3a%2f%2fwww.vozdeamerica.com%2fa%2f7538641.html\" target=\"_blank\" rel=\"noreferrer noopener\">Comparta en Facebook<\/a><\/li>\n\n\n\n<li><a href=\"https:\/\/twitter.com\/share?url=https%3a%2f%2fwww.vozdeamerica.com%2fa%2f7538641.html&amp;text=%c2%bfQu%c3%a9+ocurre+en+Hait%c3%ad+y+cu%c3%a1les+son+las+consecuencias+para+la+regi%c3%b3n%3f\" target=\"_blank\" rel=\"noreferrer noopener\">Comparta en Twitter<\/a><\/li>\n<\/ul>\n\n\n\n<hr class=\"wp-block-separator has-alpha-channel-opacity\"\/>\n\n\n\n<p>The URL has been copied to your clipboard<\/p>\n\n\n\n<ul class=\"wp-block-list\">\n<li>Auto<\/li>\n\n\n\n<li>240p<\/li>\n\n\n\n<li>360p<\/li>\n\n\n\n<li>480p<\/li>\n\n\n\n<li>720p<\/li>\n\n\n\n<li>1080p<\/li>\n<\/ul>\n\n\n\n<p>No media source currently available<\/p>\n\n\n\n<p>0:004:150:00<\/p>\n\n\n\n<ul class=\"wp-block-list\">\n<li><\/li>\n\n\n\n<li><\/li>\n\n\n\n<li><\/li>\n\n\n\n<li><\/li>\n\n\n\n<li><\/li>\n\n\n\n<li><\/li>\n<\/ul>\n\n\n\n<p><a href=\"https:\/\/www.vozdeamerica.com\/embed\/player\/Article\/7538641.html?type=video&amp;FullScreenMode=True\" target=\"_blank\" rel=\"noreferrer noopener\"><\/a><\/p>\n\n\n\n<p>&nbsp;Descargar&nbsp;<\/p>\n\n\n\n<h3 class=\"wp-block-heading\">La ayuda humanitaria en vilo<\/h3>\n\n\n\n<p>La situaci\u00f3n en Hait\u00ed es cr\u00edtica. A pesar de los esfuerzos de organizaciones internacionales, como los vuelos de helic\u00f3pteros que traen ayuda desde la vecina Rep\u00fablica Dominicana, la necesidad es cada vez mayor. Mientras tanto, la incertidumbre pol\u00edtica persiste, dejando a millones en una situaci\u00f3n de inseguridad y desamparo.<\/p>\n\n\n\n<p>En busca de una salida a esta tormenta, muchos haitianos han optado por dirigirse a ciudades como Cap-Haitien, en el norte del pa\u00eds, en busca de una esperanza en medio de la adversidad. Luego se reabri\u00f3 el aeropuerto de esta ciudad con el primer viaje desde la escalada de la crisis<\/p>\n\n\n\n<p>Esta ma\u00f1ana 155 pasajeros abordaron un vuelo especial de Sunrise Airways, marcando as\u00ed la reanudaci\u00f3n de los vuelos comerciales entre Hait\u00ed y Florida, Estados Unidos. Esta acci\u00f3n sigue a la crisis sociopol\u00edtica que ha afectado al pa\u00eds, caracterizada por el aumento de la violencia de pandillas armadas que han mantenido el control en varias \u00e1reas de la regi\u00f3n metropolitana de la capital.<\/p>\n\n\n\n<p>Los vuelos comerciales fueron suspendidos previamente debido al aumento de la violencia de pandillas que exig\u00edan la renuncia del primer ministro Ariel Henry. Tras el anuncio de su dimisi\u00f3n, las pandillas continuaron con sus actos de violencia, rechazando el consejo presidencial establecido por la CARICOM.<\/p>\n\n\n\n<p>En medio de la tragedia, los haitianos siguen escuchando los helic\u00f3pteros de pa\u00edses como Francia, Estados Unidos y Canad\u00e1 que sacan a sus ciudadanos. Pero la resiliencia del pueblo haitiano es evidente. A pesar de los desaf\u00edos, muchos contin\u00faan buscando un refugio seguro y una esperanza para el futuro de su pa\u00eds.<\/p>\n","protected":false},"excerpt":{"rendered":"<p>Transe\u00fantes camina por una calle vac\u00eda cerca de la Catedral de Puerto Pr\u00edncipe destruida por el terremoto de 2010, el 25 de marzo de 2024. marzo 26, 2024 &nbsp;Vea comentarios La lucha de Marie Th\u00e9r\u00e8se y su familia por sobrevivir en un campamento abarrotado subraya las duras realidades que enfrentan los haitianos mientras intentan encontrar [&hellip;]<\/p>\n","protected":false},"author":28,"featured_media":518628,"comment_status":"closed","ping_status":"","sticky":true,"template":"","format":"standard","meta":{"footnotes":""},"categories":[36,112,23,27],"tags":[],"class_list":["post-518627","post","type-post","status-publish","format-standard","has-post-thumbnail","hentry","category-hombresmujeresycosas","category-haiti","category-internacional","category-portada"],"_links":{"self":[{"href":"https:\/\/diariodominicano.com\/index.php?rest_route=\/wp\/v2\/posts\/518627","targetHints":{"allow":["GET"]}}],"collection":[{"href":"https:\/\/diariodominicano.com\/index.php?rest_route=\/wp\/v2\/posts"}],"about":[{"href":"https:\/\/diariodominicano.com\/index.php?rest_route=\/wp\/v2\/types\/post"}],"author":[{"embeddable":true,"href":"https:\/\/diariodominicano.com\/index.php?rest_route=\/wp\/v2\/users\/28"}],"replies":[{"embeddable":true,"href":"https:\/\/diariodominicano.com\/index.php?rest_route=%2Fwp%2Fv2%2Fcomments&post=518627"}],"version-history":[{"count":1,"href":"https:\/\/diariodominicano.com\/index.php?rest_route=\/wp\/v2\/posts\/518627\/revisions"}],"predecessor-version":[{"id":518629,"href":"https:\/\/diariodominicano.com\/index.php?rest_route=\/wp\/v2\/posts\/518627\/revisions\/518629"}],"wp:featuredmedia":[{"embeddable":true,"href":"https:\/\/diariodominicano.com\/index.php?rest_route=\/wp\/v2\/media\/518628"}],"wp:attachment":[{"href":"https:\/\/diariodominicano.com\/index.php?rest_route=%2Fwp%2Fv2%2Fmedia&parent=518627"}],"wp:term":[{"taxonomy":"category","embeddable":true,"href":"https:\/\/diariodominicano.com\/index.php?rest_route=%2Fwp%2Fv2%2Fcategories&post=518627"},{"taxonomy":"post_tag","embeddable":true,"href":"https:\/\/diariodominicano.com\/index.php?rest_route=%2Fwp%2Fv2%2Ftags&post=518627"}],"curies":[{"name":"wp","href":"https:\/\/api.w.org\/{rel}","templated":true}]}}