{"id":51862,"date":"2020-07-10T10:58:05","date_gmt":"2020-07-10T10:58:05","guid":{"rendered":"http:\/\/diariodominicano.ddns.net\/?p=51862"},"modified":"2020-07-10T10:58:05","modified_gmt":"2020-07-10T10:58:05","slug":"conmemoran-en-cuba-118-anos-del-natalicio-del-poeta-nicolas-guillen","status":"publish","type":"post","link":"https:\/\/diariodominicano.com\/?p=51862","title":{"rendered":"Conmemoran en Cuba 118 a\u00f1os del natalicio del poeta Nicol\u00e1s Guill\u00e9n"},"content":{"rendered":"<p><body><\/p>\n<p><img decoding=\"async\" src=\"img3\/cuba-guillen10-7-20.jpg\" \/>  <\/p>\n<p><span class=\"text1noticias\"> <\/span><\/p>\n<p><span class=\"text1noticias\">diariodominicano.com<\/span><\/p>\n<p><span class=\"text1noticias\"> <\/span><\/p>\n<p><span class=\"text1noticias\">La Habana, 10 jul (Prensa Latina) Diversas instituciones culturales rinden homenaje online hoy al Poeta Nacional de Cuba, Nicol\u00e1s Guill\u00e9n, para conmemorar el aniversario 118 de su natalicio.<\/span><\/p>\n<p><span class=\"text1noticias\"> <\/span><\/p>\n<p><span class=\"text1noticias\">La Fundaci\u00f3n que lleva el nombre del literato coordin\u00f3 diversas actividades junto al Ministerio de Cultura (Mincult) y la Uni\u00f3n de Escritores y Artistas de Cuba (Uneac) a fin de resaltar el legado del autor de poemarios emblem\u00e1ticos como S\u00f3ngoro Cosongo y Motivos de Son.<\/span><\/p>\n<p><span class=\"text1noticias\"> <\/span><\/p>\n<p><span class=\"text1noticias\">A este tributo a uno de los mayores defensores de la identidad en la naci\u00f3n caribe\u00f1a, se suman la Agencia Suiza para el Desarrollo y la Cooperaci\u00f3n (Cosude) y las filiales de la Fundaci\u00f3n, tanto en la isla como en Rep\u00fablica Dominicana.<\/span><\/p>\n<p><span class=\"text1noticias\"> <\/span><\/p>\n<p><span class=\"text1noticias\">Seg\u00fan una nota de prensa emitida por la organizaci\u00f3n encargada de difundir y recordar la obra del Poeta Nacional, las actividades tendr\u00e1n como escenario las diferentes plataformas digitales asociadas a la Fundaci\u00f3n y a otras instituciones culturales, en aras de respetar las medidas sanitarias impuestas por la pandemia de Covid-19.<\/span><\/p>\n<p><span class=\"text1noticias\"> <\/span><\/p>\n<p><span class=\"text1noticias\">Adem\u00e1s, para este viernes se prev\u00e9 el estreno de un audiovisual basado en un proyecto art\u00edstico de la cantante cubana Osdalgia y el actor Jorge Enrique Caballero, producido por el Mincult y la Fundaci\u00f3n.<\/span><\/p>\n<p><span class=\"text1noticias\"> <\/span><\/p>\n<p><span class=\"text1noticias\">De acuerdo con el comunicado, adem\u00e1s, se dar\u00e1 continuidad a las celebraciones por los 90 a\u00f1os de Motivos de son, texto publicado por primera vez en 1930 en la secci\u00f3n Ideales de una raza, del peri\u00f3dico Diario de la Marina.<\/span><\/p>\n<p><span class=\"text1noticias\"> <\/span><\/p>\n<p><span class=\"text1noticias\">Desde principios de la actual semana, diversas publicaciones difundieron art\u00edculos que exaltan la figura de Guill\u00e9n como el blog Son D&#8217; Papel y la revista digital La Jiribilla. Mientras, en YouTube se compartieron c\u00e1psulas audiovisuales con ni\u00f1os, adolescentes y j\u00f3venes, vinculados al trabajo de la instituci\u00f3n y a la importancia de conocer y leer al Poeta Nacional.<\/span><\/p>\n<p><span class=\"text1noticias\"> <\/span><\/p>\n<p><span class=\"text1noticias\">Entre las acciones de la jornada de homenaje destacan tambi\u00e9n presentaciones en vivo, lecturas de poemas, concursos de investigaci\u00f3n y creaci\u00f3n, programas radiales y paneles virtuales, que tendr\u00e1n lugar desde la red social Facebook.<\/span><\/p>\n<p><span class=\"text1noticias\"> <\/span><\/p>\n<p><span class=\"text1noticias\">Guill\u00e9n se convirti\u00f3 en el primer galardonado con el Premio Nacional de Literatura de Cuba y en toda su creaci\u00f3n literaria reivindic\u00f3 la cultura negra dentro de los procesos de mestizaje y transculturaci\u00f3n que se dieron en el continente americano.<\/span><\/p>\n<p><span class=\"text1noticias\"> <\/span><\/p>\n<p><span class=\"text1noticias\">A su criterio, el mestizo era un rasgo distintivo de Latinoam\u00e9rica, incluso lleg\u00f3 a referirse al &#8216;color cubano&#8217;, que no era ni negro, ni blanco.<\/span><\/p>\n<p><span class=\"text1noticias\"> <\/span><\/p>\n<p><span class=\"text1noticias\">Para muchos, Guill\u00e9n devino una especie de portavoz de la fusi\u00f3n espiritual entre lo blanco y lo negro en el Caribe y Am\u00e9rica Latina, emple\u00f3 el lenguaje del pueblo sin dejar de lado la cr\u00edtica social y brind\u00f3 una perspectiva realista a sus relatos, inspirados en aut\u00e9nticos elementos hist\u00f3ric<\/span>os.<\/p>\n<\/p>\n<p>rgh\/msm<\/p>\n<h6> 2020-07-10 10:58:05 <\/h6>\n<p><!--\n<link rel=\"stylesheet\" href=\"css\/bootstrap.min.css\">\n\n\n<ul class=\"pagination\">\n\t    \n\t\n\n<li >\n\t<a href='?page_no=425'>Previous<\/a>\n\t<\/li>\n\n\n       \n    \n\n<li><a href='?page_no=1'>1<\/a><\/li>\n\n\n\n<li><a href='?page_no=2'>2<\/a><\/li>\n\n\n\n<li><a>...<\/a><\/li>\n\n\n\n<li><a href='?page_no=424'>424<\/a><\/li>\n\n\n\n<li><a href='?page_no=425'>425<\/a><\/li>\n\n\n\n<li class='active'><a>426<\/a><\/li>\n\n\n\n<li><a href='?page_no=427'>427<\/a><\/li>\n\n\n\n<li><a href='?page_no=428'>428<\/a><\/li>\n\n\n\n<li><a>...<\/a><\/li>\n\n\n\n<li><a href='?page_no=22911'>22911<\/a><\/li>\n\n\n\n<li><a href='?page_no=22912'>22912<\/a><\/li>\n\n    \n\t\n\n<li >\n\t<a href='?page_no=427'>Next<\/a>\n\t<\/li>\n\n\n    \n\n<li><a href='?page_no=22912'>Last &rsaquo;&rsaquo;<\/a><\/li>\n\n<\/ul>\n\n\n--><br \/>\n<\/body><\/p>\n","protected":false},"excerpt":{"rendered":"<p>diariodominicano.com La Habana, 10 jul (Prensa Latina) Diversas instituciones culturales rinden homenaje online hoy al Poeta Nacional de Cuba, Nicol\u00e1s Guill\u00e9n, para conmemorar el aniversario 118 de su natalicio. La Fundaci\u00f3n que lleva el nombre del literato coordin\u00f3 diversas actividades junto al Ministerio de Cultura (Mincult) y la Uni\u00f3n de Escritores y Artistas de Cuba [&hellip;]<\/p>\n","protected":false},"author":3,"featured_media":0,"comment_status":"open","ping_status":"open","sticky":false,"template":"","format":"standard","meta":{"footnotes":""},"categories":[21],"tags":[],"class_list":["post-51862","post","type-post","status-publish","format-standard","hentry","category-cultura"],"_links":{"self":[{"href":"https:\/\/diariodominicano.com\/index.php?rest_route=\/wp\/v2\/posts\/51862","targetHints":{"allow":["GET"]}}],"collection":[{"href":"https:\/\/diariodominicano.com\/index.php?rest_route=\/wp\/v2\/posts"}],"about":[{"href":"https:\/\/diariodominicano.com\/index.php?rest_route=\/wp\/v2\/types\/post"}],"author":[{"embeddable":true,"href":"https:\/\/diariodominicano.com\/index.php?rest_route=\/wp\/v2\/users\/3"}],"replies":[{"embeddable":true,"href":"https:\/\/diariodominicano.com\/index.php?rest_route=%2Fwp%2Fv2%2Fcomments&post=51862"}],"version-history":[{"count":0,"href":"https:\/\/diariodominicano.com\/index.php?rest_route=\/wp\/v2\/posts\/51862\/revisions"}],"wp:attachment":[{"href":"https:\/\/diariodominicano.com\/index.php?rest_route=%2Fwp%2Fv2%2Fmedia&parent=51862"}],"wp:term":[{"taxonomy":"category","embeddable":true,"href":"https:\/\/diariodominicano.com\/index.php?rest_route=%2Fwp%2Fv2%2Fcategories&post=51862"},{"taxonomy":"post_tag","embeddable":true,"href":"https:\/\/diariodominicano.com\/index.php?rest_route=%2Fwp%2Fv2%2Ftags&post=51862"}],"curies":[{"name":"wp","href":"https:\/\/api.w.org\/{rel}","templated":true}]}}