{"id":518607,"date":"2024-03-27T14:11:25","date_gmt":"2024-03-27T18:11:25","guid":{"rendered":"https:\/\/diariodominicano.com\/?p=518607"},"modified":"2024-03-27T20:52:39","modified_gmt":"2024-03-28T00:52:39","slug":"reynaldo-perez-sanchez-exhorta-a-la-poblacion-actuar-con-moderacion-durante-semana-santa","status":"publish","type":"post","link":"https:\/\/diariodominicano.com\/?p=518607","title":{"rendered":"Reynaldo P\u00e9rez S\u00e1nchez exhorta a la poblaci\u00f3n actuar con moderaci\u00f3n durante Semana Santa"},"content":{"rendered":"\n<p>Santo Domingo, Este.-. El presidente de la Uni\u00f3n Nacional de Empresas del Transporte (UNET), Reynaldo P\u00e9rez S\u00e1nchez (Moreno), exhort\u00f3 hoy a todos los dominicanos y dominicanas a actuar con moderaci\u00f3n durante el asueto de la Semana Santa.<\/p>\n\n\n\n<p>&nbsp;P\u00e9rez S\u00e1nchez, exhort\u00f3 a la poblaci\u00f3n dominicana actuar con \u00e9tica prudencia y servir con humildad y reflexionar sobre el sacrificio de Jes\u00fas en la cruz y disfrutar en familia.<\/p>\n\n\n\n<p>El dirigente choferil, manifest\u00f3 a la poblaci\u00f3n que respeten las recomendaciones que emiten organismos de seguridad, quienes estar\u00e1n presente en calles, avenidas y autopista del pa\u00eds, para socorrer a todas las personas que se desplazaran al interior durante la celebraci\u00f3n de la semana mayor.<\/p>\n\n\n\n<p>En un audiovisual que circula por las redes sociales, Reynaldo P\u00e9rez S\u00e1nchez (Moreno), record\u00f3 que muchos dominicanos se trasladan a las playas, r\u00edos, balnearios y monta\u00f1as para disfrutar de la naturaleza en busca del descanso junto a sus familiares, allegados y amigos.<\/p>\n\n\n\n<p>El presidente de la UNET, afirm\u00f3 que \u201cla Semana Santa es la conmemoraci\u00f3n cristiana anual de la pasi\u00f3n, muerte y resurrecci\u00f3n de Jes\u00fas de Nazaret, aquel ser extraordinario por cuyos hechos la historia del mundo se dividi\u00f3 en un antes y un despu\u00e9s\u201d.<\/p>\n\n\n\n<p>\u201cLos invito a mantenerse alejados de los extremismos, las exageraciones y descuidos que se manifiestan en el uso de alimentos y las bebidas, en los excesos de velocidad en las carreteras y en la exposici\u00f3n innecesaria en los balnearios sin debida protecci\u00f3n\u201d expres\u00f3 P\u00e9rez S\u00e1nchez.<br><br>El presidente de la UNET, Reynaldo P\u00e9rez S\u00e1nchez (Moreno), Reynaldo P\u00e9rez S\u00e1nchez (Moreno), destac\u00f3 que, la Semana Santa es un momento de reflexi\u00f3n e indic\u00f3 a aquellos que decidan trasladarse y disfrutar de los balnearios, seguir las recomendaciones tanto de la Defensa Civil como del Centro de Operaciones de Emergencias.<\/p>\n","protected":false},"excerpt":{"rendered":"<p>Santo Domingo, Este.-. El presidente de la Uni\u00f3n Nacional de Empresas del Transporte (UNET), Reynaldo P\u00e9rez S\u00e1nchez (Moreno), exhort\u00f3 hoy a todos los dominicanos y dominicanas a actuar con moderaci\u00f3n durante el asueto de la Semana Santa. &nbsp;P\u00e9rez S\u00e1nchez, exhort\u00f3 a la poblaci\u00f3n dominicana actuar con \u00e9tica prudencia y servir con humildad y reflexionar sobre [&hellip;]<\/p>\n","protected":false},"author":7,"featured_media":518819,"comment_status":"closed","ping_status":"closed","sticky":true,"template":"","format":"standard","meta":{"footnotes":""},"categories":[20,27],"tags":[],"class_list":["post-518607","post","type-post","status-publish","format-standard","has-post-thumbnail","hentry","category-dominicana-hoy","category-portada"],"_links":{"self":[{"href":"https:\/\/diariodominicano.com\/index.php?rest_route=\/wp\/v2\/posts\/518607","targetHints":{"allow":["GET"]}}],"collection":[{"href":"https:\/\/diariodominicano.com\/index.php?rest_route=\/wp\/v2\/posts"}],"about":[{"href":"https:\/\/diariodominicano.com\/index.php?rest_route=\/wp\/v2\/types\/post"}],"author":[{"embeddable":true,"href":"https:\/\/diariodominicano.com\/index.php?rest_route=\/wp\/v2\/users\/7"}],"replies":[{"embeddable":true,"href":"https:\/\/diariodominicano.com\/index.php?rest_route=%2Fwp%2Fv2%2Fcomments&post=518607"}],"version-history":[{"count":1,"href":"https:\/\/diariodominicano.com\/index.php?rest_route=\/wp\/v2\/posts\/518607\/revisions"}],"predecessor-version":[{"id":518821,"href":"https:\/\/diariodominicano.com\/index.php?rest_route=\/wp\/v2\/posts\/518607\/revisions\/518821"}],"wp:featuredmedia":[{"embeddable":true,"href":"https:\/\/diariodominicano.com\/index.php?rest_route=\/wp\/v2\/media\/518819"}],"wp:attachment":[{"href":"https:\/\/diariodominicano.com\/index.php?rest_route=%2Fwp%2Fv2%2Fmedia&parent=518607"}],"wp:term":[{"taxonomy":"category","embeddable":true,"href":"https:\/\/diariodominicano.com\/index.php?rest_route=%2Fwp%2Fv2%2Fcategories&post=518607"},{"taxonomy":"post_tag","embeddable":true,"href":"https:\/\/diariodominicano.com\/index.php?rest_route=%2Fwp%2Fv2%2Ftags&post=518607"}],"curies":[{"name":"wp","href":"https:\/\/api.w.org\/{rel}","templated":true}]}}