{"id":518604,"date":"2024-03-27T03:14:27","date_gmt":"2024-03-27T07:14:27","guid":{"rendered":"https:\/\/diariodominicano.com\/?p=518604"},"modified":"2024-03-27T03:14:27","modified_gmt":"2024-03-27T07:14:27","slug":"de-la-ghetto-consolidacion-y-exitos-en-la-escena-musical-urbana-en-lo-que-va-de-este-2024","status":"publish","type":"post","link":"https:\/\/diariodominicano.com\/?p=518604","title":{"rendered":"De La Ghetto: Consolidaci\u00f3n y \u00c9xitos en la Escena Musical Urbana en lo que va de este 2024"},"content":{"rendered":"\n<p>Miami, Florida | 26 de marzo del 2024 | De La Ghetto contin\u00faa marcando su posici\u00f3n dominante en la escena musical urbana con una serie de colaboraciones estrat\u00e9gicas y lanzamientos que destacan su versatilidad art\u00edstica y su constante presencia en la vanguardia del g\u00e9nero.<\/p>\n\n\n\n<p>\u00abTriple S\u00bb: Innovaci\u00f3n Musical Junto a J Balvin, Jowell &amp; Randy<\/p>\n\n\n\n<p>El pasado 29 de febrero, la escena musical urbana fue testigo del lanzamiento de \u00abTriple S\u00bb, una colaboraci\u00f3n explosiva entre De La Ghetto, J Balvin, y Jowell &amp; Randy. Este tema se distingue por su innovadora propuesta visual y narrativa, donde los artistas encarnan a mafiosos en un videoclip que rememora la \u00e9pica del cine cl\u00e1sico de gangsters. Esta canci\u00f3n se revela no solo como un hit en la carrera de De La Ghetto, sino tambi\u00e9n como un reflejo de su habilidad para fusionar arte y m\u00fasica de manera magistral.<\/p>\n\n\n\n<figure class=\"wp-block-gallery has-nested-images columns-default is-cropped wp-block-gallery-1 is-layout-flex wp-block-gallery-is-layout-flex\">\n<figure class=\"wp-block-image size-large\"><img loading=\"lazy\" decoding=\"async\" width=\"683\" height=\"1024\" data-id=\"518699\" src=\"https:\/\/diariodominicano.com\/wp-content\/uploads\/2024\/03\/De-La-Ghetto--683x1024.jpg\" alt=\"\" class=\"wp-image-518699\" srcset=\"https:\/\/diariodominicano.com\/wp-content\/uploads\/2024\/03\/De-La-Ghetto--683x1024.jpg 683w, https:\/\/diariodominicano.com\/wp-content\/uploads\/2024\/03\/De-La-Ghetto--200x300.jpg 200w, https:\/\/diariodominicano.com\/wp-content\/uploads\/2024\/03\/De-La-Ghetto--768x1151.jpg 768w, https:\/\/diariodominicano.com\/wp-content\/uploads\/2024\/03\/De-La-Ghetto--1025x1536.jpg 1025w, https:\/\/diariodominicano.com\/wp-content\/uploads\/2024\/03\/De-La-Ghetto--816x1223.jpg 816w, https:\/\/diariodominicano.com\/wp-content\/uploads\/2024\/03\/De-La-Ghetto-.jpg 1200w\" sizes=\"auto, (max-width: 683px) 100vw, 683px\" \/><\/figure>\n<\/figure>\n\n\n\n<p>\u00abAcho PR\u00bb: La Qu\u00edmica Musical con Bad Bunny<\/p>\n\n\n\n<p>El 10 de marzo, el lanzamiento de \u00abAcho PR\u00bb reuni\u00f3 a De La Ghetto con Bad Bunny, Arcangel, y \u00d1engo Flow en una colaboraci\u00f3n que captura la esencia de la camarader\u00eda y la creatividad en el estudio. El videoclip casero, que documenta el proceso creativo detr\u00e1s de la canci\u00f3n, evidencia la naturalidad y el esp\u00edritu genuino que De La Ghetto aporta al g\u00e9nero, sumando otro \u00e9xito a su ya destacada trayectoria.<\/p>\n\n\n\n<p>Lollapalooza 2024 y la Uni\u00f3n Hist\u00f3rica en \u00abUltra Solo Remix\u00bb<\/p>\n\n\n\n<p>El impacto de De La Ghetto en la m\u00fasica urbana se consolid\u00f3 a\u00fan m\u00e1s con su participaci\u00f3n en Lollapalooza Chile y Lollapalooza Argentina 2024, donde interpret\u00f3 \u00abUltra Solo Remix\u00bb junto a Feid, Paloma Mami, Pailita, y Polim\u00e1 Westcoast. Este evento no solo demostr\u00f3 la fuerza colaborativa entre estos exponentes del g\u00e9nero, sino que tambi\u00e9n reafirm\u00f3 el compromiso de De La Ghetto con llevar la m\u00fasica urbana a nuevos horizontes y audiencias.<\/p>\n\n\n\n<p>Lo m\u00e1s reciente: \u00ab100xCiento\u00bb &#8211; Un Viaje Musical a los 90<\/p>\n\n\n\n<p>En una emocionante nueva colaboraci\u00f3n, Eladio Carri\u00f3n, Wisin, y De La Ghetto se unen a Foreign Teck para presentar \u00ab100xCiento\u00bb, una pieza que nos transporta directamente a los a\u00f1os 90. Con la producci\u00f3n a cargo de Foreign Teck y utilizando un sample de \u00ab100%\u00bb, el cl\u00e1sico tema del rapero Big Pun que triunf\u00f3 en los 90, \u00ab100xCiento\u00bb logra capturar la esencia del trap urbano.<\/p>\n\n\n\n<p>De La Ghetto se mantiene como un pilar esencial en la m\u00fasica urbana, continuamente evolucionando y estableciendo tendencias. Su actividad art\u00edstica en 2024 refuerza su influencia y relevancia en el g\u00e9nero, prometiendo m\u00e1s innovaciones y colaboraciones en el futuro.<\/p>\n","protected":false},"excerpt":{"rendered":"<p>Miami, Florida | 26 de marzo del 2024 | De La Ghetto contin\u00faa marcando su posici\u00f3n dominante en la escena musical urbana con una serie de colaboraciones estrat\u00e9gicas y lanzamientos que destacan su versatilidad art\u00edstica y su constante presencia en la vanguardia del g\u00e9nero. \u00abTriple S\u00bb: Innovaci\u00f3n Musical Junto a J Balvin, Jowell &amp; Randy [&hellip;]<\/p>\n","protected":false},"author":7,"featured_media":518700,"comment_status":"closed","ping_status":"","sticky":true,"template":"","format":"standard","meta":{"footnotes":""},"categories":[25,27],"tags":[],"class_list":["post-518604","post","type-post","status-publish","format-standard","has-post-thumbnail","hentry","category-gente","category-portada"],"_links":{"self":[{"href":"https:\/\/diariodominicano.com\/index.php?rest_route=\/wp\/v2\/posts\/518604","targetHints":{"allow":["GET"]}}],"collection":[{"href":"https:\/\/diariodominicano.com\/index.php?rest_route=\/wp\/v2\/posts"}],"about":[{"href":"https:\/\/diariodominicano.com\/index.php?rest_route=\/wp\/v2\/types\/post"}],"author":[{"embeddable":true,"href":"https:\/\/diariodominicano.com\/index.php?rest_route=\/wp\/v2\/users\/7"}],"replies":[{"embeddable":true,"href":"https:\/\/diariodominicano.com\/index.php?rest_route=%2Fwp%2Fv2%2Fcomments&post=518604"}],"version-history":[{"count":1,"href":"https:\/\/diariodominicano.com\/index.php?rest_route=\/wp\/v2\/posts\/518604\/revisions"}],"predecessor-version":[{"id":518703,"href":"https:\/\/diariodominicano.com\/index.php?rest_route=\/wp\/v2\/posts\/518604\/revisions\/518703"}],"wp:featuredmedia":[{"embeddable":true,"href":"https:\/\/diariodominicano.com\/index.php?rest_route=\/wp\/v2\/media\/518700"}],"wp:attachment":[{"href":"https:\/\/diariodominicano.com\/index.php?rest_route=%2Fwp%2Fv2%2Fmedia&parent=518604"}],"wp:term":[{"taxonomy":"category","embeddable":true,"href":"https:\/\/diariodominicano.com\/index.php?rest_route=%2Fwp%2Fv2%2Fcategories&post=518604"},{"taxonomy":"post_tag","embeddable":true,"href":"https:\/\/diariodominicano.com\/index.php?rest_route=%2Fwp%2Fv2%2Ftags&post=518604"}],"curies":[{"name":"wp","href":"https:\/\/api.w.org\/{rel}","templated":true}]}}