{"id":518542,"date":"2024-03-26T11:21:19","date_gmt":"2024-03-26T15:21:19","guid":{"rendered":"https:\/\/diariodominicano.com\/?p=518542"},"modified":"2024-03-26T12:53:43","modified_gmt":"2024-03-26T16:53:43","slug":"sns-refuerza-hospitales-de-la-red-publica-ante-asueto-de-semana-santa","status":"publish","type":"post","link":"https:\/\/diariodominicano.com\/?p=518542","title":{"rendered":"SNS anuncia refuerza hospitales de la Red P\u00fablica ante asueto de Semana Santa"},"content":{"rendered":"\n<p>diariodominicano.com<\/p>\n\n\n\n<p>Santo Domingo, R. D.,\u200226 de marzo, 2024.-\u00a0<strong>El Servicio Nacional de Salud (SNS)<\/strong>\u00a0anunci\u00f3 que fueron reforzadas las\u00a0<strong>Emergencias<\/strong>\u00a0de los hospitales de la Red P\u00fablica, para garantizar\u00a0<strong>atenciones a la poblaci\u00f3n\u00a0<\/strong>ante posibles\u00a0<strong>eventualidades<\/strong>\u00a0que se presenten durante el asueto de\u00a0<strong>Semana Santa 2024.<\/strong><\/p>\n\n\n\n<p><strong>Mario Lama<\/strong>, director ejecutivo del SNS, inform\u00f3 que fueron activados los&nbsp;<strong>comit\u00e9s de emergencias y desastres<\/strong>, en el nivel central, as\u00ed&nbsp; como&nbsp;<strong>servicios regionales<\/strong>&nbsp;de salud y&nbsp;<strong>centros hospitalarios<\/strong>.<\/p>\n\n\n\n<p>El doctor Lama destac\u00f3 que entre las medidas adoptadas est\u00e1 la&nbsp;<strong>reorganizaci\u00f3n de los recursos humanos<\/strong>&nbsp;para incrementar el&nbsp;<strong>personal en las Emergencias<\/strong>&nbsp;y tambi\u00e9n fue fortalecida la&nbsp;<strong>seguridad<\/strong>&nbsp;en los centros de salud.<\/p>\n\n\n<div class=\"wp-block-image\">\n<figure class=\"alignleft is-resized\"><img decoding=\"async\" src=\"https:\/\/presidencia.gob.do\/sites\/default\/files\/inline-images\/1000154407.jpg\" alt=\"\" style=\"width:280px;height:auto\"\/><\/figure>\n<\/div>\n\n\n<p>Igualmente, las Emergencias tambi\u00e9n fueron abastecidas de medicamentos, insumos gastables, combustibles y agua potable, con especial \u00e9nfasis en el&nbsp;<strong>Hospital Traumatol\u00f3gico Dar\u00edo Contreras y el Ney Arias Lora<\/strong>, de Santo Domingo y&nbsp;<strong>el Profesor Juan Bosch&nbsp;<\/strong>de La Vega, para proporcionar una asistencia \u00f3ptima ante la demanda de pacientes que suele aumentar en la Semana Mayor.<\/p>\n\n\n\n<p>El doctor Lama destac\u00f3 que en estas fechas las principales causas de atenci\u00f3n son los&nbsp;<strong>accidentes de tr\u00e1nsito, intoxicaciones alimenticias y la ingesta excesiva de bebidas alcoh\u00f3licas.<\/strong><\/p>\n\n\n\n<p>En ese orden, el titular del SNS exhort\u00f3 a la poblaci\u00f3n a ser&nbsp;<strong>sensata<\/strong>&nbsp;y prevenir situaciones que luego tengan que lamentar.<\/p>\n\n\n\n<p>El SNS forma parte de las\u00a0<strong>22 instituciones de respuesta<\/strong>\u00a0que trabajan en coordinaci\u00f3n con el\u00a0<strong>Centro de Operaciones de Emergencias (COE)<\/strong>\u00a0en el operativo\u00a0<strong>\u201cConciencia por la Vida, Semana Santa 2024\u201d,<\/strong>\u00a0que inicia desde las dos de la tarde del jueves 28 hasta las seis de la tarde del domingo 31 de marzo, con el COE como vocero oficial.<\/p>\n\n\n\n<p>Fuente: Direcci\u00f3n de Estrategia y Comunicaci\u00f3n<\/p>\n\n\n\n<p>Ministerio Administrativo de la Presidencia de la Rep\u00fablica Dominicana<\/p>\n","protected":false},"excerpt":{"rendered":"<p>diariodominicano.com Santo Domingo, R. D.,\u200226 de marzo, 2024.-\u00a0El Servicio Nacional de Salud (SNS)\u00a0anunci\u00f3 que fueron reforzadas las\u00a0Emergencias\u00a0de los hospitales de la Red P\u00fablica, para garantizar\u00a0atenciones a la poblaci\u00f3n\u00a0ante posibles\u00a0eventualidades\u00a0que se presenten durante el asueto de\u00a0Semana Santa 2024. Mario Lama, director ejecutivo del SNS, inform\u00f3 que fueron activados los&nbsp;comit\u00e9s de emergencias y desastres, en el nivel [&hellip;]<\/p>\n","protected":false},"author":5,"featured_media":518543,"comment_status":"closed","ping_status":"","sticky":true,"template":"","format":"standard","meta":{"footnotes":""},"categories":[20,27],"tags":[],"class_list":["post-518542","post","type-post","status-publish","format-standard","has-post-thumbnail","hentry","category-dominicana-hoy","category-portada"],"_links":{"self":[{"href":"https:\/\/diariodominicano.com\/index.php?rest_route=\/wp\/v2\/posts\/518542","targetHints":{"allow":["GET"]}}],"collection":[{"href":"https:\/\/diariodominicano.com\/index.php?rest_route=\/wp\/v2\/posts"}],"about":[{"href":"https:\/\/diariodominicano.com\/index.php?rest_route=\/wp\/v2\/types\/post"}],"author":[{"embeddable":true,"href":"https:\/\/diariodominicano.com\/index.php?rest_route=\/wp\/v2\/users\/5"}],"replies":[{"embeddable":true,"href":"https:\/\/diariodominicano.com\/index.php?rest_route=%2Fwp%2Fv2%2Fcomments&post=518542"}],"version-history":[{"count":2,"href":"https:\/\/diariodominicano.com\/index.php?rest_route=\/wp\/v2\/posts\/518542\/revisions"}],"predecessor-version":[{"id":518549,"href":"https:\/\/diariodominicano.com\/index.php?rest_route=\/wp\/v2\/posts\/518542\/revisions\/518549"}],"wp:featuredmedia":[{"embeddable":true,"href":"https:\/\/diariodominicano.com\/index.php?rest_route=\/wp\/v2\/media\/518543"}],"wp:attachment":[{"href":"https:\/\/diariodominicano.com\/index.php?rest_route=%2Fwp%2Fv2%2Fmedia&parent=518542"}],"wp:term":[{"taxonomy":"category","embeddable":true,"href":"https:\/\/diariodominicano.com\/index.php?rest_route=%2Fwp%2Fv2%2Fcategories&post=518542"},{"taxonomy":"post_tag","embeddable":true,"href":"https:\/\/diariodominicano.com\/index.php?rest_route=%2Fwp%2Fv2%2Ftags&post=518542"}],"curies":[{"name":"wp","href":"https:\/\/api.w.org\/{rel}","templated":true}]}}