{"id":518516,"date":"2024-03-26T09:42:30","date_gmt":"2024-03-26T13:42:30","guid":{"rendered":"https:\/\/diariodominicano.com\/?p=518516"},"modified":"2024-03-26T09:42:30","modified_gmt":"2024-03-26T13:42:30","slug":"mas-de-49-mil-socorristas-en-operativo-por-semana-santa-en-dominicana","status":"publish","type":"post","link":"https:\/\/diariodominicano.com\/?p=518516","title":{"rendered":"M\u00e1s de 49 mil socorristas en Operativo por Semana Santa en Dominicana"},"content":{"rendered":"\n<p>diariodominicano.com<\/p>\n\n\n\n<p>Santo Domingo, 26 mar ( Prensa Latina) El operativo por Semana Santa \u201cConciencia por la Vida 2024\u201d, involucrar\u00e1 en Rep\u00fablica Dominicana a m\u00e1s de 49 mil socorristas y unos tres mil puestos de atenci\u00f3n, trascendi\u00f3 hoy.<\/p>\n\n\n\n<p>La informaci\u00f3n fue dada a conocer por el mandatario Luis Abinader durante LA Semanal con la Prensa, realizada en el Sal\u00f3n Las Cari\u00e1tides del Palacio Nacional.<\/p>\n\n\n\n<p>Al hablar ante los medios de comunicaci\u00f3n, Abinader sostuvo que el plan iniciar\u00e1 el jueves a partir de las 14:00, hora local, y se extender\u00e1 hasta el domingo 31 de marzo a las 18:00, hora local.<\/p>\n\n\n\n<p>Manifest\u00f3 que durante el asueto, 248 balnearios ser\u00e1n clausurados y durante el Viernes Santo estar\u00e1 prohibido el expendio de bebidas alcoh\u00f3licas.<\/p>\n\n\n\n<p>Respecto al personal que participar\u00e1 en el operativo, precis\u00f3 que ascienden a 49 mil 723 los brigadistas, m\u00e9dicos, param\u00e9dicos, militares, polic\u00edas y especialistas en b\u00fasqueda y rescate.<\/p>\n\n\n\n<p>Asimismo, habr\u00e1 tres mil 323 puestos de socorro ubicados en playas, balnearios, carreteras, autopistas y avenidas, as\u00ed como 303 Unidades de Respuesta Inmediata, 603 ambulancias y tres helic\u00f3pteros en puntos estrat\u00e9gicos.<\/p>\n\n\n\n<p>En ese mismo sentido, el jefe de Estado dijo que dispondr\u00e1n de nueve centros de mandos regionales, 51 puestos de gr\u00faas, 11 centros de atenci\u00f3n prehospitalaria, 25 puestos con carro-taller en las autopistas y las carreteras, y 23 embarcaciones.<\/p>\n\n\n\n<p>El operativo contar\u00e1 con 20 dispositivos de protecci\u00f3n y asistencia vial, 21 centros para la ubicaci\u00f3n y atenci\u00f3n de ni\u00f1as\/os extraviados, 47 autobuses y tres hospitales m\u00f3viles.<\/p>\n\n\n\n<p>El Instituto Nacional de Tr\u00e1nsito y Transporte Terrestre (Intrant) tambi\u00e9n restringir\u00e1 el horario para el traslado de mercanc\u00edas y regular\u00e1 el transporte p\u00fablico urbano e interurbano, veh\u00edculos privados, motos y establecer\u00e1 v\u00edas peatonales, por la realizaci\u00f3n de actividades nocturnas.<\/p>\n\n\n\n<p>mem\/mpv<\/p>\n","protected":false},"excerpt":{"rendered":"<p>diariodominicano.com Santo Domingo, 26 mar ( Prensa Latina) El operativo por Semana Santa \u201cConciencia por la Vida 2024\u201d, involucrar\u00e1 en Rep\u00fablica Dominicana a m\u00e1s de 49 mil socorristas y unos tres mil puestos de atenci\u00f3n, trascendi\u00f3 hoy. La informaci\u00f3n fue dada a conocer por el mandatario Luis Abinader durante LA Semanal con la Prensa, realizada [&hellip;]<\/p>\n","protected":false},"author":5,"featured_media":518517,"comment_status":"closed","ping_status":"","sticky":true,"template":"","format":"standard","meta":{"footnotes":""},"categories":[20,27],"tags":[],"class_list":["post-518516","post","type-post","status-publish","format-standard","has-post-thumbnail","hentry","category-dominicana-hoy","category-portada"],"_links":{"self":[{"href":"https:\/\/diariodominicano.com\/index.php?rest_route=\/wp\/v2\/posts\/518516","targetHints":{"allow":["GET"]}}],"collection":[{"href":"https:\/\/diariodominicano.com\/index.php?rest_route=\/wp\/v2\/posts"}],"about":[{"href":"https:\/\/diariodominicano.com\/index.php?rest_route=\/wp\/v2\/types\/post"}],"author":[{"embeddable":true,"href":"https:\/\/diariodominicano.com\/index.php?rest_route=\/wp\/v2\/users\/5"}],"replies":[{"embeddable":true,"href":"https:\/\/diariodominicano.com\/index.php?rest_route=%2Fwp%2Fv2%2Fcomments&post=518516"}],"version-history":[{"count":1,"href":"https:\/\/diariodominicano.com\/index.php?rest_route=\/wp\/v2\/posts\/518516\/revisions"}],"predecessor-version":[{"id":518518,"href":"https:\/\/diariodominicano.com\/index.php?rest_route=\/wp\/v2\/posts\/518516\/revisions\/518518"}],"wp:featuredmedia":[{"embeddable":true,"href":"https:\/\/diariodominicano.com\/index.php?rest_route=\/wp\/v2\/media\/518517"}],"wp:attachment":[{"href":"https:\/\/diariodominicano.com\/index.php?rest_route=%2Fwp%2Fv2%2Fmedia&parent=518516"}],"wp:term":[{"taxonomy":"category","embeddable":true,"href":"https:\/\/diariodominicano.com\/index.php?rest_route=%2Fwp%2Fv2%2Fcategories&post=518516"},{"taxonomy":"post_tag","embeddable":true,"href":"https:\/\/diariodominicano.com\/index.php?rest_route=%2Fwp%2Fv2%2Ftags&post=518516"}],"curies":[{"name":"wp","href":"https:\/\/api.w.org\/{rel}","templated":true}]}}