{"id":518511,"date":"2024-03-26T09:23:03","date_gmt":"2024-03-26T13:23:03","guid":{"rendered":"https:\/\/diariodominicano.com\/?p=518511"},"modified":"2024-03-26T09:23:03","modified_gmt":"2024-03-26T13:23:03","slug":"identificaran-debilidades-sistema-de-proteccion-a-ninos-dominicanos","status":"publish","type":"post","link":"https:\/\/diariodominicano.com\/?p=518511","title":{"rendered":"Identificar\u00e1n debilidades Sistema de Protecci\u00f3n a ni\u00f1os dominicanos"},"content":{"rendered":"\n<p>diariodominicano.com<\/p>\n\n\n\n<p>Santo Domingo, 26 mar ( Prensa Latina) El presidente dominicano, Luis Abinader, dispuso hoy la constituci\u00f3n de una comisi\u00f3n para velar por el mejor funcionamiento del Sistema de Protecci\u00f3n Especial de Ni\u00f1os, Ni\u00f1as y Adolescentes.<\/p>\n\n\n\n<p>Dicho grupo tendr\u00e1 la responsabilidad de proponer acciones dirigidas a la operatividad del referido Sistema, con un enfoque especial en los hogares de paso gestionados por el Consejo Nacional para la Ni\u00f1ez y la Adolescencia (Conani).<\/p>\n\n\n\n<p>Esta comisi\u00f3n, que operar\u00e1 bajo la adscripci\u00f3n administrativa del Ministerio de la Presidencia, realizar\u00e1 un diagn\u00f3stico exhaustivo del Modelo de Atenci\u00f3n Residencial de Hogares de Paso, a fin de identificar las \u00e1reas con debilidades y desarrollar propuestas para el fortalecimiento o redise\u00f1o del mismo.<\/p>\n\n\n\n<p>Adem\u00e1s, evaluar\u00e1 la cadena log\u00edstica de suministros, la gobernanza del Conani y las denuncias realizadas respecto a esta entidad, buscando optimizar los recursos y la eficacia en la protecci\u00f3n de los menores.<\/p>\n\n\n\n<p>En los primeros 60 d\u00edas a partir de su conformaci\u00f3n, la comisi\u00f3n presentar\u00e1 un diagn\u00f3stico detallado a la Presidencia de la Rep\u00fablica, seguido de un informe con recomendaciones para el tratamiento de los problemas identificados y fortalecer las acciones y planes en curso.<\/p>\n\n\n\n<p>Para asegurar el \u00e9xito de esta iniciativa, el decreto tambi\u00e9n establece que los entes y \u00f3rganos del Poder Ejecutivo proporcionar\u00e1n a la comisi\u00f3n toda la informaci\u00f3n necesaria para cumplir con sus funciones, facilitando as\u00ed un ambiente colaborativo entre diferentes sectores del Gobierno.<\/p>\n\n\n\n<p>A inicios de este mes el Conafi admiti\u00f3 las debilidades del sistema de protecci\u00f3n que administra, ante las denuncias sobre supuestos abusos y maltratos a menores.<\/p>\n\n\n\n<p>En un comunicado a medios de prensa, el Conafi asegur\u00f3 que todas las denuncias comprobadas han sido enviadas al Ministerio P\u00fablico, en tanto aclar\u00f3 que por un principio de confidencialidad no puede revelar informaci\u00f3n sobre los hechos.<\/p>\n\n\n\n<p>Reconoci\u00f3 que hay una sobrepoblaci\u00f3n de infantes en los 10 hogares de paso, quienes son remitidos a esos establecimientos por el Ministerio P\u00fablico y los tribunales tras concluir que se encuentran en una situaci\u00f3n de riesgo personal, familiar o social.<\/p>\n\n\n\n<p>Precis\u00f3 que los menores son remitidos por m\u00faltiples causas que van desde abandono, v\u00edctimas de abuso en cualquiera de sus manifestaciones, explotaci\u00f3n sexual, comercial, hasta trabajo infantil, tr\u00e1fico y trata, entre otras situaciones.<\/p>\n\n\n\n<p>Refiri\u00f3 que la mayor\u00eda de ellos presenta traumas psicol\u00f3gicos que se manifiestan en conducta negativa desafiante, trastorno de la personalidad, depresi\u00f3n, autolesiones, adicciones y s\u00edndrome de abstinencia.<\/p>\n\n\n\n<p>En las \u00faltimas semanas medios de prensa divulgaron denuncias sobre supuestos abusos a ni\u00f1os en los hogares de paso.<\/p>\n\n\n\n<p>Estas instalaciones, como su nombre lo indica, son centros de acogida temporal de ni\u00f1os y adolescentes, y su finalidad, de acuerdo con Conani, es proteger sus derechos hasta tanto se logren las condiciones de seguridad que permitan la reunificaci\u00f3n familiar.<\/p>\n\n\n\n<p>mem\/mpv<\/p>\n","protected":false},"excerpt":{"rendered":"<p>diariodominicano.com Santo Domingo, 26 mar ( Prensa Latina) El presidente dominicano, Luis Abinader, dispuso hoy la constituci\u00f3n de una comisi\u00f3n para velar por el mejor funcionamiento del Sistema de Protecci\u00f3n Especial de Ni\u00f1os, Ni\u00f1as y Adolescentes. Dicho grupo tendr\u00e1 la responsabilidad de proponer acciones dirigidas a la operatividad del referido Sistema, con un enfoque especial [&hellip;]<\/p>\n","protected":false},"author":5,"featured_media":518512,"comment_status":"closed","ping_status":"","sticky":true,"template":"","format":"standard","meta":{"footnotes":""},"categories":[20,27],"tags":[],"class_list":["post-518511","post","type-post","status-publish","format-standard","has-post-thumbnail","hentry","category-dominicana-hoy","category-portada"],"_links":{"self":[{"href":"https:\/\/diariodominicano.com\/index.php?rest_route=\/wp\/v2\/posts\/518511","targetHints":{"allow":["GET"]}}],"collection":[{"href":"https:\/\/diariodominicano.com\/index.php?rest_route=\/wp\/v2\/posts"}],"about":[{"href":"https:\/\/diariodominicano.com\/index.php?rest_route=\/wp\/v2\/types\/post"}],"author":[{"embeddable":true,"href":"https:\/\/diariodominicano.com\/index.php?rest_route=\/wp\/v2\/users\/5"}],"replies":[{"embeddable":true,"href":"https:\/\/diariodominicano.com\/index.php?rest_route=%2Fwp%2Fv2%2Fcomments&post=518511"}],"version-history":[{"count":1,"href":"https:\/\/diariodominicano.com\/index.php?rest_route=\/wp\/v2\/posts\/518511\/revisions"}],"predecessor-version":[{"id":518513,"href":"https:\/\/diariodominicano.com\/index.php?rest_route=\/wp\/v2\/posts\/518511\/revisions\/518513"}],"wp:featuredmedia":[{"embeddable":true,"href":"https:\/\/diariodominicano.com\/index.php?rest_route=\/wp\/v2\/media\/518512"}],"wp:attachment":[{"href":"https:\/\/diariodominicano.com\/index.php?rest_route=%2Fwp%2Fv2%2Fmedia&parent=518511"}],"wp:term":[{"taxonomy":"category","embeddable":true,"href":"https:\/\/diariodominicano.com\/index.php?rest_route=%2Fwp%2Fv2%2Fcategories&post=518511"},{"taxonomy":"post_tag","embeddable":true,"href":"https:\/\/diariodominicano.com\/index.php?rest_route=%2Fwp%2Fv2%2Ftags&post=518511"}],"curies":[{"name":"wp","href":"https:\/\/api.w.org\/{rel}","templated":true}]}}