{"id":518496,"date":"2024-03-26T08:38:12","date_gmt":"2024-03-26T12:38:12","guid":{"rendered":"https:\/\/diariodominicano.com\/?p=518496"},"modified":"2024-03-26T08:38:12","modified_gmt":"2024-03-26T12:38:12","slug":"ministerio-de-defensa-prodominicana-y-el-instituto-cartografico-militar-firman-acuerdo-interinstitucional-de-cooperacion","status":"publish","type":"post","link":"https:\/\/diariodominicano.com\/?p=518496","title":{"rendered":"Ministerio de Defensa, ProDominicana y el Instituto Cartogr\u00e1fico Militar firman acuerdo interinstitucional de cooperaci\u00f3n"},"content":{"rendered":"\n<p>diariodominicano.com<\/p>\n\n\n\n<p>Santo Domingo, R. D.,\u200226 de marzo, 2025.-\u2002El Centro de Exportaci\u00f3n e Inversi\u00f3n de la Rep\u00fablica Dominicana (ProDominicana) firm\u00f3 un acuerdo de cooperaci\u00f3n interinstitucional con el Ministerio de Defensa (MIDE) y el Instituto Cartogr\u00e1fico Militar (ICM), con el cual facilitar\u00e1 la integraci\u00f3n de sus servicios en el sector de las telecomunicaciones, a la Ventanilla \u00danica de Inversi\u00f3n (VUIRD), la cual agilizar\u00e1 la emisi\u00f3n de las certificaciones necesarias que permitan, entre otras cosas, la navegaci\u00f3n a\u00e9rea segura, cercana a aeropuertos y otras latitudes.<\/p>\n\n\n\n<p>Con el acuerdo se garantiza que la VIURD, un mecanismo administrativo del Estado que permite la obtenci\u00f3n de documentos, tr\u00e1mites de inversi\u00f3n nacional y extranjera incluyendo los servicios que ofrece el ICM en este proceso, para facilitar los permisos de geolocalizaci\u00f3n, autorizaci\u00f3n de licencias y certificaciones de antenas, edificaciones, helipuertos, vallas y otros elementos que puedan representar posibles obst\u00e1culos para la navegaci\u00f3n a\u00e9rea.<\/p>\n\n\n\n<p>El contrato fue suscrito por el ministro de Defensa, teniente general Carlos Luciano D\u00edaz Morfa, ERD, el director general del ICM, mayor general Rafael Antonio Carrasco Paulino y la directora ejecutiva de ProDominicana, Biviana Riveiro Disla. Se busca con el convenio fortalecer el clima de negocios en el pa\u00eds, eliminando barreras burocr\u00e1ticas, tiempos y costos asociados para la inversi\u00f3n local e internacional.<\/p>\n\n\n\n<p>El sistema cuenta con una ventanilla de atenci\u00f3n virtual al usuario, que consiste en un portal de internet que provee al inversionista la carga electr\u00f3nica de informaci\u00f3n solicitada por las instancias gubernamentales.&nbsp;<\/p>\n\n\n\n<p>Con el proyecto de la VUIRD se elimina la duplicidad de procesos, se ayuda a contar con una base de datos robusta, que permita observar el comportamiento de los negocios en el pa\u00eds, para la toma de decisiones y el desarrollo de estrategias focalizadas.&nbsp;<\/p>\n\n\n\n<p>El ICM tendr\u00e1 a su cargo la responsabilidad de la recepci\u00f3n y gesti\u00f3n de las solicitudes recibidas mediante la VUIRD, adem\u00e1s de la entrega de documentos dentro de los plazos establecidos, la capacitaci\u00f3n y asignaci\u00f3n del personal t\u00e9cnico, entre otras obligaciones.<\/p>\n\n\n\n<p>El titular del MIDE, teniente general D\u00edaz Morfa, ERD, dijo que las Fuerzas Armadas adem\u00e1s de velar por la defensa y seguridad de la naci\u00f3n, fundamentadas en valores patri\u00f3ticos, morales y \u00e9ticos, incentivan con su accionar iniciativas como la VUIRD que con su implementaci\u00f3n beneficiar\u00e1 a inversionistas nacionales y extranjeros.<\/p>\n\n\n\n<p>\u00abEsta alianza refleja nuestro compromiso compartido con la seguridad y el desarrollo sostenible del sector de las telecomunicaciones en el pa\u00eds. La certificaci\u00f3n de obst\u00e1culos en proximidad a aeropuertos y otras instalaciones aeron\u00e1uticas, es crucial para garantizar la seguridad de los vuelos y el cumplimiento de los est\u00e1ndares internacionales\u201d, puntualiz\u00f3 Biviana Riveiro, directora ejecutiva de ProDominicana.<\/p>\n\n\n\n<p>Asimismo, el director del ICM, mayor general Carrasco Paulino, agradeci\u00f3 al ministro de Defensa por dotar a la instituci\u00f3n que dirige de equipos de comunicaci\u00f3n, computadoras, software, GPS y otros instrumentos que facilitar\u00e1n ofrecer un mejor servicio a los usuarios que utilicen la Ventanilla \u00danica de Inversi\u00f3n.<\/p>\n\n\n\n<p>En la actividad estuvieron presentes por parte de ProDominicana Vladimir Pimentel, subdirector general, el director de Innovaci\u00f3n Edgar Espinal, el de Inversi\u00f3n Marcial Smester, la gerente de Servicios de Inversi\u00f3n Filgia Dom\u00ednguez, la de Relaciones Interinstitucionales Patricia Cano, la Consultora Jur\u00eddica Lina Pichardo, la coordinadora de la VUI Laura Guzm\u00e1n y Jenny Luthje, ejecutiva Ventanilla \u00danica Inversi\u00f3n, adem\u00e1s de representantes del Ministerio de Defensa y el Instituto Cartogr\u00e1fico Militar.<\/p>\n\n\n\n<p><strong>Prensa Mide<\/strong><\/p>\n\n\n\n<p><strong><em>Departamento de Prensa<\/em><\/strong><\/p>\n\n\n\n<p><em><strong>Direcci\u00f3n de Asuntos Civiles del Estado Mayor Conjunto, J5<\/strong><\/em><\/p>\n\n\n\n<p><em><strong>Ministerio de Defensa de Rep\u00fablica Dominicana<\/strong><\/em><\/p>\n","protected":false},"excerpt":{"rendered":"<p>diariodominicano.com Santo Domingo, R. D.,\u200226 de marzo, 2025.-\u2002El Centro de Exportaci\u00f3n e Inversi\u00f3n de la Rep\u00fablica Dominicana (ProDominicana) firm\u00f3 un acuerdo de cooperaci\u00f3n interinstitucional con el Ministerio de Defensa (MIDE) y el Instituto Cartogr\u00e1fico Militar (ICM), con el cual facilitar\u00e1 la integraci\u00f3n de sus servicios en el sector de las telecomunicaciones, a la Ventanilla \u00danica [&hellip;]<\/p>\n","protected":false},"author":5,"featured_media":518497,"comment_status":"closed","ping_status":"","sticky":true,"template":"","format":"standard","meta":{"footnotes":""},"categories":[20,27],"tags":[],"class_list":["post-518496","post","type-post","status-publish","format-standard","has-post-thumbnail","hentry","category-dominicana-hoy","category-portada"],"_links":{"self":[{"href":"https:\/\/diariodominicano.com\/index.php?rest_route=\/wp\/v2\/posts\/518496","targetHints":{"allow":["GET"]}}],"collection":[{"href":"https:\/\/diariodominicano.com\/index.php?rest_route=\/wp\/v2\/posts"}],"about":[{"href":"https:\/\/diariodominicano.com\/index.php?rest_route=\/wp\/v2\/types\/post"}],"author":[{"embeddable":true,"href":"https:\/\/diariodominicano.com\/index.php?rest_route=\/wp\/v2\/users\/5"}],"replies":[{"embeddable":true,"href":"https:\/\/diariodominicano.com\/index.php?rest_route=%2Fwp%2Fv2%2Fcomments&post=518496"}],"version-history":[{"count":1,"href":"https:\/\/diariodominicano.com\/index.php?rest_route=\/wp\/v2\/posts\/518496\/revisions"}],"predecessor-version":[{"id":518498,"href":"https:\/\/diariodominicano.com\/index.php?rest_route=\/wp\/v2\/posts\/518496\/revisions\/518498"}],"wp:featuredmedia":[{"embeddable":true,"href":"https:\/\/diariodominicano.com\/index.php?rest_route=\/wp\/v2\/media\/518497"}],"wp:attachment":[{"href":"https:\/\/diariodominicano.com\/index.php?rest_route=%2Fwp%2Fv2%2Fmedia&parent=518496"}],"wp:term":[{"taxonomy":"category","embeddable":true,"href":"https:\/\/diariodominicano.com\/index.php?rest_route=%2Fwp%2Fv2%2Fcategories&post=518496"},{"taxonomy":"post_tag","embeddable":true,"href":"https:\/\/diariodominicano.com\/index.php?rest_route=%2Fwp%2Fv2%2Ftags&post=518496"}],"curies":[{"name":"wp","href":"https:\/\/api.w.org\/{rel}","templated":true}]}}