{"id":51840,"date":"2020-07-11T01:17:37","date_gmt":"2020-07-11T01:17:37","guid":{"rendered":"http:\/\/diariodominicano.ddns.net\/?p=51840"},"modified":"2020-07-11T01:17:37","modified_gmt":"2020-07-11T01:17:37","slug":"diego-colon-nuevo-gobernador-de-santo-domingo-en-lugar-de-nicolas-de-ovando","status":"publish","type":"post","link":"https:\/\/diariodominicano.com\/?p=51840","title":{"rendered":"Diego Col\u00f3n nuevo gobernador de Santo Domingo en lugar de  Nicol\u00e1s de Ovando"},"content":{"rendered":"<p><body><\/p>\n<p><img decoding=\"async\" src=\"img3\/diego colon000.jpg\" \/>  <\/p>\n<p><strong>Diariodominicano.com<\/strong><\/p>\n<p><strong>En el momento que lleg\u00f3 a la ciudad de Santo Domingo hab\u00eda dificultades para conseguir mano de obra, porque  la poblaci\u00f3n aborigen estaba diezmada por las enfermedades y los maltratos de los colonizadores.<\/strong><\/p>\n<p><strong>Diego Col\u00f3n nuevo gobernador de Santo Domingo en lugar de  Nicol\u00e1s de Ovando <\/strong><\/p>\n<p><strong>Por H\u00e9ctor Tineo Nolasco<\/strong><\/p>\n<p><strong>Diariodominicano.com<\/strong><\/p>\n<p><strong>SANTO DOMINGO,<\/strong> el  11 de julio de 1509, lleg\u00f3 a la colonia de espa\u00f1ola de Santo Domingo, el nuevo gobernador, Diego Col\u00f3n, nombrado por la corona en sustituci\u00f3n de Nicol\u00e1s de Ovando.<\/p>\n<\/p>\n<p>   \tEn el momento que lleg\u00f3 a la ciudad de Santo Domingo hab\u00eda dificultades para conseguir mano de obra, porque  la poblaci\u00f3n aborigen estaba diezmada por las enfermedades y los maltratos de los colonizadores.<\/p>\n<\/p>\n<p>    \tUn censo de 1508, estableci\u00f3 que s\u00f3lo quedaban 60 mil abor\u00edgenes de alrededor de 400 mil que hab\u00eda  cuando Crist\u00f3bal Col\u00f3n y su comitiva llegaron a la isla de Santo Domingo, el  d\u00eda 5 de diciembre de 1492.<\/p>\n<\/p>\n<p>    \tEl  11 de julio de 1509, cuando  Diego Col\u00f3n sustituy\u00f3 a Nicol\u00e1s de Ovando,  la atenci\u00f3n de los habitantes de la Espa\u00f1ola se centraba  en la manera de conseguir nativos  para obligarlos a trabajar en las minas.<\/p>\n<\/p>\n<p>    \tEn cambio, los que ten\u00edan abor\u00edgenes se las arreglaban para evitar que el Gobernador se los quitara y se los entregara a otros propietarios.<\/p>\n<\/p>\n<p>    \tDiego Col\u00f3n, en cambio se dedic\u00f3 a hacer valer, en su provecho,  los privilegios que correspond\u00edan a su padre Crist\u00f3bal Col\u00f3n, en virtud de las Capitulaciones de Santa Fe, lo que enfrent\u00f3 su administraci\u00f3n con  la Monarqu\u00eda Espa\u00f1ola y los colonos de Santo Domingo.<\/p>\n<\/p>\n<p>    En el a\u00f1o 1508,  la Monarqu\u00eda, como medida preventiva, ante la sospecha de que Diego Col\u00f3n tratara de obrar conforme sus intereses personales, design\u00f3 a Miguel de Pasamonte, como Tesorero General de las Indias, a fin de que sirviera de elemento de control en la administraci\u00f3n de los intereses reales.<\/p>\n<\/p>\n<p>    \tEl historiador Frank Moya Pons, en su obra Manual de Historia Dominicana, novena edici\u00f3n actualizada, anota que las pugnas que surgieron, mayormente por la apropiaci\u00f3n y posesi\u00f3n de los abor\u00edgenes, terminaron enemistando  a Diego Col\u00f3n con los m\u00e1s importantes encomenderos y colonos que ve\u00edan en el Gobernador una amenaza para sus intereses y los de la Monarqu\u00eda, que no perd\u00eda de vista que el hijo de Crist\u00f3bal Col\u00f3n, actuaba como un encomendero y no como el representante de la Corona.<\/p>\n<\/p>\n<p>   \tLas acciones del Gobernador Diego Col\u00f3n motivaron que Espa\u00f1a creara un tribunal de apelaci\u00f3n para que las decisiones del funcionario  no fuesen absolutas y los agraviados, a quienes el Gobernador les quitara los ind\u00edgenas pudieran apelar a otra instancia para modificar las decisiones.<\/p>\n<\/p>\n<p>   \tEn consecuencia, el tribunal denominado Real Audiencia, se convirti\u00f3 en un mecanismo para controlar el poder del Gobernador Diego Col\u00f3n.<\/p>\n<h6> 2020-07-11 01:17:37 <\/h6>\n<p><!--\n<link rel=\"stylesheet\" href=\"css\/bootstrap.min.css\">\n\n\n<ul class=\"pagination\">\n\t    \n\t\n\n<li >\n\t<a href='?page_no=423'>Previous<\/a>\n\t<\/li>\n\n\n       \n    \n\n<li><a href='?page_no=1'>1<\/a><\/li>\n\n\n\n<li><a href='?page_no=2'>2<\/a><\/li>\n\n\n\n<li><a>...<\/a><\/li>\n\n\n\n<li><a href='?page_no=422'>422<\/a><\/li>\n\n\n\n<li><a href='?page_no=423'>423<\/a><\/li>\n\n\n\n<li class='active'><a>424<\/a><\/li>\n\n\n\n<li><a href='?page_no=425'>425<\/a><\/li>\n\n\n\n<li><a href='?page_no=426'>426<\/a><\/li>\n\n\n\n<li><a>...<\/a><\/li>\n\n\n\n<li><a href='?page_no=22911'>22911<\/a><\/li>\n\n\n\n<li><a href='?page_no=22912'>22912<\/a><\/li>\n\n    \n\t\n\n<li >\n\t<a href='?page_no=425'>Next<\/a>\n\t<\/li>\n\n\n    \n\n<li><a href='?page_no=22912'>Last &rsaquo;&rsaquo;<\/a><\/li>\n\n<\/ul>\n\n\n--><br \/>\n<\/body><\/p>\n","protected":false},"excerpt":{"rendered":"<p>Diariodominicano.com En el momento que lleg\u00f3 a la ciudad de Santo Domingo hab\u00eda dificultades para conseguir mano de obra, porque la poblaci\u00f3n aborigen estaba diezmada por las enfermedades y los maltratos de los colonizadores. Diego Col\u00f3n nuevo gobernador de Santo Domingo en lugar de Nicol\u00e1s de Ovando Por H\u00e9ctor Tineo Nolasco Diariodominicano.com SANTO DOMINGO, el [&hellip;]<\/p>\n","protected":false},"author":3,"featured_media":0,"comment_status":"open","ping_status":"open","sticky":false,"template":"","format":"standard","meta":{"footnotes":""},"categories":[21],"tags":[],"class_list":["post-51840","post","type-post","status-publish","format-standard","hentry","category-cultura"],"_links":{"self":[{"href":"https:\/\/diariodominicano.com\/index.php?rest_route=\/wp\/v2\/posts\/51840","targetHints":{"allow":["GET"]}}],"collection":[{"href":"https:\/\/diariodominicano.com\/index.php?rest_route=\/wp\/v2\/posts"}],"about":[{"href":"https:\/\/diariodominicano.com\/index.php?rest_route=\/wp\/v2\/types\/post"}],"author":[{"embeddable":true,"href":"https:\/\/diariodominicano.com\/index.php?rest_route=\/wp\/v2\/users\/3"}],"replies":[{"embeddable":true,"href":"https:\/\/diariodominicano.com\/index.php?rest_route=%2Fwp%2Fv2%2Fcomments&post=51840"}],"version-history":[{"count":0,"href":"https:\/\/diariodominicano.com\/index.php?rest_route=\/wp\/v2\/posts\/51840\/revisions"}],"wp:attachment":[{"href":"https:\/\/diariodominicano.com\/index.php?rest_route=%2Fwp%2Fv2%2Fmedia&parent=51840"}],"wp:term":[{"taxonomy":"category","embeddable":true,"href":"https:\/\/diariodominicano.com\/index.php?rest_route=%2Fwp%2Fv2%2Fcategories&post=51840"},{"taxonomy":"post_tag","embeddable":true,"href":"https:\/\/diariodominicano.com\/index.php?rest_route=%2Fwp%2Fv2%2Ftags&post=51840"}],"curies":[{"name":"wp","href":"https:\/\/api.w.org\/{rel}","templated":true}]}}