{"id":518369,"date":"2024-03-25T22:29:41","date_gmt":"2024-03-26T02:29:41","guid":{"rendered":"https:\/\/diariodominicano.com\/?p=518369"},"modified":"2024-03-25T22:30:13","modified_gmt":"2024-03-26T02:30:13","slug":"club-villa-faro-concluye-su-semana-de-actividades-por-el-52-aniversario","status":"publish","type":"post","link":"https:\/\/diariodominicano.com\/?p=518369","title":{"rendered":"Club Villa Faro Concluye Su Semana De Actividades por El 52 Aniversario"},"content":{"rendered":"\n<p>Por:&nbsp;<strong>Carmen Omaira Saro<\/strong><\/p>\n\n\n\n<p><strong>Santo Domingo Este, RD.<\/strong>&nbsp;El Club Deportivo y Cultural Villa Faro concluy\u00f3 ayer su 52 Semana Aniversario con juegos deportivos, marcha por la construcci\u00f3n de su polideportivo con el Batton Ballets de la Casa de Cultura de Cristo Rey, y un gran acto cultural con la participaci\u00f3n de su Escuela de M\u00fasica, Escuela de Canto y los grupos art\u00edsticos del Ayuntamiento Santo Domingo Este, ASDE.<\/p>\n\n\n\n<p><strong>Entrega de reconocimiento&nbsp;<\/strong><\/p>\n\n\n\n<p>Con motivo del 52 aniversario, dedicado al expresidente Fernelys Santana Moquete, la directiva del Club Villa Faro, su Casa De Cultura y el Consejo de Cultura de Villa Faro, conformado por los Presidentes de Juntas de Vecinos y OCB\u00b4s, entregaron una placa de reconocimiento al Alcalde Manuel Jimenez por el gran apoyo de su gesti\u00f3n al Club y a la Casa de Cultura de Villa Faro.<\/p>\n\n\n\n<p>El Alcalde Manuel Jimenez, expres\u00f3: \u201cAgradezco de manera especial a la directiva del Club Villa Faro por este significativo reconocimiento que me otorgan. Nunca he trabajado y ayudado a las organizaciones que s\u00ed trabajan para que se me reconozca, presto la ayuda a mi alcance por convicci\u00f3n, siempre estar\u00e9 orgulloso del trabajo de fortalecimiento de los clubes socio culturales y deportivo durante mi alcald\u00eda, y siempre donde quiera que este, aportar\u00e9 al desarrollo y fortalecimiento de los clubes como uno de los mejores instrumentos formativos de nuestra juventud.<\/p>\n\n\n\n<p><strong>Un Club Comprometido Con La Identidad Barrial<\/strong><\/p>\n\n\n\n<p>Juan Carlos Saro actual Presidente del Club, valor\u00f3, adem\u00e1s, el rol que le ha tocado por 52 a\u00f1os jugar al Club Villa Faro al servicio de la comunidad, estableci\u00f3 que los aportes del club en el \u00e1rea social, deportiva, recreativa y cultural han desempe\u00f1ado un gran acervo positivo incalculable, para Villa Faro y las comunidades vecinas, en ciento de miles de horas de trabajos voluntarios con miles de ni\u00f1os, adolescentes y j\u00f3venes formados en valores sin que esto cuente con las ayudas requeridas de los Ministerios de Deportes y Cultura.&nbsp;<\/p>\n\n\n\n<p>Dijo que como Villafarense siente admiraci\u00f3n y respeto por todos los expresidentes, sus presentes y pasados directivos, por entender que siempre han estado al servicio de las mejores causas y en defensa de los mejores intereses de la comunidad y por un \u201cVilla Faro Mejor\u201d. De ah\u00ed que fueron reconocidos 52 miembros activos y pasivos, por sus aportes a la identidad barrial.<\/p>\n\n\n\n<p><strong>Acto Cultural<\/strong><\/p>\n\n\n\n<p>La Escuela de M\u00fasica Maestro Francisco Frias, dio inicio e introdujo la parte art\u00edstica y cultural, los J\u00f3venes Junior y Richardson interpretaron una hermosa balada con el acompa\u00f1amiento a piano, la Solista Margarita Dilone deleit\u00f3 a los presentes con dos hermosa canciones, el Maestro Jonathan Medina interpret\u00f3 la balada \u201cPor Amor\u201d en saxof\u00f3n con el acompa\u00f1amiento del maestro Israel Domingo Fr\u00edas en la bater\u00eda y el joven estudiante Carlos Guillermo Frias en el piano.<\/p>\n\n\n\n<p>Por el Ayuntamiento estuvieron participaci\u00f3n en el acto cultural su ballet Folcl\u00f3rico, el grupo de Palos y Atabales \u201cLos Paretos\u201d de San Jose De Mandinga, quienes interpretaron varias salves a ritmo de atabales, que fueron bien acogidas y bailadas por los presentes y el Conjunto T\u00edpico \u201cPerico Ripiao\u201d de la Asociaci\u00f3n Dominicana de M\u00fasica T\u00edpica, que prendi\u00f3 en fiesta y celebraci\u00f3n y puso a bailar a todos los presentes.<\/p>\n\n\n\n<p>Felipe Medrano gestor social y cultural, agradeci\u00f3 a toda la comunidad por brindar un respaldo sin precedentes al 52 aniversario del Club Villa Faro, agradeci\u00f3 tambi\u00e9n la integraci\u00f3n de los dem\u00e1s directivos Carmen Saro, Patria Deveaux, Sijo Rosario, Andres Deveaux, Henry Rodriguez, Juan Carlos Lina y las tareas realizadas en todos los aspectos organizativos que han permitido culminar con gran asistencia cada una de las actividades deportivas y culturales.<\/p>\n\n\n\n<p>Agradeci\u00f3 por \u00faltimo a la Casa de Cultura de Cristo Rey y a Tony Estrella del Circuito Nacional de Casa De Cultura por la presentaci\u00f3n y el apoyo a la marcha por el Polideportivo prometido por el Presidente Luis Abinader a la Comunidad de Villa Faro. Destac\u00f3 la integraci\u00f3n de la directiva y cada uno de los equipos de trabajo que componen los estamentos org\u00e1nicos del Club. \u201cHa sido un gran trabajo en equipo. Gracias a esta integraci\u00f3n hoy podemos concluir con \u00e9xito una semana de actividades\u201d.&nbsp;&nbsp;<\/p>\n","protected":false},"excerpt":{"rendered":"<p>Por:&nbsp;Carmen Omaira Saro Santo Domingo Este, RD.&nbsp;El Club Deportivo y Cultural Villa Faro concluy\u00f3 ayer su 52 Semana Aniversario con juegos deportivos, marcha por la construcci\u00f3n de su polideportivo con el Batton Ballets de la Casa de Cultura de Cristo Rey, y un gran acto cultural con la participaci\u00f3n de su Escuela de M\u00fasica, Escuela [&hellip;]<\/p>\n","protected":false},"author":28,"featured_media":518370,"comment_status":"closed","ping_status":"","sticky":true,"template":"","format":"standard","meta":{"footnotes":""},"categories":[21,36,26,25],"tags":[],"class_list":["post-518369","post","type-post","status-publish","format-standard","has-post-thumbnail","hentry","category-cultura","category-hombresmujeresycosas","category-efemerides","category-gente"],"_links":{"self":[{"href":"https:\/\/diariodominicano.com\/index.php?rest_route=\/wp\/v2\/posts\/518369","targetHints":{"allow":["GET"]}}],"collection":[{"href":"https:\/\/diariodominicano.com\/index.php?rest_route=\/wp\/v2\/posts"}],"about":[{"href":"https:\/\/diariodominicano.com\/index.php?rest_route=\/wp\/v2\/types\/post"}],"author":[{"embeddable":true,"href":"https:\/\/diariodominicano.com\/index.php?rest_route=\/wp\/v2\/users\/28"}],"replies":[{"embeddable":true,"href":"https:\/\/diariodominicano.com\/index.php?rest_route=%2Fwp%2Fv2%2Fcomments&post=518369"}],"version-history":[{"count":1,"href":"https:\/\/diariodominicano.com\/index.php?rest_route=\/wp\/v2\/posts\/518369\/revisions"}],"predecessor-version":[{"id":518371,"href":"https:\/\/diariodominicano.com\/index.php?rest_route=\/wp\/v2\/posts\/518369\/revisions\/518371"}],"wp:featuredmedia":[{"embeddable":true,"href":"https:\/\/diariodominicano.com\/index.php?rest_route=\/wp\/v2\/media\/518370"}],"wp:attachment":[{"href":"https:\/\/diariodominicano.com\/index.php?rest_route=%2Fwp%2Fv2%2Fmedia&parent=518369"}],"wp:term":[{"taxonomy":"category","embeddable":true,"href":"https:\/\/diariodominicano.com\/index.php?rest_route=%2Fwp%2Fv2%2Fcategories&post=518369"},{"taxonomy":"post_tag","embeddable":true,"href":"https:\/\/diariodominicano.com\/index.php?rest_route=%2Fwp%2Fv2%2Ftags&post=518369"}],"curies":[{"name":"wp","href":"https:\/\/api.w.org\/{rel}","templated":true}]}}