{"id":518334,"date":"2024-03-25T15:42:24","date_gmt":"2024-03-25T19:42:24","guid":{"rendered":"https:\/\/diariodominicano.com\/?p=518334"},"modified":"2024-03-25T15:42:24","modified_gmt":"2024-03-25T19:42:24","slug":"ciudad-dominicana-de-montecristi-unida-para-siempre-a-cuba","status":"publish","type":"post","link":"https:\/\/diariodominicano.com\/?p=518334","title":{"rendered":"Ciudad dominicana de Montecristi unida para siempre a Cuba"},"content":{"rendered":"\n<p>Montecristi, Rep\u00fablica Dominicana, 25 mar (Prensa Latina) En la Casa M\u00e1ximo G\u00f3mez, donde los patriotas Jos\u00e9 Mart\u00ed y el General\u00edsimo suscribieron el Manifiesto de Montecristi un d\u00eda como hoy hace 129 a\u00f1os, confluyeron cubanos y dominicanos para acu\u00f1ar las relaciones hist\u00f3ricas entre los dos pueblos.<\/p>\n\n\n\n<ul class=\"wp-block-list\">\n<li><a href=\"https:\/\/www.prensa-latina.cu\/2024\/03\/25\/\"><time>marzo 25, 2024 | 15:18<\/time><\/a><\/li>\n<\/ul>\n\n\n\n<p>Miembros de la Campa\u00f1a Dominicana de Solidaridad con Cuba, diplom\u00e1ticos de esa naci\u00f3n caribe\u00f1a y sus familiares, y una representaci\u00f3n de la Asociaci\u00f3n de Cubanos Residentes M\u00e1ximo G\u00f3mez, entre otros invitados, asistieron a este encuentro con la historia, encabezado por el embajador de Cuba en este pa\u00eds, \u00c1ngel Arzuaga.<\/p>\n\n\n\n<p>Entre m\u00fasica, poes\u00eda, an\u00e9cdotas y reflexiones, varios oradores destacaron la significaci\u00f3n hist\u00f3rica de la firma del Manifiesto de Montecristi en la modesta residencia del dominicano-cubano, en un puro gesto de amor y con las ansias de independencia de dos grandes de Am\u00e9rica, como se\u00f1al\u00f3 el historiador Luis de Le\u00f3n.<\/p>\n\n\n\n<p>En la ocasi\u00f3n, los presentes colocaron una ofrenda floral junto a los bustos de M\u00e1ximo G\u00f3mez (1836-1905) y Jos\u00e9 Mart\u00ed (1853-1895) y las banderas de las dos naciones, en el patio exterior de la hoy Casa-Museo, en la costa norte dominicana, frente a las aguas del Atl\u00e1ntico.<\/p>\n\n\n\n<p>Para los cubanos y dominicanos es inolvidable la visita a la Casa de Montecristi, reconstruida bajo el gobierno del presidente Leonel Fern\u00e1ndez, donde impresiona pensar en el instante en que en una de sus salas dos grandes hombres unidos en sentimiento y responsabilidades firmaron el documento que constitu\u00eda el programa de la Revoluci\u00f3n.<\/p>\n\n\n\n<p>En sus \u201cP\u00e1ginas dominicanas sobre la vida de Jos\u00e9 Mart\u00ed\u201d su amigo Federico Henr\u00edquez y Carvajal escribi\u00f3: \u201cMontecristi estaba predestinado a un papel hist\u00f3rico en la vida y la obra revolucionaria asumida por el Ap\u00f3stol de la causa cubana\u2026\u00bb.<\/p>\n\n\n\n<p>Y es que en tres ocasiones entre 1891 y 1895, el h\u00e9roe de la independencia de Cuba visit\u00f3, en circunstancias peligrosas y dif\u00edciles, la ciudad dominicana para las reuniones preparatorias de la nueva guerra independentista.<\/p>\n\n\n\n<p>El Manifiesto fue una respuesta de los independentistas cubanos al colonialismo espa\u00f1ol, a solo un mes del inicio de la tercera y \u00faltima guerra por la soberan\u00eda de Cuba.<\/p>\n\n\n\n<p>El hist\u00f3rico documento deja ver las razones por las cuales el pueblo se lanz\u00f3 a la lucha y precisa que la guerra no se libra contra los espa\u00f1oles, sino contra el yugo colonial imperante en la isla desde los tiempos de la conquista.<\/p>\n\n\n\n<p>npg\/mpv<\/p>\n","protected":false},"excerpt":{"rendered":"<p>Montecristi, Rep\u00fablica Dominicana, 25 mar (Prensa Latina) En la Casa M\u00e1ximo G\u00f3mez, donde los patriotas Jos\u00e9 Mart\u00ed y el General\u00edsimo suscribieron el Manifiesto de Montecristi un d\u00eda como hoy hace 129 a\u00f1os, confluyeron cubanos y dominicanos para acu\u00f1ar las relaciones hist\u00f3ricas entre los dos pueblos. Miembros de la Campa\u00f1a Dominicana de Solidaridad con Cuba, diplom\u00e1ticos [&hellip;]<\/p>\n","protected":false},"author":28,"featured_media":518335,"comment_status":"closed","ping_status":"","sticky":false,"template":"","format":"standard","meta":{"footnotes":""},"categories":[36,26],"tags":[],"class_list":["post-518334","post","type-post","status-publish","format-standard","has-post-thumbnail","hentry","category-hombresmujeresycosas","category-efemerides"],"_links":{"self":[{"href":"https:\/\/diariodominicano.com\/index.php?rest_route=\/wp\/v2\/posts\/518334","targetHints":{"allow":["GET"]}}],"collection":[{"href":"https:\/\/diariodominicano.com\/index.php?rest_route=\/wp\/v2\/posts"}],"about":[{"href":"https:\/\/diariodominicano.com\/index.php?rest_route=\/wp\/v2\/types\/post"}],"author":[{"embeddable":true,"href":"https:\/\/diariodominicano.com\/index.php?rest_route=\/wp\/v2\/users\/28"}],"replies":[{"embeddable":true,"href":"https:\/\/diariodominicano.com\/index.php?rest_route=%2Fwp%2Fv2%2Fcomments&post=518334"}],"version-history":[{"count":1,"href":"https:\/\/diariodominicano.com\/index.php?rest_route=\/wp\/v2\/posts\/518334\/revisions"}],"predecessor-version":[{"id":518337,"href":"https:\/\/diariodominicano.com\/index.php?rest_route=\/wp\/v2\/posts\/518334\/revisions\/518337"}],"wp:featuredmedia":[{"embeddable":true,"href":"https:\/\/diariodominicano.com\/index.php?rest_route=\/wp\/v2\/media\/518335"}],"wp:attachment":[{"href":"https:\/\/diariodominicano.com\/index.php?rest_route=%2Fwp%2Fv2%2Fmedia&parent=518334"}],"wp:term":[{"taxonomy":"category","embeddable":true,"href":"https:\/\/diariodominicano.com\/index.php?rest_route=%2Fwp%2Fv2%2Fcategories&post=518334"},{"taxonomy":"post_tag","embeddable":true,"href":"https:\/\/diariodominicano.com\/index.php?rest_route=%2Fwp%2Fv2%2Ftags&post=518334"}],"curies":[{"name":"wp","href":"https:\/\/api.w.org\/{rel}","templated":true}]}}