{"id":518205,"date":"2024-03-25T11:01:02","date_gmt":"2024-03-25T15:01:02","guid":{"rendered":"https:\/\/diariodominicano.com\/?p=518205"},"modified":"2024-03-25T11:42:49","modified_gmt":"2024-03-25T15:42:49","slug":"uasd-e-inafocam-concluyen-diplomado-en-musica-popular-dominicana-y-caribena","status":"publish","type":"post","link":"https:\/\/diariodominicano.com\/?p=518205","title":{"rendered":"UASD e INAFOCAM concluyen Diplomado en M\u00fasica Popular Dominicana y Caribe\u00f1a"},"content":{"rendered":"\n<p>diariodominicano.com<\/p>\n\n\n\n<p>Santo Domingo, R. D.,\u200225 de marzo, 2024.-\u2002La Universidad Aut\u00f3noma de Santo Domingo (UASD),\u00a0 a trav\u00e9s de su Facultad de Artes, y en coordinaci\u00f3n con el Instituto Nacional de Formaci\u00f3n y Capacitaci\u00f3n del Magisterio (Inafocam), concluyeron la primera versi\u00f3n del diplomado en \u00abM\u00fasica Popular Dominicana y Caribe\u00f1a\u201d.<\/p>\n\n\n\n<p>El acto de entrega de certificados fue encabezado por los vicerrectores Docente, Wilson Mej\u00eda, de Investigaci\u00f3n y Postgrado, Radham\u00e9s Silverio; la decana de la Facultad de Artes,&nbsp; Arelis Subero y la maestra Susana Do\u00f1\u00e9, encargada de Formaci\u00f3n Continua del Inafocam.<\/p>\n\n\n\n<p>Al dirigirse a los presentes en la ceremonia, el maestro Silverio felicit\u00f3 a quienes hicieron posible tan importante logro acad\u00e9mico, al tiempo que invit\u00f3 a los presentes a seguir ampliando sus conocimientos en tan importante disciplina cient\u00edfica, como es el mundo del arte y sus distintas expresiones.<\/p>\n\n\n\n<p>Silverio se\u00f1al\u00f3 adem\u00e1s que el diplomado en M\u00fasica Popular Dominicana y Caribe\u00f1a tuvo una duraci\u00f3n de 11 semanas y concedi\u00f3 a los participantes un total de 12 cr\u00e9ditos acad\u00e9micos a ser utilizados en diferentes programas de formaci\u00f3n educativa, afines con las artes.<\/p>\n\n\n\n<p>De su lado, la maestra Subero destac\u00f3 el empe\u00f1o y dedicaci\u00f3n de cada uno de los capacitadores del diplomado, al igual que de los 150 maestros que adquirieron nuevos conocimientos en torno a la m\u00fasica popular.<\/p>\n\n\n\n<p>\u00abAl momento de asumir el decanato de Artes nuestro primer acercamiento fue con el Inafocam, hoy cosechamos los frutos de esa visita que nos ha permitido estrechar v\u00ednculos con tan importante instituci\u00f3n acad\u00e9mica\u00bb, resalt\u00f3 la decana.<\/p>\n\n\n\n<p>Mientras que la maestra Do\u00f1\u00e9 agradeci\u00f3 a las autoridades universitarias por integrar al Inafocam en tan importante iniciativa de capacitaci\u00f3n magisterial.<\/p>\n\n\n\n<p>Agreg\u00f3 que el Inafocam mantiene sus puertas abiertas para la UASD y sus planes de formaci\u00f3n continuada encaminados a fortalecer la calidad del sistema de educaci\u00f3n superior universitario.<\/p>\n\n\n\n<p>El acto de clausura del diplomado se llev\u00f3 a cabo en el auditorio de la Facultad de Artes de la Primada de Am\u00e9rica.<\/p>\n\n\n\n<p><strong><u>Pies de fotos<\/u><\/strong><\/p>\n\n\n\n<p>1-El vicerrector de Investigaci\u00f3n y Postgrado de la UASD, maestro Radham\u00e9s Silverio se dirige a los presentes en la clausura del diplomado \u00abM\u00fasica Popular Dominicana y Caribe\u00f1a.<\/p>\n\n\n\n<p>La decana de la FA de la UASD, maestra Arelis Subero durante su discurso en la&nbsp;clausura del diplomado \u00abM\u00fasica Popular Dominicana y Caribe\u00f1a.<\/p>\n\n\n\n<p>La maestra Susana Do\u00f1\u00e9, encargada de Formaci\u00f3n Continua del Inafocam, durante su disertaci\u00f3n en la clausura del diplomado \u00abM\u00fasica Popular Dominicana y Caribe\u00f1a.<\/p>\n\n\n\n<p>Relaciones P\u00fablicas<\/p>\n\n\n\n<p><a href=\"mailto:relacionespublicas@uasd.edu.do\" target=\"_blank\" rel=\"noreferrer noopener\">relacionespublicas@uasd.edu.d<\/a>o<\/p>\n","protected":false},"excerpt":{"rendered":"<p>diariodominicano.com Santo Domingo, R. D.,\u200225 de marzo, 2024.-\u2002La Universidad Aut\u00f3noma de Santo Domingo (UASD),\u00a0 a trav\u00e9s de su Facultad de Artes, y en coordinaci\u00f3n con el Instituto Nacional de Formaci\u00f3n y Capacitaci\u00f3n del Magisterio (Inafocam), concluyeron la primera versi\u00f3n del diplomado en \u00abM\u00fasica Popular Dominicana y Caribe\u00f1a\u201d. El acto de entrega de certificados fue encabezado [&hellip;]<\/p>\n","protected":false},"author":5,"featured_media":518206,"comment_status":"closed","ping_status":"","sticky":true,"template":"","format":"standard","meta":{"footnotes":""},"categories":[20,27],"tags":[],"class_list":["post-518205","post","type-post","status-publish","format-standard","has-post-thumbnail","hentry","category-dominicana-hoy","category-portada"],"_links":{"self":[{"href":"https:\/\/diariodominicano.com\/index.php?rest_route=\/wp\/v2\/posts\/518205","targetHints":{"allow":["GET"]}}],"collection":[{"href":"https:\/\/diariodominicano.com\/index.php?rest_route=\/wp\/v2\/posts"}],"about":[{"href":"https:\/\/diariodominicano.com\/index.php?rest_route=\/wp\/v2\/types\/post"}],"author":[{"embeddable":true,"href":"https:\/\/diariodominicano.com\/index.php?rest_route=\/wp\/v2\/users\/5"}],"replies":[{"embeddable":true,"href":"https:\/\/diariodominicano.com\/index.php?rest_route=%2Fwp%2Fv2%2Fcomments&post=518205"}],"version-history":[{"count":2,"href":"https:\/\/diariodominicano.com\/index.php?rest_route=\/wp\/v2\/posts\/518205\/revisions"}],"predecessor-version":[{"id":518219,"href":"https:\/\/diariodominicano.com\/index.php?rest_route=\/wp\/v2\/posts\/518205\/revisions\/518219"}],"wp:featuredmedia":[{"embeddable":true,"href":"https:\/\/diariodominicano.com\/index.php?rest_route=\/wp\/v2\/media\/518206"}],"wp:attachment":[{"href":"https:\/\/diariodominicano.com\/index.php?rest_route=%2Fwp%2Fv2%2Fmedia&parent=518205"}],"wp:term":[{"taxonomy":"category","embeddable":true,"href":"https:\/\/diariodominicano.com\/index.php?rest_route=%2Fwp%2Fv2%2Fcategories&post=518205"},{"taxonomy":"post_tag","embeddable":true,"href":"https:\/\/diariodominicano.com\/index.php?rest_route=%2Fwp%2Fv2%2Ftags&post=518205"}],"curies":[{"name":"wp","href":"https:\/\/api.w.org\/{rel}","templated":true}]}}