{"id":518199,"date":"2024-03-25T10:32:17","date_gmt":"2024-03-25T14:32:17","guid":{"rendered":"https:\/\/diariodominicano.com\/?p=518199"},"modified":"2024-03-25T10:32:17","modified_gmt":"2024-03-25T14:32:17","slug":"ministerio-de-hacienda-y-directores-del-grupo-bid-recorren-programas-y-proyectos-emblematicos-de-accion-climatica-en-el-pais","status":"publish","type":"post","link":"https:\/\/diariodominicano.com\/?p=518199","title":{"rendered":"Ministerio de Hacienda y directores del Grupo BID recorren programas y proyectos emblem\u00e1ticos de acci\u00f3n clim\u00e1tica en el pa\u00eds"},"content":{"rendered":"\n<p>diariodominicano.com<\/p>\n\n\n\n<p>Santo Domingo, R. D., 25 de marzo, 2024.-\u00a0<strong>El Ministerio de Hacienda<\/strong>\u00a0recibi\u00f3 una delegaci\u00f3n de\u00a0<strong>directores ejecutivos del Grupo BID<\/strong>, con quienes realiz\u00f3 un\u00a0<strong>recorrido\u00a0<\/strong>por proyectos relevantes y de impacto en lo referente a la\u00a0<strong>acci\u00f3n clim\u00e1tica<\/strong>, implementados por el Gobierno dominicano y el sector privado con\u00a0<strong>financiamiento del Grupo BID<\/strong>, es decir, Banco Interamericano de Desarrollo (BID), BID Invest y BID Lab.<\/p>\n\n\n\n<p>La delegaci\u00f3n estuvo conociendo una selecci\u00f3n de&nbsp;<strong>proyectos<\/strong>&nbsp;que forman parte de una&nbsp;<strong>ambiciosa agenda<\/strong>&nbsp;de reformas e&nbsp;<strong>inversiones p\u00fablicas y privadas<\/strong>&nbsp;para mitigar y adaptarse a los&nbsp;<strong>efectos del cambio clim\u00e1tico en el pa\u00eds<\/strong>, abordando aspectos de transici\u00f3n de la matriz energ\u00e9tica, econom\u00eda circular, infraestructura resiliente, gesti\u00f3n de residuos s\u00f3lidos, regeneraci\u00f3n urbana y electromovilidad.<\/p>\n\n\n\n<p>Visitaron el&nbsp;<strong>vertedero Duquesa<\/strong>, donde el Ministerio de Medio Ambiente y Recursos Naturales interviene con el apoyo del BID junto con la&nbsp;<strong>cooperaci\u00f3n de Jap\u00f3n y de Espa\u00f1a,<\/strong>&nbsp;en el prop\u00f3sito de transformar esta zona en un \u00e1rea p\u00fablica que ofrezca espacios de&nbsp;<strong>recreaci\u00f3n<\/strong>&nbsp;y facilidades para practicar&nbsp;<strong>deportes<\/strong>, mientras convierte&nbsp;<strong>los gases de efecto invernadero en energ\u00eda limpia<\/strong>. De esta manera se est\u00e1 trabajando el&nbsp;<strong>cierre definitivo<\/strong>&nbsp;de uno de los vertederos a cielo abierto m\u00e1s grandes en el mundo, para beneficiar a m\u00e1s de 3 millones de habitantes en el Gran Santo Domingo.<\/p>\n\n\n\n<p>Conocieron iniciativas de&nbsp;<strong>infraestructura resiliente<\/strong>&nbsp;realizadas por el Ministerio de Obras P\u00fablicas y Comunicaciones&nbsp;<strong>(MOPC)<\/strong>, incluyendo el uso de la tecnolog\u00eda<strong>&nbsp;\u201cBlue Spot Analysis\u201d<\/strong>, la primera en la regi\u00f3n, que prioriza la inversi\u00f3n p\u00fablica en carreteras y puentes en funci\u00f3n de su&nbsp;<strong>vulnerabilidad clim\u00e1tica.<\/strong><\/p>\n\n\n\n<p>Tambi\u00e9n apreciaron los avances del programa de&nbsp;<strong>Desarrollo Tur\u00edstico y Urbano de la Ciudad Colonial&nbsp;<\/strong>ejecutado por el Ministerio de Turismo con el financiamiento del BID y la&nbsp;<strong>Uni\u00f3n Europea<\/strong>, que incluye el remozamiento de museos, la gesti\u00f3n de residuos s\u00f3lidos, medidas para adaptar las calles, parques y plazas al cambio clim\u00e1tico reduciendo el riesgo de inundaciones y la aplicaci\u00f3n de tecnolog\u00edas que mejoren la eficiencia en el uso de la energ\u00eda y el agua en los hogares de este espacio urbano.<\/p>\n\n\n\n<p>Otro proyecto en la agenda fue&nbsp;<strong>Green Project<\/strong>, que desarrolla el&nbsp;<strong>Consorcio Energ\u00e9tico Punta Cana-Macao<\/strong>&nbsp;con apoyo del BID Invest, para la diversificaci\u00f3n de la matriz de generaci\u00f3n energ\u00e9tica con la construcci\u00f3n del&nbsp;<strong>primer sistema de almacenamiento masivo de energ\u00eda mediante bater\u00edas&nbsp;<\/strong>con una capacidad de 50 MW y el desarrollo de la&nbsp;<strong>primera estaci\u00f3n comercial de carga de veh\u00edculos el\u00e9ctricos<\/strong>&nbsp;en el pa\u00eds.<\/p>\n\n\n\n<p>As\u00ed mismo, visitaron el modelo en&nbsp;<strong>econom\u00eda circular&nbsp;<\/strong>implementado por la&nbsp;<strong>Fundaci\u00f3n Grupo Punta Cana<\/strong>, apalancado por el BID Lab, mediante el cual se reutilizan los&nbsp;<strong>residuos org\u00e1nicos<\/strong>&nbsp;de los hoteles para la producci\u00f3n de&nbsp;<strong>biog\u00e1s<\/strong>, lo que resulta en una reducci\u00f3n de 88 % de la basura destinadas a vertederos y un 30 % de los residuos de cocina.<\/p>\n\n\n\n<p>Finalmente, conocieron el escalamiento logrado en el&nbsp;<strong>programa E-Delivery<\/strong>&nbsp;ejecutado por&nbsp;<strong>Nature Power Foundation<\/strong>&nbsp;con BID Lab y otros socios, que incide en el aumento de&nbsp;<strong>electromovilidad<\/strong>&nbsp;mediante el uso veh\u00edculos el\u00e9ctricos en los servicios de entrega a domicilio.<\/p>\n\n\n\n<p>En el recorrido participaron representantes del viceministerio de Cr\u00e9dito P\u00fablico del Ministerio de Hacienda, los directores ejecutivos del Grupo BID, as\u00ed como el vicepresidente ejecutivo del BID.<\/p>\n\n\n\n<p>Estos programas y proyectos buscan impulsar el crecimiento econ\u00f3mico y el desarrollo productivo, con base en la acci\u00f3n clim\u00e1tica, previniendo y\/o disminuyendo los&nbsp;<strong>da\u00f1os y las p\u00e9rdidas causados por eventos clim\u00e1ticos<\/strong>, llevando&nbsp;<strong>soluciones innovadoras<\/strong>&nbsp;a las necesidades y desaf\u00edos que presenta la Rep\u00fablica Dominicana.<\/p>\n\n\n\n<p>Fuente: Direcci\u00f3n de Estrategia y Comunicaci\u00f3n<\/p>\n\n\n\n<p>Ministerio Administrativo de la Presidencia de la Rep\u00fablica Dominicana<\/p>\n","protected":false},"excerpt":{"rendered":"<p>diariodominicano.com Santo Domingo, R. D., 25 de marzo, 2024.-\u00a0El Ministerio de Hacienda\u00a0recibi\u00f3 una delegaci\u00f3n de\u00a0directores ejecutivos del Grupo BID, con quienes realiz\u00f3 un\u00a0recorrido\u00a0por proyectos relevantes y de impacto en lo referente a la\u00a0acci\u00f3n clim\u00e1tica, implementados por el Gobierno dominicano y el sector privado con\u00a0financiamiento del Grupo BID, es decir, Banco Interamericano de Desarrollo (BID), BID [&hellip;]<\/p>\n","protected":false},"author":5,"featured_media":518200,"comment_status":"closed","ping_status":"","sticky":true,"template":"","format":"standard","meta":{"footnotes":""},"categories":[20,27],"tags":[],"class_list":["post-518199","post","type-post","status-publish","format-standard","has-post-thumbnail","hentry","category-dominicana-hoy","category-portada"],"_links":{"self":[{"href":"https:\/\/diariodominicano.com\/index.php?rest_route=\/wp\/v2\/posts\/518199","targetHints":{"allow":["GET"]}}],"collection":[{"href":"https:\/\/diariodominicano.com\/index.php?rest_route=\/wp\/v2\/posts"}],"about":[{"href":"https:\/\/diariodominicano.com\/index.php?rest_route=\/wp\/v2\/types\/post"}],"author":[{"embeddable":true,"href":"https:\/\/diariodominicano.com\/index.php?rest_route=\/wp\/v2\/users\/5"}],"replies":[{"embeddable":true,"href":"https:\/\/diariodominicano.com\/index.php?rest_route=%2Fwp%2Fv2%2Fcomments&post=518199"}],"version-history":[{"count":1,"href":"https:\/\/diariodominicano.com\/index.php?rest_route=\/wp\/v2\/posts\/518199\/revisions"}],"predecessor-version":[{"id":518201,"href":"https:\/\/diariodominicano.com\/index.php?rest_route=\/wp\/v2\/posts\/518199\/revisions\/518201"}],"wp:featuredmedia":[{"embeddable":true,"href":"https:\/\/diariodominicano.com\/index.php?rest_route=\/wp\/v2\/media\/518200"}],"wp:attachment":[{"href":"https:\/\/diariodominicano.com\/index.php?rest_route=%2Fwp%2Fv2%2Fmedia&parent=518199"}],"wp:term":[{"taxonomy":"category","embeddable":true,"href":"https:\/\/diariodominicano.com\/index.php?rest_route=%2Fwp%2Fv2%2Fcategories&post=518199"},{"taxonomy":"post_tag","embeddable":true,"href":"https:\/\/diariodominicano.com\/index.php?rest_route=%2Fwp%2Fv2%2Ftags&post=518199"}],"curies":[{"name":"wp","href":"https:\/\/api.w.org\/{rel}","templated":true}]}}